{"id":10072,"date":"2020-04-22T12:13:45","date_gmt":"2020-04-22T15:13:45","guid":{"rendered":"https:\/\/dioceseteixeiradefreitas.com.br\/?p=10072"},"modified":"2020-04-22T12:13:45","modified_gmt":"2020-04-22T15:13:45","slug":"papa-francisco-adia-por-um-ano-jmj-de-portugal-e-encontro-mundial-das-familias","status":"publish","type":"post","link":"https:\/\/dioceseteixeiradefreitas.com.br\/?p=10072","title":{"rendered":"Papa Francisco adia por um ano JMJ de Portugal e Encontro Mundial das Fam\u00edlias"},"content":{"rendered":"<figure style=\"width: 1200px\" class=\"wp-caption alignnone\"><img loading=\"lazy\" decoding=\"async\" src=\"https:\/\/www.cnbb.org.br\/wp-content\/uploads\/sites\/32\/2020\/04\/Jovens-portugueses-1-e1587405808543-1200x762_c.jpeg\" alt=\"Papa Francisco adia por um ano JMJ de Portugal e Encontro Mundial das Fam\u00edlias\" width=\"1200\" height=\"762\" \/><figcaption class=\"wp-caption-text\">Jovens segurando a Bandeira de Portugal &#8211; Foto: CNBB\/Reprodu\u00e7\u00e3o<\/figcaption><\/figure>\n<p>A pandemia do coronav\u00edrus que atingiu o mundo todo fez com que os organizadores de dois dos pr\u00f3ximos grandes eventos da Igreja com a presen\u00e7a do Papa Francisco reformulassem os seus planos.<\/p>\n<p class=\"article__title\">Um comunicado da Sala de Imprensa da Santa S\u00e9 divulgado nesta segunda-feira, 20 de abril, explica que \u201cdevido \u00e0 atual situa\u00e7\u00e3o sanit\u00e1ria e \u00e0s suas consequ\u00eancias sobre a desloca\u00e7\u00e3o e agrega\u00e7\u00e3o de jovens e fam\u00edlias, o Santo Padre, junto com o Dicast\u00e9rio para os Leigos, a Fam\u00edlia e a Vida, decidiu adiar por um ano o pr\u00f3ximo Encontro Mundial das Fam\u00edlias, previsto para se realizar em Roma, em junho de 2021, e a pr\u00f3xima Jornada Mundial da Juventude, prevista para Lisboa, em agosto de 2022.<\/p>\n<p class=\"article__title\">Portanto, o Encontro Mundial das Fam\u00edlias em Roma ir\u00e1 se realizar em junho de 2022, e a Jornada Mundial da Juventude em Lisboa, em agosto de 2023.<\/p>\n<p><em>Com informa\u00e7\u00f5es e foto do Vatican News<\/em><\/p>\n","protected":false},"excerpt":{"rendered":"<p>A pandemia do coronav\u00edrus que atingiu o mundo todo fez com que os organizadores de dois dos pr\u00f3ximos grandes eventos da Igreja com a presen\u00e7a do Papa Francisco reformulassem os seus planos. Um comunicado da Sala de Imprensa da Santa S\u00e9 divulgado nesta segunda-feira, 20 de abril, explica que \u201cdevido \u00e0 atual situa\u00e7\u00e3o sanit\u00e1ria e &hellip;<\/p>\n","protected":false},"author":1,"featured_media":10073,"comment_status":"closed","ping_status":"closed","sticky":false,"template":"","format":"standard","meta":{"footnotes":""},"categories":[104],"tags":[512,513,510,514,511],"class_list":["post-10072","post","type-post","status-publish","format-standard","has-post-thumbnail","hentry","category-noticias-da-cnbb","tag-adiamento","tag-encontro-mundial-das-familias","tag-jmj","tag-jmj-2022","tag-pandemia"],"_links":{"self":[{"href":"https:\/\/dioceseteixeiradefreitas.com.br\/index.php?rest_route=\/wp\/v2\/posts\/10072","targetHints":{"allow":["GET"]}}],"collection":[{"href":"https:\/\/dioceseteixeiradefreitas.com.br\/index.php?rest_route=\/wp\/v2\/posts"}],"about":[{"href":"https:\/\/dioceseteixeiradefreitas.com.br\/index.php?rest_route=\/wp\/v2\/types\/post"}],"author":[{"embeddable":true,"href":"https:\/\/dioceseteixeiradefreitas.com.br\/index.php?rest_route=\/wp\/v2\/users\/1"}],"replies":[{"embeddable":true,"href":"https:\/\/dioceseteixeiradefreitas.com.br\/index.php?rest_route=%2Fwp%2Fv2%2Fcomments&post=10072"}],"version-history":[{"count":1,"href":"https:\/\/dioceseteixeiradefreitas.com.br\/index.php?rest_route=\/wp\/v2\/posts\/10072\/revisions"}],"predecessor-version":[{"id":10074,"href":"https:\/\/dioceseteixeiradefreitas.com.br\/index.php?rest_route=\/wp\/v2\/posts\/10072\/revisions\/10074"}],"wp:featuredmedia":[{"embeddable":true,"href":"https:\/\/dioceseteixeiradefreitas.com.br\/index.php?rest_route=\/wp\/v2\/media\/10073"}],"wp:attachment":[{"href":"https:\/\/dioceseteixeiradefreitas.com.br\/index.php?rest_route=%2Fwp%2Fv2%2Fmedia&parent=10072"}],"wp:term":[{"taxonomy":"category","embeddable":true,"href":"https:\/\/dioceseteixeiradefreitas.com.br\/index.php?rest_route=%2Fwp%2Fv2%2Fcategories&post=10072"},{"taxonomy":"post_tag","embeddable":true,"href":"https:\/\/dioceseteixeiradefreitas.com.br\/index.php?rest_route=%2Fwp%2Fv2%2Ftags&post=10072"}],"curies":[{"name":"wp","href":"https:\/\/api.w.org\/{rel}","templated":true}]}}