{"id":10091,"date":"2020-04-25T13:05:59","date_gmt":"2020-04-25T16:05:59","guid":{"rendered":"https:\/\/dioceseteixeiradefreitas.com.br\/?p=10091"},"modified":"2020-04-25T13:33:38","modified_gmt":"2020-04-25T16:33:38","slug":"papa-envia-carta-aos-fieis-pedindo-para-intensificarem-a-reza-do-terco-no-mes-de-maio","status":"publish","type":"post","link":"https:\/\/dioceseteixeiradefreitas.com.br\/?p=10091","title":{"rendered":"Papa envia carta aos fi\u00e9is pedindo para intensificarem a reza do Ter\u00e7o no m\u00eas de maio"},"content":{"rendered":"<figure id=\"attachment_10092\" aria-describedby=\"caption-attachment-10092\" style=\"width: 1280px\" class=\"wp-caption aligncenter\"><img loading=\"lazy\" decoding=\"async\" class=\"wp-image-10092 size-full\" src=\"https:\/\/dioceseteixeiradefreitas.com.br\/wp-content\/uploads\/2020\/04\/cq5dam.thumbnail.cropped.1500.844.jpeg\" alt=\"\" width=\"1280\" height=\"844\" srcset=\"https:\/\/dioceseteixeiradefreitas.com.br\/wp-content\/uploads\/2020\/04\/cq5dam.thumbnail.cropped.1500.844.jpeg 1280w, https:\/\/dioceseteixeiradefreitas.com.br\/wp-content\/uploads\/2020\/04\/cq5dam.thumbnail.cropped.1500.844-600x396.jpeg 600w, https:\/\/dioceseteixeiradefreitas.com.br\/wp-content\/uploads\/2020\/04\/cq5dam.thumbnail.cropped.1500.844-300x198.jpeg 300w, https:\/\/dioceseteixeiradefreitas.com.br\/wp-content\/uploads\/2020\/04\/cq5dam.thumbnail.cropped.1500.844-1024x675.jpeg 1024w, https:\/\/dioceseteixeiradefreitas.com.br\/wp-content\/uploads\/2020\/04\/cq5dam.thumbnail.cropped.1500.844-768x506.jpeg 768w\" sizes=\"auto, (max-width: 1280px) 100vw, 1280px\" \/><figcaption id=\"caption-attachment-10092\" class=\"wp-caption-text\">Papa rezando o Ter\u00e7o &#8211; Foto: VATICANNEWS.VA\/Reprodu\u00e7\u00e3o<\/figcaption><\/figure>\n<p>O Papa Francisco emitiu uma carta neste s\u00e1bado (25), a todos os fi\u00e9is do mundo, pedindo que intensifiquem a reza do Ter\u00e7o em fam\u00edlia ou individualmente no m\u00eas mariano.<\/p>\n<blockquote><p>&#8220;<em><strong>Pensei em propor a todos que voltem a descobrir a beleza de rezar o Ter\u00e7o em casa, no m\u00eas de maio. Podeis faz\u00ea-lo juntos ou individualmente: decidi v\u00f3s de acordo com as situa\u00e7\u00f5es, valorizando ambas as possibilidades. Seja como for, h\u00e1 um segredo para bem o fazer: a simplicidade&#8230;<\/strong><\/em>&#8221; diz o Papa.<\/p><\/blockquote>\n<p>O Santo Padre oferece ainda duas ora\u00e7\u00f5es a serem rezadas no final do Ter\u00e7o durante o m\u00eas de maio e pede que os f\u00e9is possam unir \u00e0 Ele espiritualmente.&#8221;<em><strong>Eu mesmo as rezarei no M\u00eas de Maio, unido espiritualmente convosco&#8230; Eu rezarei por v\u00f3s, especialmente pelos que mais sofrem, e v\u00f3s, por favor, rezai por mim<\/strong><\/em>&#8220;, pediu Francisco.<\/p>\n<p>[su_note note_color=&#8221;#f3b418&#8243; text_color=&#8221;#ffffff&#8221;]Confira as ora\u00e7\u00f5es propostas pelo Papa Francisco:[\/su_note]<\/p>\n<p><strong>Ora\u00e7\u00e3o a Maria (I)<\/strong><br \/>\n\u00d3 Maria,<br \/>\nV\u00f3s sempre resplandeceis sobre o nosso caminho<br \/>\ncomo um sinal de salva\u00e7\u00e3o e de esperan\u00e7a.<br \/>\nConfiamo-nos a V\u00f3s, Sa\u00fade dos Enfermos,<br \/>\nque permanecestes, junto da cruz, associada ao sofrimento de Jesus,<br \/>\nmantendo firme a vossa f\u00e9.<br \/>\nV\u00f3s, Salva\u00e7\u00e3o do Povo Romano,<br \/>\nsabeis do que precisamos<br \/>\ne temos a certeza de que no-lo providenciareis<br \/>\npara que, como em Can\u00e1 da Galileia,<br \/>\npossa voltar a alegria e a festa<br \/>\ndepois desta prova\u00e7\u00e3o.<br \/>\nAjudai-nos, M\u00e3e do Divino Amor,<br \/>\na conformar-nos com a vontade do Pai<br \/>\ne a fazer aquilo que nos disser Jesus,<br \/>\nque assumiu sobre Si as nossas enfermidades<br \/>\ne carregou as nossas dores<br \/>\npara nos levar, atrav\u00e9s da cruz,<br \/>\n\u00e0 alegria da ressurrei\u00e7\u00e3o. Am\u00e9m<br \/>\n\u00c0 vossa prote\u00e7\u00e3o, recorremos, Santa M\u00e3e de Deus;<br \/>\nn\u00e3o desprezeis as nossas s\u00faplicas na hora da prova<br \/>\nmas livrai-nos de todos os perigos, \u00f3 Virgem gloriosa e bendita.<\/p>\n<p><strong>Ora\u00e7\u00e3o a Maria (II)<\/strong><br \/>\n\u00ab\u00c0 vossa prote\u00e7\u00e3o, recorremos, Santa M\u00e3e de Deus\u00bb.<br \/>\nNa dram\u00e1tica situa\u00e7\u00e3o atual, carregada de sofrimentos e ang\u00fastias que oprimem o mundo inteiro,<br \/>\nrecorremos a V\u00f3s, M\u00e3e de Deus e nossa M\u00e3e, refugiando-nos sob a vossa prote\u00e7\u00e3o.<\/p>\n<p>\u00d3 Virgem Maria, volvei para n\u00f3s os vossos olhos misericordiosos nesta pandemia do coronav\u00edrus<br \/>\ne confortai a quantos se sentem perdidos e choram pelos seus familiares mortos e, por vezes,<br \/>\nsepultados duma maneira que fere a alma. Sustentai aqueles que est\u00e3o angustiados por pessoas<br \/>\nenfermas de quem n\u00e3o se podem aproximar, para impedir o cont\u00e1gio. Infundi confian\u00e7a em quem<br \/>\nvive ansioso com o futuro incerto e as consequ\u00eancias sobre a economia e o trabalho.<\/p>\n<p>M\u00e3e de Deus e nossa M\u00e3e, alcan\u00e7ai-nos de Deus, Pai de miseric\u00f3rdia, que esta dura prova<br \/>\ntermine e volte um horizonte de esperan\u00e7a e paz. Como em Can\u00e1, intervinde junto do vosso<br \/>\nDivino Filho, pedindo-Lhe que conforte as fam\u00edlias dos doentes e das v\u00edtimas e abra o seu<br \/>\ncora\u00e7\u00e3o \u00e0 confian\u00e7a.<\/p>\n<p>Protegei os m\u00e9dicos, os enfermeiros, os agentes de sa\u00fade, os volunt\u00e1rios que, neste per\u00edodo de<br \/>\nemerg\u00eancia, est\u00e3o na vanguarda arriscando a pr\u00f3pria vida para salvar outras vidas. Acompanhai<br \/>\na sua fadiga heroica e dai-lhes for\u00e7a, bondade e sa\u00fade.<\/p>\n<p>Permanecei junto daqueles que assistem noite e dia os doentes, e dos sacerdotes que procuram<br \/>\najudar e apoiar a todos, com solicitude pastoral e dedica\u00e7\u00e3o evang\u00e9lica.<\/p>\n<p>Virgem Santa, iluminai as mentes dos homens e mulheres de ci\u00eancia, a fim de encontrarem as<br \/>\nsolu\u00e7\u00f5es justas para vencer este v\u00edrus.<\/p>\n<p>Assisti os Respons\u00e1veis das na\u00e7\u00f5es, para que atuem com sabedoria, solicitude e generosidade,<br \/>\nsocorrendo aqueles que n\u00e3o t\u00eam o necess\u00e1rio para viver, programando solu\u00e7\u00f5es sociais e<br \/>\necon\u00f4micas com clarivid\u00eancia e esp\u00edrito de solidariedade.<\/p>\n<p>Maria Sant\u00edssima tocai as consci\u00eancias para que as somas enormes usadas para aumentar e<br \/>\naperfei\u00e7oar os armamentos sejam, antes, destinadas a promover estudos adequados para<br \/>\nprevenir cat\u00e1strofes do g\u00eanero no futuro.<\/p>\n<p>M\u00e3e amad\u00edssima, fazei crescer no mundo o sentido de perten\u00e7a a uma \u00fanica grande fam\u00edlia, na<br \/>\ncerteza do v\u00ednculo que une a todos, para acudirmos, com esp\u00edrito fraterno e solid\u00e1rio, a tanta<br \/>\npobreza e in\u00fameras situa\u00e7\u00f5es de mis\u00e9ria. Encorajai a firmeza na f\u00e9, a perseveran\u00e7a no servi\u00e7o, a<br \/>\nconst\u00e2ncia na ora\u00e7\u00e3o.<\/p>\n<p>\u00d3 Maria, Consoladora dos aflitos, abra\u00e7ai todos os vossos filhos atribulados e alcan\u00e7ai-nos a<br \/>\ngra\u00e7a que Deus intervenha com a sua m\u00e3o omnipotente para nos libertar desta terr\u00edvel epidemia,<br \/>\nde modo que a vida possa retomar com serenidade o seu curso normal.<\/p>\n<p style=\"text-align: left;\">Confiamo-nos a V\u00f3s, que resplandeceis sobre o nosso caminho como sinal de salva\u00e7\u00e3o e de esperan\u00e7a, \u00f3 clemente, \u00f3 piedosa, \u00f3 doce Virgem Maria. Am\u00e9m.<\/p>\n<p style=\"text-align: center;\"><strong><a href=\"https:\/\/dioceseteixeiradefreitas.com.br\/wp-content\/uploads\/2020\/04\/Carta-do-Papa-Francisco-para-o-mA\u0303\u00aas-de-maio.pdf\" target=\"_blank\" rel=\"noopener noreferrer\">Veja o teor da Carta<\/a><\/strong><\/p>\n","protected":false},"excerpt":{"rendered":"<p>O Papa Francisco emitiu uma carta neste s\u00e1bado (25), a todos os fi\u00e9is do mundo, pedindo que intensifiquem a reza do Ter\u00e7o em fam\u00edlia ou individualmente no m\u00eas mariano. &#8220;Pensei em propor a todos que voltem a descobrir a beleza de rezar o Ter\u00e7o em casa, no m\u00eas de maio. Podeis faz\u00ea-lo juntos ou individualmente: &hellip;<\/p>\n","protected":false},"author":1,"featured_media":10092,"comment_status":"closed","ping_status":"closed","sticky":false,"template":"","format":"standard","meta":{"footnotes":""},"categories":[103],"tags":[518,519,71,517],"class_list":["post-10091","post","type-post","status-publish","format-standard","has-post-thumbnail","hentry","category-noticias-do-vaticano","tag-mes-mariano","tag-oracoes-a-virgem-maria","tag-papa-francisco","tag-reza"],"_links":{"self":[{"href":"https:\/\/dioceseteixeiradefreitas.com.br\/index.php?rest_route=\/wp\/v2\/posts\/10091","targetHints":{"allow":["GET"]}}],"collection":[{"href":"https:\/\/dioceseteixeiradefreitas.com.br\/index.php?rest_route=\/wp\/v2\/posts"}],"about":[{"href":"https:\/\/dioceseteixeiradefreitas.com.br\/index.php?rest_route=\/wp\/v2\/types\/post"}],"author":[{"embeddable":true,"href":"https:\/\/dioceseteixeiradefreitas.com.br\/index.php?rest_route=\/wp\/v2\/users\/1"}],"replies":[{"embeddable":true,"href":"https:\/\/dioceseteixeiradefreitas.com.br\/index.php?rest_route=%2Fwp%2Fv2%2Fcomments&post=10091"}],"version-history":[{"count":5,"href":"https:\/\/dioceseteixeiradefreitas.com.br\/index.php?rest_route=\/wp\/v2\/posts\/10091\/revisions"}],"predecessor-version":[{"id":10098,"href":"https:\/\/dioceseteixeiradefreitas.com.br\/index.php?rest_route=\/wp\/v2\/posts\/10091\/revisions\/10098"}],"wp:featuredmedia":[{"embeddable":true,"href":"https:\/\/dioceseteixeiradefreitas.com.br\/index.php?rest_route=\/wp\/v2\/media\/10092"}],"wp:attachment":[{"href":"https:\/\/dioceseteixeiradefreitas.com.br\/index.php?rest_route=%2Fwp%2Fv2%2Fmedia&parent=10091"}],"wp:term":[{"taxonomy":"category","embeddable":true,"href":"https:\/\/dioceseteixeiradefreitas.com.br\/index.php?rest_route=%2Fwp%2Fv2%2Fcategories&post=10091"},{"taxonomy":"post_tag","embeddable":true,"href":"https:\/\/dioceseteixeiradefreitas.com.br\/index.php?rest_route=%2Fwp%2Fv2%2Ftags&post=10091"}],"curies":[{"name":"wp","href":"https:\/\/api.w.org\/{rel}","templated":true}]}}