{"id":10099,"date":"2020-04-28T11:24:59","date_gmt":"2020-04-28T14:24:59","guid":{"rendered":"https:\/\/dioceseteixeiradefreitas.com.br\/?p=10099"},"modified":"2020-04-28T11:24:59","modified_gmt":"2020-04-28T14:24:59","slug":"nota-pastoral-04-novas-normas-e-procedimentos-em-tempos-de-coronavirus","status":"publish","type":"post","link":"https:\/\/dioceseteixeiradefreitas.com.br\/?p=10099","title":{"rendered":"NOTA PASTORAL 04: Novas normas e procedimentos em tempos de Coronav\u00edrus"},"content":{"rendered":"<figure id=\"attachment_9821\" aria-describedby=\"caption-attachment-9821\" style=\"width: 689px\" class=\"wp-caption aligncenter\"><img loading=\"lazy\" decoding=\"async\" class=\"wp-image-9821\" src=\"https:\/\/dioceseteixeiradefreitas.com.br\/wp-content\/uploads\/2020\/03\/BRAS\u00c3O-CORONAV\u00cdRUS.jpg\" alt=\"\" width=\"689\" height=\"689\" srcset=\"https:\/\/dioceseteixeiradefreitas.com.br\/wp-content\/uploads\/2020\/03\/BRAS\u00c3O-CORONAV\u00cdRUS.jpg 768w, https:\/\/dioceseteixeiradefreitas.com.br\/wp-content\/uploads\/2020\/03\/BRAS\u00c3O-CORONAV\u00cdRUS-300x300.jpg 300w, https:\/\/dioceseteixeiradefreitas.com.br\/wp-content\/uploads\/2020\/03\/BRAS\u00c3O-CORONAV\u00cdRUS-100x100.jpg 100w, https:\/\/dioceseteixeiradefreitas.com.br\/wp-content\/uploads\/2020\/03\/BRAS\u00c3O-CORONAV\u00cdRUS-600x600.jpg 600w, https:\/\/dioceseteixeiradefreitas.com.br\/wp-content\/uploads\/2020\/03\/BRAS\u00c3O-CORONAV\u00cdRUS-150x150.jpg 150w\" sizes=\"auto, (max-width: 689px) 100vw, 689px\" \/><figcaption id=\"caption-attachment-9821\" class=\"wp-caption-text\">Diocese lan\u00e7a quarta Nota Pastoral \u2013 Imagem: PASCOM\/Divulga\u00e7\u00e3o<\/figcaption><\/figure>\n<p><strong>NOTA PASTORAL N.\u00ba 04 &#8211; NORMAS E PROCEDIMENTOS EM TEMPOS DE CORONAV\u00cdRUS (COVID-19) NA DIOCESE<\/strong><\/p>\n<p>O bispo diocesano, Dom Jailton de Oliveira Lino, por merc\u00ea de Deus e da Santa S\u00e9 Apost\u00f3lica, tendo presente \u00e0s \u00faltimas portarias das autoridades respons\u00e1veis pela sa\u00fade p\u00fablica a n\u00edvel Federal, Estadual e Municipal, que estabelecem normas \u00e0 respeito do funcionamento de igrejas, templos e afins neste per\u00edodo de pandemia, como pastor diante do momento em que vivemos, vem a p\u00fablico dar novas orienta\u00e7\u00f5es e determina\u00e7\u00f5es para serem seguidas no territ\u00f3rio da Diocese de Teixeira de Freitas\/Caravelas. As orienta\u00e7\u00f5es entram em vigor a partir do dia <strong>01 de maio de 2020<\/strong> e valem enquanto n\u00e3o for decidido em contr\u00e1rio pela autoridade competente.<\/p>\n<p>&nbsp;<\/p>\n<h3 style=\"text-align: center;\"><span class=\"cb-justified-justify\"><b>Confira a nota na \u00edntegra:<\/b><\/span><\/h3>\n<div class=\"XzvDs _208Ie tFDi5 blog-post-text-font blog-post-text-color _2QAo- _25MYV _6RI6N tFDi5\" style=\"text-align: center;\">\n<h2 class=\"XzvDs _208Ie tFDi5 blog-post-text-font blog-post-text-color _2QAo- _25MYV _6RI6N tFDi5\"><a href=\"https:\/\/dioceseteixeiradefreitas.com.br\/wp-content\/uploads\/2020\/04\/NOTA-PASTORAL-04-FLEXIBILIZA\u00c7\u00c3O.pdf\" target=\"_blank\" rel=\"noopener noreferrer\">Clique Aqui<\/a><\/h2>\n<\/div>\n<p style=\"text-align: center;\"><strong>As mudan\u00e7as devem ser cumpridas at\u00e9 segunda ordem.<\/strong><\/p>\n","protected":false},"excerpt":{"rendered":"<p>NOTA PASTORAL N.\u00ba 04 &#8211; NORMAS E PROCEDIMENTOS EM TEMPOS DE CORONAV\u00cdRUS (COVID-19) NA DIOCESE O bispo diocesano, Dom Jailton de Oliveira Lino, por merc\u00ea de Deus e da Santa S\u00e9 Apost\u00f3lica, tendo presente \u00e0s \u00faltimas portarias das autoridades respons\u00e1veis pela sa\u00fade p\u00fablica a n\u00edvel Federal, Estadual e Municipal, que estabelecem normas \u00e0 respeito do &hellip;<\/p>\n","protected":false},"author":1,"featured_media":9821,"comment_status":"closed","ping_status":"closed","sticky":false,"template":"","format":"standard","meta":{"footnotes":""},"categories":[51],"tags":[521,477,451,485,520],"class_list":["post-10099","post","type-post","status-publish","format-standard","has-post-thumbnail","hentry","category-notas","tag-bispo-diocesano","tag-coronavirus","tag-diocese-de-teixeira-de-freitas-caravelas","tag-nota-pastoral","tag-nota-pastoral-04"],"_links":{"self":[{"href":"https:\/\/dioceseteixeiradefreitas.com.br\/index.php?rest_route=\/wp\/v2\/posts\/10099","targetHints":{"allow":["GET"]}}],"collection":[{"href":"https:\/\/dioceseteixeiradefreitas.com.br\/index.php?rest_route=\/wp\/v2\/posts"}],"about":[{"href":"https:\/\/dioceseteixeiradefreitas.com.br\/index.php?rest_route=\/wp\/v2\/types\/post"}],"author":[{"embeddable":true,"href":"https:\/\/dioceseteixeiradefreitas.com.br\/index.php?rest_route=\/wp\/v2\/users\/1"}],"replies":[{"embeddable":true,"href":"https:\/\/dioceseteixeiradefreitas.com.br\/index.php?rest_route=%2Fwp%2Fv2%2Fcomments&post=10099"}],"version-history":[{"count":2,"href":"https:\/\/dioceseteixeiradefreitas.com.br\/index.php?rest_route=\/wp\/v2\/posts\/10099\/revisions"}],"predecessor-version":[{"id":10102,"href":"https:\/\/dioceseteixeiradefreitas.com.br\/index.php?rest_route=\/wp\/v2\/posts\/10099\/revisions\/10102"}],"wp:featuredmedia":[{"embeddable":true,"href":"https:\/\/dioceseteixeiradefreitas.com.br\/index.php?rest_route=\/wp\/v2\/media\/9821"}],"wp:attachment":[{"href":"https:\/\/dioceseteixeiradefreitas.com.br\/index.php?rest_route=%2Fwp%2Fv2%2Fmedia&parent=10099"}],"wp:term":[{"taxonomy":"category","embeddable":true,"href":"https:\/\/dioceseteixeiradefreitas.com.br\/index.php?rest_route=%2Fwp%2Fv2%2Fcategories&post=10099"},{"taxonomy":"post_tag","embeddable":true,"href":"https:\/\/dioceseteixeiradefreitas.com.br\/index.php?rest_route=%2Fwp%2Fv2%2Ftags&post=10099"}],"curies":[{"name":"wp","href":"https:\/\/api.w.org\/{rel}","templated":true}]}}