{"id":10255,"date":"2020-05-20T15:50:13","date_gmt":"2020-05-20T18:50:13","guid":{"rendered":"https:\/\/dioceseteixeiradefreitas.com.br\/?p=10255"},"modified":"2020-05-21T15:51:33","modified_gmt":"2020-05-21T18:51:33","slug":"pe-ricardo-menezes-realizara-formacao-para-agentes-da-pascom-sobre-o-tema-do-54o-dia-mundial-das-comunicacoes-sociais","status":"publish","type":"post","link":"https:\/\/dioceseteixeiradefreitas.com.br\/?p=10255","title":{"rendered":"Pe. Ricardo Menezes realizar\u00e1 forma\u00e7\u00e3o para agentes da Pascom sobre o tema do 54\u00ba Dia Mundial das Comunica\u00e7\u00f5es Sociais"},"content":{"rendered":"<figure id=\"attachment_10256\" aria-describedby=\"caption-attachment-10256\" style=\"width: 593px\" class=\"wp-caption aligncenter\"><img loading=\"lazy\" decoding=\"async\" class=\"wp-image-10256 size-full\" src=\"https:\/\/dioceseteixeiradefreitas.com.br\/wp-content\/uploads\/2020\/05\/Forma\u00e7\u00e3o-diocesana-1.png\" alt=\"\" width=\"593\" height=\"593\" srcset=\"https:\/\/dioceseteixeiradefreitas.com.br\/wp-content\/uploads\/2020\/05\/Forma\u00e7\u00e3o-diocesana-1.png 593w, https:\/\/dioceseteixeiradefreitas.com.br\/wp-content\/uploads\/2020\/05\/Forma\u00e7\u00e3o-diocesana-1-300x300.png 300w, https:\/\/dioceseteixeiradefreitas.com.br\/wp-content\/uploads\/2020\/05\/Forma\u00e7\u00e3o-diocesana-1-100x100.png 100w, https:\/\/dioceseteixeiradefreitas.com.br\/wp-content\/uploads\/2020\/05\/Forma\u00e7\u00e3o-diocesana-1-150x150.png 150w\" sizes=\"auto, (max-width: 593px) 100vw, 593px\" \/><figcaption id=\"caption-attachment-10256\" class=\"wp-caption-text\">Cartaz de divulga\u00e7\u00e3o do Encontro &#8211; Imagem: PASCOM\/Divulga\u00e7\u00e3o<\/figcaption><\/figure>\n<p>O Assessor diocesano da Pastoral da Comunica\u00e7\u00e3o, Pe. Ricardo Menezes, realizar\u00e1 um momento de forma\u00e7\u00e3o com os agentes da Pastoral da Comunica\u00e7\u00e3o &#8211; PASCOM da Diocese de Teixeira de Freitas\/Caravelas, neste s\u00e1bado, dia 23 de maio, das 15h \u00e0s 16h. Na ocasi\u00e3o, al\u00e9m de promover um encontro entre os agentes, Pe. Ricardo far\u00e1 uma reflex\u00e3o do tema central da carta do Papa Francisco para o 54\u00ba Dia Mundial das Comunica\u00e7\u00f5es Sociais: &#8220;<b><i>Para que possas contar e fixar na mem\u00f3ria\u2019 (<\/i>Ex<i>\u00a010, 2). A vida faz-se hist\u00f3ria\u201d<\/i><\/b>.<\/p>\n<p>A forma\u00e7\u00e3o acontecer\u00e1 pelo canal do YouTube da Diocese. Assim, \u00e9 necess\u00e1rio prestar aten\u00e7\u00e3o ao seguinte: o(a) interessado(a) deve preencher a ficha de inscri\u00e7\u00e3o dispon\u00edvel aqui: <strong><a href=\"https:\/\/forms.gle\/eQWLYQHt99C7hByC6\">Formul\u00e1rio de Inscri\u00e7\u00e3o<\/a><\/strong><\/p>\n<p>As inscri\u00e7\u00f5es s\u00e3o gratuitas e ser\u00e3o encerradas \u00e0s 12h do dia 23 de maio (mesmo dia da forma\u00e7\u00e3o). Por volta das 13h \u00e0s inscri\u00e7\u00f5es ser\u00e3o confirmadas e o inscrito receber\u00e1 um e-mail com o link de acesso \u00e0 sala da videoconfer\u00eancia.<\/p>\n","protected":false},"excerpt":{"rendered":"<p>O Assessor diocesano da Pastoral da Comunica\u00e7\u00e3o, Pe. Ricardo Menezes, realizar\u00e1 um momento de forma\u00e7\u00e3o com os agentes da Pastoral da Comunica\u00e7\u00e3o &#8211; PASCOM da Diocese de Teixeira de Freitas\/Caravelas, neste s\u00e1bado, dia 23 de maio, das 15h \u00e0s 16h. Na ocasi\u00e3o, al\u00e9m de promover um encontro entre os agentes, Pe. Ricardo far\u00e1 uma reflex\u00e3o &hellip;<\/p>\n","protected":false},"author":1,"featured_media":10256,"comment_status":"closed","ping_status":"closed","sticky":false,"template":"","format":"standard","meta":{"footnotes":""},"categories":[100],"tags":[545,71,434,321],"class_list":["post-10255","post","type-post","status-publish","format-standard","has-post-thumbnail","hentry","category-noticias-diocesanas","tag-formacao-diocesana-da-pascom","tag-papa-francisco","tag-pascom-diocesana","tag-pe-ricardo-menezes"],"_links":{"self":[{"href":"https:\/\/dioceseteixeiradefreitas.com.br\/index.php?rest_route=\/wp\/v2\/posts\/10255","targetHints":{"allow":["GET"]}}],"collection":[{"href":"https:\/\/dioceseteixeiradefreitas.com.br\/index.php?rest_route=\/wp\/v2\/posts"}],"about":[{"href":"https:\/\/dioceseteixeiradefreitas.com.br\/index.php?rest_route=\/wp\/v2\/types\/post"}],"author":[{"embeddable":true,"href":"https:\/\/dioceseteixeiradefreitas.com.br\/index.php?rest_route=\/wp\/v2\/users\/1"}],"replies":[{"embeddable":true,"href":"https:\/\/dioceseteixeiradefreitas.com.br\/index.php?rest_route=%2Fwp%2Fv2%2Fcomments&post=10255"}],"version-history":[{"count":2,"href":"https:\/\/dioceseteixeiradefreitas.com.br\/index.php?rest_route=\/wp\/v2\/posts\/10255\/revisions"}],"predecessor-version":[{"id":10258,"href":"https:\/\/dioceseteixeiradefreitas.com.br\/index.php?rest_route=\/wp\/v2\/posts\/10255\/revisions\/10258"}],"wp:featuredmedia":[{"embeddable":true,"href":"https:\/\/dioceseteixeiradefreitas.com.br\/index.php?rest_route=\/wp\/v2\/media\/10256"}],"wp:attachment":[{"href":"https:\/\/dioceseteixeiradefreitas.com.br\/index.php?rest_route=%2Fwp%2Fv2%2Fmedia&parent=10255"}],"wp:term":[{"taxonomy":"category","embeddable":true,"href":"https:\/\/dioceseteixeiradefreitas.com.br\/index.php?rest_route=%2Fwp%2Fv2%2Fcategories&post=10255"},{"taxonomy":"post_tag","embeddable":true,"href":"https:\/\/dioceseteixeiradefreitas.com.br\/index.php?rest_route=%2Fwp%2Fv2%2Ftags&post=10255"}],"curies":[{"name":"wp","href":"https:\/\/api.w.org\/{rel}","templated":true}]}}