{"id":10331,"date":"2020-06-03T09:37:19","date_gmt":"2020-06-03T12:37:19","guid":{"rendered":"https:\/\/dioceseteixeiradefreitas.com.br\/?p=10331"},"modified":"2020-06-03T09:38:28","modified_gmt":"2020-06-03T12:38:28","slug":"ii-semana-eucaristica-na-diocese-saiba-como-participar","status":"publish","type":"post","link":"https:\/\/dioceseteixeiradefreitas.com.br\/?p=10331","title":{"rendered":"II Semana Eucar\u00edstica na Diocese. Saiba como participar!"},"content":{"rendered":"<figure id=\"attachment_10332\" aria-describedby=\"caption-attachment-10332\" style=\"width: 716px\" class=\"wp-caption aligncenter\"><img loading=\"lazy\" decoding=\"async\" class=\"wp-image-10332\" src=\"https:\/\/dioceseteixeiradefreitas.com.br\/wp-content\/uploads\/2020\/06\/semana-eucaristica.jpg\" alt=\"\" width=\"716\" height=\"716\" srcset=\"https:\/\/dioceseteixeiradefreitas.com.br\/wp-content\/uploads\/2020\/06\/semana-eucaristica.jpg 1280w, https:\/\/dioceseteixeiradefreitas.com.br\/wp-content\/uploads\/2020\/06\/semana-eucaristica-300x300.jpg 300w, https:\/\/dioceseteixeiradefreitas.com.br\/wp-content\/uploads\/2020\/06\/semana-eucaristica-100x100.jpg 100w, https:\/\/dioceseteixeiradefreitas.com.br\/wp-content\/uploads\/2020\/06\/semana-eucaristica-600x600.jpg 600w, https:\/\/dioceseteixeiradefreitas.com.br\/wp-content\/uploads\/2020\/06\/semana-eucaristica-1024x1024.jpg 1024w, https:\/\/dioceseteixeiradefreitas.com.br\/wp-content\/uploads\/2020\/06\/semana-eucaristica-150x150.jpg 150w, https:\/\/dioceseteixeiradefreitas.com.br\/wp-content\/uploads\/2020\/06\/semana-eucaristica-768x768.jpg 768w\" sizes=\"auto, (max-width: 716px) 100vw, 716px\" \/><figcaption id=\"caption-attachment-10332\" class=\"wp-caption-text\">Cartaz da II Semana Eucar\u00edstica Diocesana \u2013 Imagem: PASCOM\/Divulga\u00e7\u00e3o<\/figcaption><\/figure>\n<p>A prepara\u00e7\u00e3o dos fi\u00e9is para a solenidade do Sant\u00edssimo Corpo e Sangue de Cristo (Corpus Christi), na Diocese de Teixeira de Freitas\/Caravelas, seguir\u00e1 dos dias 07 a 11 de Junho de 2020, com a II Semana Eucar\u00edstica. Neste ano, o tema da Semana Eucar\u00edstica gira em torno da Palavra:\u00a0\u201cNa Eucaristia, a Palavra se faz P\u00e3o\u201d.<\/p>\n<p>Segundo o p\u00e1roco da Par\u00f3quia Nossa Senhora Imaculada Concei\u00e7\u00e3o, padre Le\u00f4nidas Cardoso, que tamb\u00e9m \u00e9 o Coordenador Diocesano de Pastoral, &#8220;<em><strong>A Semana Eucar\u00edstica tem por objetivo de preparar os cora\u00e7\u00f5es para vivenciar de maneira mais devota e comprometida o grande Mist\u00e9rio da F\u00e9. De 08 a 10 de Junho, n\u00f3s teremos esse tr\u00edduo preparat\u00f3rio para o Corpus Christi. A Eucaristia vem a n\u00f3s pelo poder da Palavra de Deus. E por ela n\u00f3s podemos nos alimentar com o Corpo e Sangue do Senhor. Que n\u00f3s possamos celebrar as horas eucar\u00edsticas, as horas santas, nas comunidades, nas capelas menores, nas maiores, de acordo com a realidade de sua cada par\u00f3quia<\/strong><\/em>&#8220;. O presb\u00edtero lembrou que apesar de estarmos em tempo de pandemia, a Diocese pede ainda uma participa\u00e7\u00e3o mais ativa por parte dos fi\u00e9is para que n\u00e3o deixem de adorar o Senhor. &#8220;<em><strong>Se na sua par\u00f3quia tem que ter menos aglomera\u00e7\u00e3o de fi\u00e9is, obede\u00e7amos \u00e0s normas da Vigil\u00e2ncia Sanit\u00e1ria, da Organiza\u00e7\u00e3o Mundial da Sa\u00fade, mas n\u00e3o deixemos de adorar o Senhor<\/strong><\/em>&#8221; disse o padre.<\/p>\n<p>Para bem celebrar esses dias de j\u00fabilo, a Coordena\u00e7\u00e3o Diocesana de Pastoral disponibilizou, em formato PDF, roteiros para celebra\u00e7\u00f5es na II Semana Eucar\u00edstica. Os roteiros podem ser baixados <a href=\"https:\/\/dioceseteixeiradefreitas.com.br\/arquivos-para-download\/\" target=\"_blank\" rel=\"noopener noreferrer\"><strong>AQUI<\/strong><\/a>.<\/p>\n<p><strong>SOBRE A SOLENIDADE DE CORPUS CHRISTI NA DIOCESE<\/strong><\/p>\n<p>De acordo com a Nota Pastoral 04, datada em 28\/04\/2020 e nas Not\u00edcias Diocesanas de Maio\/2020, no dia 21 de maio, emanadas pelo Bispo Diocesano, ficou determinado que \u00e0 Solenidade de Corpus Christi fosse celebrada com participa\u00e7\u00e3o reduzida de fi\u00e9is. Dom Jailton pontua que as Par\u00f3quias, onde for conveniente, poder\u00e3o fazer uma carreata com o Sant\u00edssimo Sacramento semelhante \u00e0 que foi feita no Domingo da P\u00e1scoa. Entretanto, deve-se ter aten\u00e7\u00e3o para n\u00e3o haver aglomera\u00e7\u00e3o de pessoas. As par\u00f3quias dever\u00e3o disponibilizar aos fi\u00e9is o itiner\u00e1rio da carreata e incentiv\u00e1-los a enfeitarem a frente de suas casas com flores para a passagem do Sant\u00edssimo.<\/p>\n<p>Que a nossa Diocese possa, a partir da participa\u00e7\u00e3o nesta Semana Eucar\u00edstica que se aproxima, fortalecer sua caminhada de fi\u00e9is seguidores do projeto de Jesus.<\/p>\n<p>Participe da Semana Eucar\u00edstica em sua par\u00f3quia.<\/p>\n<p>&nbsp;<\/p>\n","protected":false},"excerpt":{"rendered":"<p>A prepara\u00e7\u00e3o dos fi\u00e9is para a solenidade do Sant\u00edssimo Corpo e Sangue de Cristo (Corpus Christi), na Diocese de Teixeira de Freitas\/Caravelas, seguir\u00e1 dos dias 07 a 11 de Junho de 2020, com a II Semana Eucar\u00edstica. Neste ano, o tema da Semana Eucar\u00edstica gira em torno da Palavra:\u00a0\u201cNa Eucaristia, a Palavra se faz P\u00e3o\u201d. &hellip;<\/p>\n","protected":false},"author":1,"featured_media":10332,"comment_status":"closed","ping_status":"closed","sticky":false,"template":"","format":"standard","meta":{"footnotes":""},"categories":[100],"tags":[93,125,506,548,114],"class_list":["post-10331","post","type-post","status-publish","format-standard","has-post-thumbnail","hentry","category-noticias-diocesanas","tag-corpus-christi","tag-diocese","tag-foranias","tag-ii-semana-eucaristica-diocesana","tag-paroquias"],"_links":{"self":[{"href":"https:\/\/dioceseteixeiradefreitas.com.br\/index.php?rest_route=\/wp\/v2\/posts\/10331","targetHints":{"allow":["GET"]}}],"collection":[{"href":"https:\/\/dioceseteixeiradefreitas.com.br\/index.php?rest_route=\/wp\/v2\/posts"}],"about":[{"href":"https:\/\/dioceseteixeiradefreitas.com.br\/index.php?rest_route=\/wp\/v2\/types\/post"}],"author":[{"embeddable":true,"href":"https:\/\/dioceseteixeiradefreitas.com.br\/index.php?rest_route=\/wp\/v2\/users\/1"}],"replies":[{"embeddable":true,"href":"https:\/\/dioceseteixeiradefreitas.com.br\/index.php?rest_route=%2Fwp%2Fv2%2Fcomments&post=10331"}],"version-history":[{"count":5,"href":"https:\/\/dioceseteixeiradefreitas.com.br\/index.php?rest_route=\/wp\/v2\/posts\/10331\/revisions"}],"predecessor-version":[{"id":10337,"href":"https:\/\/dioceseteixeiradefreitas.com.br\/index.php?rest_route=\/wp\/v2\/posts\/10331\/revisions\/10337"}],"wp:featuredmedia":[{"embeddable":true,"href":"https:\/\/dioceseteixeiradefreitas.com.br\/index.php?rest_route=\/wp\/v2\/media\/10332"}],"wp:attachment":[{"href":"https:\/\/dioceseteixeiradefreitas.com.br\/index.php?rest_route=%2Fwp%2Fv2%2Fmedia&parent=10331"}],"wp:term":[{"taxonomy":"category","embeddable":true,"href":"https:\/\/dioceseteixeiradefreitas.com.br\/index.php?rest_route=%2Fwp%2Fv2%2Fcategories&post=10331"},{"taxonomy":"post_tag","embeddable":true,"href":"https:\/\/dioceseteixeiradefreitas.com.br\/index.php?rest_route=%2Fwp%2Fv2%2Ftags&post=10331"}],"curies":[{"name":"wp","href":"https:\/\/api.w.org\/{rel}","templated":true}]}}