{"id":10338,"date":"2020-06-03T11:54:06","date_gmt":"2020-06-03T14:54:06","guid":{"rendered":"https:\/\/dioceseteixeiradefreitas.com.br\/?p=10338"},"modified":"2020-06-04T00:55:47","modified_gmt":"2020-06-04T03:55:47","slug":"nota-pastoral-05-novas-normas-e-procedimentos-em-tempos-de-coronavirus","status":"publish","type":"post","link":"https:\/\/dioceseteixeiradefreitas.com.br\/?p=10338","title":{"rendered":"NOTA PASTORAL 05: Novas normas e procedimentos em tempos de Coronav\u00edrus"},"content":{"rendered":"<figure id=\"attachment_9821\" aria-describedby=\"caption-attachment-9821\" style=\"width: 768px\" class=\"wp-caption aligncenter\"><img loading=\"lazy\" decoding=\"async\" class=\"wp-image-9821 size-full\" src=\"https:\/\/dioceseteixeiradefreitas.com.br\/wp-content\/uploads\/2020\/03\/BRAS\u00c3O-CORONAV\u00cdRUS.jpg\" alt=\"\" width=\"768\" height=\"768\" srcset=\"https:\/\/dioceseteixeiradefreitas.com.br\/wp-content\/uploads\/2020\/03\/BRAS\u00c3O-CORONAV\u00cdRUS.jpg 768w, https:\/\/dioceseteixeiradefreitas.com.br\/wp-content\/uploads\/2020\/03\/BRAS\u00c3O-CORONAV\u00cdRUS-300x300.jpg 300w, https:\/\/dioceseteixeiradefreitas.com.br\/wp-content\/uploads\/2020\/03\/BRAS\u00c3O-CORONAV\u00cdRUS-100x100.jpg 100w, https:\/\/dioceseteixeiradefreitas.com.br\/wp-content\/uploads\/2020\/03\/BRAS\u00c3O-CORONAV\u00cdRUS-600x600.jpg 600w, https:\/\/dioceseteixeiradefreitas.com.br\/wp-content\/uploads\/2020\/03\/BRAS\u00c3O-CORONAV\u00cdRUS-150x150.jpg 150w\" sizes=\"auto, (max-width: 768px) 100vw, 768px\" \/><figcaption id=\"caption-attachment-9821\" class=\"wp-caption-text\">Diocese lan\u00e7a quinta Nota Pastoral \u2013 Imagem: PASCOM\/Divulga\u00e7\u00e3o<\/figcaption><\/figure>\n<p><strong>NOTA PASTORAL N.\u00ba 05 \u2013 NORMAS E PROCEDIMENTOS EM TEMPOS DE CORONAV\u00cdRUS (COVID-19) NA DIOCESE<\/strong><\/p>\n<p>Dom Jailton de Oliveira Lino, por merc\u00ea de Deus e da Santa S\u00e9 Apost\u00f3lica, Bispo de Teixeira de Freitas\/Caravelas, aos que estas orienta\u00e7\u00f5es virem e ouvirem, sa\u00fade, paz e b\u00ean\u00e7\u00e3o no senhor.<\/p>\n<p>Em considera\u00e7\u00e3o ao Decreto n\u00ba 19.736, de 02 de junho de 2020, do Senhor Governador do Estado da Bahia, ficam <strong>SUSPENSAS<\/strong>, a partir de hoje at\u00e9 o dia 09 de junho de 2020, as celebra\u00e7\u00f5es em nossa diocese, com a presen\u00e7a de fi\u00e9is nas Igrejas. As celebra\u00e7\u00f5es podem, neste intervalo, ser transmitidas pelas emissoras de r\u00e1dio e redes sociais paroquiais, mas sem a presen\u00e7a de fi\u00e9is ou com um n\u00famero reduzid\u00edssimo, somente para o servi\u00e7o das transmiss\u00f5es.<\/p>\n<p>Observe-se ainda, o que diz o Decreto referente a circula\u00e7\u00e3o de pessoas no intervalo entre 18h \u00e0s 05h. Ap\u00f3s o dia 09\/06, retomamos as celebra\u00e7\u00f5es conforme Nota Pastoral 04 emitida no dia 28 de abril de 2020. Intensifiquemos nossa ora\u00e7\u00e3o. Deus est\u00e1 no barco conosco.<\/p>\n<p style=\"text-align: left;\">Com minha ben\u00e7\u00e3o!<\/p>\n<p style=\"text-align: right;\">Teixeira de Freitas, 03 de junho de 2020<\/p>\n<p style=\"text-align: center;\"><strong>Dom Jailton de Oliveira Lino, psdp<\/strong><br \/>\nBispo Diocesano de Teixeira de Freitas\/Caravelas<\/p>\n<p>&nbsp;<\/p>\n<h3 style=\"text-align: center;\"><span class=\"cb-justified-justify\"><b>Confira a nota na \u00edntegra:<\/b><\/span><\/h3>\n<div class=\"XzvDs _208Ie tFDi5 blog-post-text-font blog-post-text-color _2QAo- _25MYV _6RI6N tFDi5\" style=\"text-align: center;\">\n<h2 class=\"XzvDs _208Ie tFDi5 blog-post-text-font blog-post-text-color _2QAo- _25MYV _6RI6N tFDi5\"><a href=\"https:\/\/dioceseteixeiradefreitas.com.br\/wp-content\/uploads\/2020\/06\/NOTA-PASTORAL-05-Novas-Recomenda\u00e7\u00f5es-2020.pdf\" target=\"_blank\" rel=\"noopener noreferrer\">Clique Aqui<\/a><\/h2>\n<\/div>\n<p style=\"text-align: center;\"><strong>As mudan\u00e7as devem ser cumpridas at\u00e9 segunda ordem.<\/strong><\/p>\n","protected":false},"excerpt":{"rendered":"<p>NOTA PASTORAL N.\u00ba 05 \u2013 NORMAS E PROCEDIMENTOS EM TEMPOS DE CORONAV\u00cdRUS (COVID-19) NA DIOCESE Dom Jailton de Oliveira Lino, por merc\u00ea de Deus e da Santa S\u00e9 Apost\u00f3lica, Bispo de Teixeira de Freitas\/Caravelas, aos que estas orienta\u00e7\u00f5es virem e ouvirem, sa\u00fade, paz e b\u00ean\u00e7\u00e3o no senhor. Em considera\u00e7\u00e3o ao Decreto n\u00ba 19.736, de 02 &hellip;<\/p>\n","protected":false},"author":1,"featured_media":9821,"comment_status":"closed","ping_status":"closed","sticky":false,"template":"","format":"standard","meta":{"footnotes":""},"categories":[51],"tags":[477,524,425,550,549],"class_list":["post-10338","post","type-post","status-publish","format-standard","has-post-thumbnail","hentry","category-notas","tag-coronavirus","tag-covid-19","tag-diocese-teixeira-de-freitas-caravelas","tag-dom-jailton-de-oliveira-lino","tag-nota-pastoral-05"],"_links":{"self":[{"href":"https:\/\/dioceseteixeiradefreitas.com.br\/index.php?rest_route=\/wp\/v2\/posts\/10338","targetHints":{"allow":["GET"]}}],"collection":[{"href":"https:\/\/dioceseteixeiradefreitas.com.br\/index.php?rest_route=\/wp\/v2\/posts"}],"about":[{"href":"https:\/\/dioceseteixeiradefreitas.com.br\/index.php?rest_route=\/wp\/v2\/types\/post"}],"author":[{"embeddable":true,"href":"https:\/\/dioceseteixeiradefreitas.com.br\/index.php?rest_route=\/wp\/v2\/users\/1"}],"replies":[{"embeddable":true,"href":"https:\/\/dioceseteixeiradefreitas.com.br\/index.php?rest_route=%2Fwp%2Fv2%2Fcomments&post=10338"}],"version-history":[{"count":3,"href":"https:\/\/dioceseteixeiradefreitas.com.br\/index.php?rest_route=\/wp\/v2\/posts\/10338\/revisions"}],"predecessor-version":[{"id":10346,"href":"https:\/\/dioceseteixeiradefreitas.com.br\/index.php?rest_route=\/wp\/v2\/posts\/10338\/revisions\/10346"}],"wp:featuredmedia":[{"embeddable":true,"href":"https:\/\/dioceseteixeiradefreitas.com.br\/index.php?rest_route=\/wp\/v2\/media\/9821"}],"wp:attachment":[{"href":"https:\/\/dioceseteixeiradefreitas.com.br\/index.php?rest_route=%2Fwp%2Fv2%2Fmedia&parent=10338"}],"wp:term":[{"taxonomy":"category","embeddable":true,"href":"https:\/\/dioceseteixeiradefreitas.com.br\/index.php?rest_route=%2Fwp%2Fv2%2Fcategories&post=10338"},{"taxonomy":"post_tag","embeddable":true,"href":"https:\/\/dioceseteixeiradefreitas.com.br\/index.php?rest_route=%2Fwp%2Fv2%2Ftags&post=10338"}],"curies":[{"name":"wp","href":"https:\/\/api.w.org\/{rel}","templated":true}]}}