{"id":10735,"date":"2020-07-08T15:27:17","date_gmt":"2020-07-08T18:27:17","guid":{"rendered":"https:\/\/dioceseteixeiradefreitas.com.br\/?p=10735"},"modified":"2020-07-08T15:28:02","modified_gmt":"2020-07-08T18:28:02","slug":"nota-de-falecimento-da-mae-do-padre-jaelson-cerqueira","status":"publish","type":"post","link":"https:\/\/dioceseteixeiradefreitas.com.br\/?p=10735","title":{"rendered":"Nota de Falecimento da m\u00e3e do padre Jaelson Cerqueira"},"content":{"rendered":"<p><img loading=\"lazy\" decoding=\"async\" class=\"aligncenter wp-image-4771\" src=\"https:\/\/dioceseteixeiradefreitas.com.br\/wp-content\/uploads\/2018\/04\/Bras\u00e3o_F_Branco_Pequeno.jpg\" alt=\"\" width=\"465\" height=\"465\" srcset=\"https:\/\/dioceseteixeiradefreitas.com.br\/wp-content\/uploads\/2018\/04\/Bras\u00e3o_F_Branco_Pequeno.jpg 500w, https:\/\/dioceseteixeiradefreitas.com.br\/wp-content\/uploads\/2018\/04\/Bras\u00e3o_F_Branco_Pequeno-300x300.jpg 300w, https:\/\/dioceseteixeiradefreitas.com.br\/wp-content\/uploads\/2018\/04\/Bras\u00e3o_F_Branco_Pequeno-100x100.jpg 100w, https:\/\/dioceseteixeiradefreitas.com.br\/wp-content\/uploads\/2018\/04\/Bras\u00e3o_F_Branco_Pequeno-150x150.jpg 150w\" sizes=\"auto, (max-width: 465px) 100vw, 465px\" \/><\/p>\n<p>Comunicamos, com pesar o falecimento da Sra. Joana Ferreira Cerqueira, m\u00e3e do nosso padre Jaelson Cerqueira Santos. O vel\u00f3rio est\u00e1 acontecendo na casa da fam\u00edlia, no munic\u00edpio de Itanh\u00e9m. A Missa de corpo presente ser\u00e1 amanh\u00e3 (09) \u00e0s 09h, presidida por Dom Jailton, na Igreja Matriz da Par\u00f3quia Nossa Senhora D&#8217;Ajuda.<br \/>\nRezemos pelo descanso eterno desta nossa irm\u00e3, pelo Pe. Jaelson e fam\u00edlia neste momento de dor!<\/p>\n<p style=\"text-align: left;\">Dai-lhe Senhor o descanso eterno!!!<\/p>\n<div class=\"entry-content entry clearfix\">\n<p style=\"text-align: right;\">Dom Jailton de Oliveira Lino e presb\u00edteros.<\/p>\n<\/div>\n<div class=\"post-bottom-meta-title\"><\/div>\n<div class=\"entry-content entry clearfix\"><\/div>\n","protected":false},"excerpt":{"rendered":"<p>Comunicamos, com pesar o falecimento da Sra. Joana Ferreira Cerqueira, m\u00e3e do nosso padre Jaelson Cerqueira Santos. O vel\u00f3rio est\u00e1 acontecendo na casa da fam\u00edlia, no munic\u00edpio de Itanh\u00e9m. A Missa de corpo presente ser\u00e1 amanh\u00e3 (09) \u00e0s 09h, presidida por Dom Jailton, na Igreja Matriz da Par\u00f3quia Nossa Senhora D&#8217;Ajuda. Rezemos pelo descanso eterno &hellip;<\/p>\n","protected":false},"author":1,"featured_media":4771,"comment_status":"closed","ping_status":"closed","sticky":false,"template":"","format":"standard","meta":{"footnotes":""},"categories":[51],"tags":[345,447,568,567],"class_list":["post-10735","post","type-post","status-publish","format-standard","has-post-thumbnail","hentry","category-notas","tag-nota-de-falecimento","tag-paroquia-nossa-senhora-das-gracas","tag-pe-jaelson-cerqueira-santos","tag-sra-joana-ferreira-cerqueira"],"_links":{"self":[{"href":"https:\/\/dioceseteixeiradefreitas.com.br\/index.php?rest_route=\/wp\/v2\/posts\/10735","targetHints":{"allow":["GET"]}}],"collection":[{"href":"https:\/\/dioceseteixeiradefreitas.com.br\/index.php?rest_route=\/wp\/v2\/posts"}],"about":[{"href":"https:\/\/dioceseteixeiradefreitas.com.br\/index.php?rest_route=\/wp\/v2\/types\/post"}],"author":[{"embeddable":true,"href":"https:\/\/dioceseteixeiradefreitas.com.br\/index.php?rest_route=\/wp\/v2\/users\/1"}],"replies":[{"embeddable":true,"href":"https:\/\/dioceseteixeiradefreitas.com.br\/index.php?rest_route=%2Fwp%2Fv2%2Fcomments&post=10735"}],"version-history":[{"count":1,"href":"https:\/\/dioceseteixeiradefreitas.com.br\/index.php?rest_route=\/wp\/v2\/posts\/10735\/revisions"}],"predecessor-version":[{"id":10736,"href":"https:\/\/dioceseteixeiradefreitas.com.br\/index.php?rest_route=\/wp\/v2\/posts\/10735\/revisions\/10736"}],"wp:featuredmedia":[{"embeddable":true,"href":"https:\/\/dioceseteixeiradefreitas.com.br\/index.php?rest_route=\/wp\/v2\/media\/4771"}],"wp:attachment":[{"href":"https:\/\/dioceseteixeiradefreitas.com.br\/index.php?rest_route=%2Fwp%2Fv2%2Fmedia&parent=10735"}],"wp:term":[{"taxonomy":"category","embeddable":true,"href":"https:\/\/dioceseteixeiradefreitas.com.br\/index.php?rest_route=%2Fwp%2Fv2%2Fcategories&post=10735"},{"taxonomy":"post_tag","embeddable":true,"href":"https:\/\/dioceseteixeiradefreitas.com.br\/index.php?rest_route=%2Fwp%2Fv2%2Ftags&post=10735"}],"curies":[{"name":"wp","href":"https:\/\/api.w.org\/{rel}","templated":true}]}}