{"id":10870,"date":"2020-07-25T11:18:35","date_gmt":"2020-07-25T14:18:35","guid":{"rendered":"https:\/\/dioceseteixeiradefreitas.com.br\/?p=10870"},"modified":"2020-07-25T11:18:35","modified_gmt":"2020-07-25T14:18:35","slug":"paroquia-nossa-senhora-das-gracas-de-teixeira-de-freitas-realiza-live-solidaria","status":"publish","type":"post","link":"https:\/\/dioceseteixeiradefreitas.com.br\/?p=10870","title":{"rendered":"Par\u00f3quia Nossa Senhora das Gra\u00e7as de Teixeira de Freitas realiza Live Solid\u00e1ria"},"content":{"rendered":"<figure id=\"attachment_10872\" aria-describedby=\"caption-attachment-10872\" style=\"width: 1280px\" class=\"wp-caption aligncenter\"><img loading=\"lazy\" decoding=\"async\" class=\"wp-image-10872 size-full\" src=\"https:\/\/dioceseteixeiradefreitas.com.br\/wp-content\/uploads\/2020\/07\/c2cc8003-a7f6-4c87-932f-c6313a40544f.jpg\" alt=\"\" width=\"1280\" height=\"960\" srcset=\"https:\/\/dioceseteixeiradefreitas.com.br\/wp-content\/uploads\/2020\/07\/c2cc8003-a7f6-4c87-932f-c6313a40544f.jpg 1280w, https:\/\/dioceseteixeiradefreitas.com.br\/wp-content\/uploads\/2020\/07\/c2cc8003-a7f6-4c87-932f-c6313a40544f-600x450.jpg 600w, https:\/\/dioceseteixeiradefreitas.com.br\/wp-content\/uploads\/2020\/07\/c2cc8003-a7f6-4c87-932f-c6313a40544f-300x225.jpg 300w, https:\/\/dioceseteixeiradefreitas.com.br\/wp-content\/uploads\/2020\/07\/c2cc8003-a7f6-4c87-932f-c6313a40544f-1024x768.jpg 1024w, https:\/\/dioceseteixeiradefreitas.com.br\/wp-content\/uploads\/2020\/07\/c2cc8003-a7f6-4c87-932f-c6313a40544f-768x576.jpg 768w\" sizes=\"auto, (max-width: 1280px) 100vw, 1280px\" \/><figcaption id=\"caption-attachment-10872\" class=\"wp-caption-text\">Live Solid\u00e1ria Gratuidade &#8211; Foto: PASCOM\/Divulga\u00e7\u00e3o<\/figcaption><\/figure>\n<p>Na noite de quarta-feira (22), a Par\u00f3quia Nossa Senhora das Gra\u00e7as de Teixeira de Freitas foi marcada pela solidariedade. A live Gratuidade promovida pelo minist\u00e9rio de m\u00fasica da Comunidade Santo Expedito arrecadou mais de duas toneladas de alimentos durante a sua exibi\u00e7\u00e3o, doados por fi\u00e9is e empresas da regi\u00e3o que abra\u00e7aram a causa e fizerem deste momento de louvor a Deus em um ato de caridade.<\/p>\n<p>A cantora do Minist\u00e9rio de M\u00fasica da Comunidade Santo Expedito e uma das idealizadoras, Cleide Sirqueira, falou sobre como surgiu a proposta desta live, do apoio e incentivos das pessoas ao seu redor para que pudesse acontecer. <em><strong>&#8220;Cremos que a Live gratuidade \u00e9 um projeto que surgiu do cora\u00e7\u00e3o de Deus e n\u00f3s fomos apenas seus instrumentos, canal para que se concretizasse. Tudo come\u00e7ou no dia de Corpus Christi, ap\u00f3s a homilia do padre Jaelson, algo inquietou o meu cora\u00e7\u00e3o, ap\u00f3s dois dias sem dormir, enviei uma mensagem a ele e dialogamos sobre \u00e0 Eucaristia e o servi\u00e7o na igreja. Conclu\u00edmos que Jesus espera mais de n\u00f3s, que muitas vezes n\u00e3o vemos as necessidades do pr\u00f3ximo. Conversei com meu esposo a respeito e ficamos desejosos de fazer algo. Em tempos de pandemia &#8220;pouco&#8221; se podia fazer. De repente surgiu um espa\u00e7o todo pronto onde estavam promovendo lives de v\u00e1rios perfis. Meu esposo me lan\u00e7ou a ideia, eu lancei a ideia ao grupo de animadores em que participo na nossa Comunidade Santo Expedito e assim n\u00f3s levamos a ideia ao padre e ele nos autorizou. Ent\u00e3o, juntamente com a PASCOM, fomos alinhando os detalhes enquanto selecion\u00e1vamos as m\u00fasicas e organiz\u00e1vamos os ensaios<\/strong><\/em>&#8220;, disse Cleide.<\/p>\n<p>Segundo ela, o nome &#8220;Gratuidade&#8221; surgiu a partir da leitura de um livro do Frei Carlos Mesters &#8220;S\u00f3 Deus \u00e9 Bom&#8221;. &#8220;<strong><em>O livro eu tinha tomado emprestado de um amigo h\u00e1 mais de um ano e n\u00e3o tinha lido. Interessante \u00e9 que ao ver o nome me veio o texto b\u00edblico: recebeste de gra\u00e7a, de gra\u00e7a dai (MT 10 8). E assim, vimos que nossos dons mesmo que pequenos, com a confian\u00e7a em Deus podemos fazer grandes feitos<\/em><\/strong>&#8220;, concluiu ela.<\/p>\n<p>Texto e Fotos: PASCOM Par\u00f3quia Nossa Senhora das Gra\u00e7as<\/p>\n<p>[su_note note_color=&#8221;#f3b418&#8243; text_color=&#8221;#ffffff&#8221;]Confira a galeria de fotos da Live Gratuidade:[\/su_note]<\/p>\n<div id='gallery-1' class='gallery galleryid-10870 gallery-columns-4 gallery-size-medium'><figure class='gallery-item'>\n\t\t\t<div class='gallery-icon portrait'>\n\t\t\t\t<a href='https:\/\/dioceseteixeiradefreitas.com.br\/wp-content\/uploads\/2020\/07\/6faa0bc5-7e33-4c9c-873a-87c8f533120f.jpg'><img loading=\"lazy\" decoding=\"async\" width=\"239\" height=\"300\" src=\"https:\/\/dioceseteixeiradefreitas.com.br\/wp-content\/uploads\/2020\/07\/6faa0bc5-7e33-4c9c-873a-87c8f533120f-239x300.jpg\" class=\"attachment-medium size-medium\" alt=\"\" srcset=\"https:\/\/dioceseteixeiradefreitas.com.br\/wp-content\/uploads\/2020\/07\/6faa0bc5-7e33-4c9c-873a-87c8f533120f-239x300.jpg 239w, https:\/\/dioceseteixeiradefreitas.com.br\/wp-content\/uploads\/2020\/07\/6faa0bc5-7e33-4c9c-873a-87c8f533120f-600x754.jpg 600w, https:\/\/dioceseteixeiradefreitas.com.br\/wp-content\/uploads\/2020\/07\/6faa0bc5-7e33-4c9c-873a-87c8f533120f-814x1024.jpg 814w, https:\/\/dioceseteixeiradefreitas.com.br\/wp-content\/uploads\/2020\/07\/6faa0bc5-7e33-4c9c-873a-87c8f533120f-768x966.jpg 768w, https:\/\/dioceseteixeiradefreitas.com.br\/wp-content\/uploads\/2020\/07\/6faa0bc5-7e33-4c9c-873a-87c8f533120f.jpg 1018w\" sizes=\"auto, (max-width: 239px) 100vw, 239px\" \/><\/a>\n\t\t\t<\/div><\/figure><figure class='gallery-item'>\n\t\t\t<div class='gallery-icon portrait'>\n\t\t\t\t<a href='https:\/\/dioceseteixeiradefreitas.com.br\/wp-content\/uploads\/2020\/07\/8abbe576-6e5b-446f-bb86-3038a3862bbb.jpg'><img loading=\"lazy\" decoding=\"async\" width=\"276\" height=\"300\" src=\"https:\/\/dioceseteixeiradefreitas.com.br\/wp-content\/uploads\/2020\/07\/8abbe576-6e5b-446f-bb86-3038a3862bbb-276x300.jpg\" class=\"attachment-medium size-medium\" alt=\"\" srcset=\"https:\/\/dioceseteixeiradefreitas.com.br\/wp-content\/uploads\/2020\/07\/8abbe576-6e5b-446f-bb86-3038a3862bbb-276x300.jpg 276w, https:\/\/dioceseteixeiradefreitas.com.br\/wp-content\/uploads\/2020\/07\/8abbe576-6e5b-446f-bb86-3038a3862bbb-600x651.jpg 600w, https:\/\/dioceseteixeiradefreitas.com.br\/wp-content\/uploads\/2020\/07\/8abbe576-6e5b-446f-bb86-3038a3862bbb-943x1024.jpg 943w, https:\/\/dioceseteixeiradefreitas.com.br\/wp-content\/uploads\/2020\/07\/8abbe576-6e5b-446f-bb86-3038a3862bbb-768x834.jpg 768w, https:\/\/dioceseteixeiradefreitas.com.br\/wp-content\/uploads\/2020\/07\/8abbe576-6e5b-446f-bb86-3038a3862bbb.jpg 1179w\" sizes=\"auto, (max-width: 276px) 100vw, 276px\" \/><\/a>\n\t\t\t<\/div><\/figure><figure class='gallery-item'>\n\t\t\t<div class='gallery-icon portrait'>\n\t\t\t\t<a href='https:\/\/dioceseteixeiradefreitas.com.br\/wp-content\/uploads\/2020\/07\/8dc08cce-03c0-4ef9-a32b-10dfbc161ab5.jpg'><img loading=\"lazy\" decoding=\"async\" width=\"280\" height=\"300\" src=\"https:\/\/dioceseteixeiradefreitas.com.br\/wp-content\/uploads\/2020\/07\/8dc08cce-03c0-4ef9-a32b-10dfbc161ab5-280x300.jpg\" class=\"attachment-medium size-medium\" alt=\"\" srcset=\"https:\/\/dioceseteixeiradefreitas.com.br\/wp-content\/uploads\/2020\/07\/8dc08cce-03c0-4ef9-a32b-10dfbc161ab5-280x300.jpg 280w, https:\/\/dioceseteixeiradefreitas.com.br\/wp-content\/uploads\/2020\/07\/8dc08cce-03c0-4ef9-a32b-10dfbc161ab5-600x643.jpg 600w, https:\/\/dioceseteixeiradefreitas.com.br\/wp-content\/uploads\/2020\/07\/8dc08cce-03c0-4ef9-a32b-10dfbc161ab5-956x1024.jpg 956w, https:\/\/dioceseteixeiradefreitas.com.br\/wp-content\/uploads\/2020\/07\/8dc08cce-03c0-4ef9-a32b-10dfbc161ab5-768x823.jpg 768w, https:\/\/dioceseteixeiradefreitas.com.br\/wp-content\/uploads\/2020\/07\/8dc08cce-03c0-4ef9-a32b-10dfbc161ab5.jpg 1195w\" sizes=\"auto, (max-width: 280px) 100vw, 280px\" \/><\/a>\n\t\t\t<\/div><\/figure><figure class='gallery-item'>\n\t\t\t<div class='gallery-icon portrait'>\n\t\t\t\t<a href='https:\/\/dioceseteixeiradefreitas.com.br\/wp-content\/uploads\/2020\/07\/361e009a-2826-4646-a658-1b4de5405c36.jpg'><img loading=\"lazy\" decoding=\"async\" width=\"282\" height=\"300\" src=\"https:\/\/dioceseteixeiradefreitas.com.br\/wp-content\/uploads\/2020\/07\/361e009a-2826-4646-a658-1b4de5405c36-282x300.jpg\" class=\"attachment-medium size-medium\" alt=\"\" srcset=\"https:\/\/dioceseteixeiradefreitas.com.br\/wp-content\/uploads\/2020\/07\/361e009a-2826-4646-a658-1b4de5405c36-282x300.jpg 282w, https:\/\/dioceseteixeiradefreitas.com.br\/wp-content\/uploads\/2020\/07\/361e009a-2826-4646-a658-1b4de5405c36-600x638.jpg 600w, https:\/\/dioceseteixeiradefreitas.com.br\/wp-content\/uploads\/2020\/07\/361e009a-2826-4646-a658-1b4de5405c36-962x1024.jpg 962w, https:\/\/dioceseteixeiradefreitas.com.br\/wp-content\/uploads\/2020\/07\/361e009a-2826-4646-a658-1b4de5405c36-768x817.jpg 768w, https:\/\/dioceseteixeiradefreitas.com.br\/wp-content\/uploads\/2020\/07\/361e009a-2826-4646-a658-1b4de5405c36.jpg 1203w\" sizes=\"auto, (max-width: 282px) 100vw, 282px\" \/><\/a>\n\t\t\t<\/div><\/figure><figure class='gallery-item'>\n\t\t\t<div class='gallery-icon landscape'>\n\t\t\t\t<a href='https:\/\/dioceseteixeiradefreitas.com.br\/wp-content\/uploads\/2020\/07\/755951ce-e14a-496d-8932-03dd5c0b4b05.jpg'><img loading=\"lazy\" decoding=\"async\" width=\"300\" height=\"300\" src=\"https:\/\/dioceseteixeiradefreitas.com.br\/wp-content\/uploads\/2020\/07\/755951ce-e14a-496d-8932-03dd5c0b4b05-300x300.jpg\" class=\"attachment-medium size-medium\" alt=\"\" srcset=\"https:\/\/dioceseteixeiradefreitas.com.br\/wp-content\/uploads\/2020\/07\/755951ce-e14a-496d-8932-03dd5c0b4b05-300x300.jpg 300w, https:\/\/dioceseteixeiradefreitas.com.br\/wp-content\/uploads\/2020\/07\/755951ce-e14a-496d-8932-03dd5c0b4b05-100x100.jpg 100w, https:\/\/dioceseteixeiradefreitas.com.br\/wp-content\/uploads\/2020\/07\/755951ce-e14a-496d-8932-03dd5c0b4b05-600x600.jpg 600w, https:\/\/dioceseteixeiradefreitas.com.br\/wp-content\/uploads\/2020\/07\/755951ce-e14a-496d-8932-03dd5c0b4b05-1024x1024.jpg 1024w, https:\/\/dioceseteixeiradefreitas.com.br\/wp-content\/uploads\/2020\/07\/755951ce-e14a-496d-8932-03dd5c0b4b05-150x150.jpg 150w, https:\/\/dioceseteixeiradefreitas.com.br\/wp-content\/uploads\/2020\/07\/755951ce-e14a-496d-8932-03dd5c0b4b05-768x768.jpg 768w, https:\/\/dioceseteixeiradefreitas.com.br\/wp-content\/uploads\/2020\/07\/755951ce-e14a-496d-8932-03dd5c0b4b05.jpg 1280w\" sizes=\"auto, (max-width: 300px) 100vw, 300px\" \/><\/a>\n\t\t\t<\/div><\/figure><figure class='gallery-item'>\n\t\t\t<div class='gallery-icon portrait'>\n\t\t\t\t<a href='https:\/\/dioceseteixeiradefreitas.com.br\/wp-content\/uploads\/2020\/07\/c5c5c579-f0c9-4124-a10d-0a04fba13b9f.jpg'><img loading=\"lazy\" decoding=\"async\" width=\"236\" height=\"300\" src=\"https:\/\/dioceseteixeiradefreitas.com.br\/wp-content\/uploads\/2020\/07\/c5c5c579-f0c9-4124-a10d-0a04fba13b9f-236x300.jpg\" class=\"attachment-medium size-medium\" alt=\"\" srcset=\"https:\/\/dioceseteixeiradefreitas.com.br\/wp-content\/uploads\/2020\/07\/c5c5c579-f0c9-4124-a10d-0a04fba13b9f-236x300.jpg 236w, https:\/\/dioceseteixeiradefreitas.com.br\/wp-content\/uploads\/2020\/07\/c5c5c579-f0c9-4124-a10d-0a04fba13b9f-600x764.jpg 600w, https:\/\/dioceseteixeiradefreitas.com.br\/wp-content\/uploads\/2020\/07\/c5c5c579-f0c9-4124-a10d-0a04fba13b9f-804x1024.jpg 804w, https:\/\/dioceseteixeiradefreitas.com.br\/wp-content\/uploads\/2020\/07\/c5c5c579-f0c9-4124-a10d-0a04fba13b9f-768x978.jpg 768w, https:\/\/dioceseteixeiradefreitas.com.br\/wp-content\/uploads\/2020\/07\/c5c5c579-f0c9-4124-a10d-0a04fba13b9f.jpg 1005w\" sizes=\"auto, (max-width: 236px) 100vw, 236px\" \/><\/a>\n\t\t\t<\/div><\/figure><figure class='gallery-item'>\n\t\t\t<div class='gallery-icon landscape'>\n\t\t\t\t<a href='https:\/\/dioceseteixeiradefreitas.com.br\/wp-content\/uploads\/2020\/07\/c20bb31d-8eb1-4f4d-9f3d-ccd1a9a5653c.jpg'><img loading=\"lazy\" decoding=\"async\" width=\"300\" height=\"300\" src=\"https:\/\/dioceseteixeiradefreitas.com.br\/wp-content\/uploads\/2020\/07\/c20bb31d-8eb1-4f4d-9f3d-ccd1a9a5653c-300x300.jpg\" class=\"attachment-medium size-medium\" alt=\"\" srcset=\"https:\/\/dioceseteixeiradefreitas.com.br\/wp-content\/uploads\/2020\/07\/c20bb31d-8eb1-4f4d-9f3d-ccd1a9a5653c-300x300.jpg 300w, https:\/\/dioceseteixeiradefreitas.com.br\/wp-content\/uploads\/2020\/07\/c20bb31d-8eb1-4f4d-9f3d-ccd1a9a5653c-100x100.jpg 100w, https:\/\/dioceseteixeiradefreitas.com.br\/wp-content\/uploads\/2020\/07\/c20bb31d-8eb1-4f4d-9f3d-ccd1a9a5653c-600x600.jpg 600w, https:\/\/dioceseteixeiradefreitas.com.br\/wp-content\/uploads\/2020\/07\/c20bb31d-8eb1-4f4d-9f3d-ccd1a9a5653c-1024x1024.jpg 1024w, https:\/\/dioceseteixeiradefreitas.com.br\/wp-content\/uploads\/2020\/07\/c20bb31d-8eb1-4f4d-9f3d-ccd1a9a5653c-150x150.jpg 150w, https:\/\/dioceseteixeiradefreitas.com.br\/wp-content\/uploads\/2020\/07\/c20bb31d-8eb1-4f4d-9f3d-ccd1a9a5653c-768x768.jpg 768w, https:\/\/dioceseteixeiradefreitas.com.br\/wp-content\/uploads\/2020\/07\/c20bb31d-8eb1-4f4d-9f3d-ccd1a9a5653c.jpg 1280w\" sizes=\"auto, (max-width: 300px) 100vw, 300px\" \/><\/a>\n\t\t\t<\/div><\/figure><figure class='gallery-item'>\n\t\t\t<div class='gallery-icon portrait'>\n\t\t\t\t<a href='https:\/\/dioceseteixeiradefreitas.com.br\/wp-content\/uploads\/2020\/07\/d11a1fec-21b7-43ed-8043-d72a66b6f9ac.jpg'><img loading=\"lazy\" decoding=\"async\" width=\"246\" height=\"300\" src=\"https:\/\/dioceseteixeiradefreitas.com.br\/wp-content\/uploads\/2020\/07\/d11a1fec-21b7-43ed-8043-d72a66b6f9ac-246x300.jpg\" class=\"attachment-medium size-medium\" alt=\"\" srcset=\"https:\/\/dioceseteixeiradefreitas.com.br\/wp-content\/uploads\/2020\/07\/d11a1fec-21b7-43ed-8043-d72a66b6f9ac-246x300.jpg 246w, https:\/\/dioceseteixeiradefreitas.com.br\/wp-content\/uploads\/2020\/07\/d11a1fec-21b7-43ed-8043-d72a66b6f9ac-600x733.jpg 600w, https:\/\/dioceseteixeiradefreitas.com.br\/wp-content\/uploads\/2020\/07\/d11a1fec-21b7-43ed-8043-d72a66b6f9ac-838x1024.jpg 838w, https:\/\/dioceseteixeiradefreitas.com.br\/wp-content\/uploads\/2020\/07\/d11a1fec-21b7-43ed-8043-d72a66b6f9ac-768x938.jpg 768w, https:\/\/dioceseteixeiradefreitas.com.br\/wp-content\/uploads\/2020\/07\/d11a1fec-21b7-43ed-8043-d72a66b6f9ac.jpg 1048w\" sizes=\"auto, (max-width: 246px) 100vw, 246px\" \/><\/a>\n\t\t\t<\/div><\/figure>\n\t\t<\/div>\n\n","protected":false},"excerpt":{"rendered":"<p>Na noite de quarta-feira (22), a Par\u00f3quia Nossa Senhora das Gra\u00e7as de Teixeira de Freitas foi marcada pela solidariedade. A live Gratuidade promovida pelo minist\u00e9rio de m\u00fasica da Comunidade Santo Expedito arrecadou mais de duas toneladas de alimentos durante a sua exibi\u00e7\u00e3o, doados por fi\u00e9is e empresas da regi\u00e3o que abra\u00e7aram a causa e fizerem &hellip;<\/p>\n","protected":false},"author":1,"featured_media":10872,"comment_status":"closed","ping_status":"closed","sticky":false,"template":"","format":"standard","meta":{"footnotes":""},"categories":[310],"tags":[585,57,584,447,365],"class_list":["post-10870","post","type-post","status-publish","format-standard","has-post-thumbnail","hentry","category-noticias-paroquiais","tag-comunidade-santo-expedito","tag-forania-sao-pedro","tag-live-da-gratuidade","tag-paroquia-nossa-senhora-das-gracas","tag-teixeira-de-freitas"],"_links":{"self":[{"href":"https:\/\/dioceseteixeiradefreitas.com.br\/index.php?rest_route=\/wp\/v2\/posts\/10870","targetHints":{"allow":["GET"]}}],"collection":[{"href":"https:\/\/dioceseteixeiradefreitas.com.br\/index.php?rest_route=\/wp\/v2\/posts"}],"about":[{"href":"https:\/\/dioceseteixeiradefreitas.com.br\/index.php?rest_route=\/wp\/v2\/types\/post"}],"author":[{"embeddable":true,"href":"https:\/\/dioceseteixeiradefreitas.com.br\/index.php?rest_route=\/wp\/v2\/users\/1"}],"replies":[{"embeddable":true,"href":"https:\/\/dioceseteixeiradefreitas.com.br\/index.php?rest_route=%2Fwp%2Fv2%2Fcomments&post=10870"}],"version-history":[{"count":3,"href":"https:\/\/dioceseteixeiradefreitas.com.br\/index.php?rest_route=\/wp\/v2\/posts\/10870\/revisions"}],"predecessor-version":[{"id":10882,"href":"https:\/\/dioceseteixeiradefreitas.com.br\/index.php?rest_route=\/wp\/v2\/posts\/10870\/revisions\/10882"}],"wp:featuredmedia":[{"embeddable":true,"href":"https:\/\/dioceseteixeiradefreitas.com.br\/index.php?rest_route=\/wp\/v2\/media\/10872"}],"wp:attachment":[{"href":"https:\/\/dioceseteixeiradefreitas.com.br\/index.php?rest_route=%2Fwp%2Fv2%2Fmedia&parent=10870"}],"wp:term":[{"taxonomy":"category","embeddable":true,"href":"https:\/\/dioceseteixeiradefreitas.com.br\/index.php?rest_route=%2Fwp%2Fv2%2Fcategories&post=10870"},{"taxonomy":"post_tag","embeddable":true,"href":"https:\/\/dioceseteixeiradefreitas.com.br\/index.php?rest_route=%2Fwp%2Fv2%2Ftags&post=10870"}],"curies":[{"name":"wp","href":"https:\/\/api.w.org\/{rel}","templated":true}]}}