{"id":10900,"date":"2020-08-03T13:38:38","date_gmt":"2020-08-03T16:38:38","guid":{"rendered":"https:\/\/dioceseteixeiradefreitas.com.br\/?p=10900"},"modified":"2020-08-03T18:45:57","modified_gmt":"2020-08-03T21:45:57","slug":"religiosas-de-diversas-congregacoes-realizam-retiro-anual","status":"publish","type":"post","link":"https:\/\/dioceseteixeiradefreitas.com.br\/?p=10900","title":{"rendered":"Religiosas realizam retiro anual"},"content":{"rendered":"<figure id=\"attachment_10901\" aria-describedby=\"caption-attachment-10901\" style=\"width: 1040px\" class=\"wp-caption aligncenter\"><img loading=\"lazy\" decoding=\"async\" class=\"wp-image-10901 size-full\" src=\"https:\/\/dioceseteixeiradefreitas.com.br\/wp-content\/uploads\/2020\/08\/a2b31f6c-e103-4ef6-8c46-d88856a302ca.jpg\" alt=\"\" width=\"1040\" height=\"585\" srcset=\"https:\/\/dioceseteixeiradefreitas.com.br\/wp-content\/uploads\/2020\/08\/a2b31f6c-e103-4ef6-8c46-d88856a302ca.jpg 1040w, https:\/\/dioceseteixeiradefreitas.com.br\/wp-content\/uploads\/2020\/08\/a2b31f6c-e103-4ef6-8c46-d88856a302ca-600x338.jpg 600w, https:\/\/dioceseteixeiradefreitas.com.br\/wp-content\/uploads\/2020\/08\/a2b31f6c-e103-4ef6-8c46-d88856a302ca-300x169.jpg 300w, https:\/\/dioceseteixeiradefreitas.com.br\/wp-content\/uploads\/2020\/08\/a2b31f6c-e103-4ef6-8c46-d88856a302ca-1024x576.jpg 1024w, https:\/\/dioceseteixeiradefreitas.com.br\/wp-content\/uploads\/2020\/08\/a2b31f6c-e103-4ef6-8c46-d88856a302ca-768x432.jpg 768w, https:\/\/dioceseteixeiradefreitas.com.br\/wp-content\/uploads\/2020\/08\/a2b31f6c-e103-4ef6-8c46-d88856a302ca-390x220.jpg 390w\" sizes=\"auto, (max-width: 1040px) 100vw, 1040px\" \/><figcaption id=\"caption-attachment-10901\" class=\"wp-caption-text\">Diversas Congrega\u00e7\u00f5es reunidas ap\u00f3s a Celebra\u00e7\u00e3o Eucar\u00edstica, com Dom Jailton &#8211; Foto: CRB Diocese Teixeira de Freitas\/Caravelas\/Divulga\u00e7\u00e3o<\/figcaption><\/figure>\n<p>Nos dias 24 a 31 de julho de 2020, as religiosas da Congrega\u00e7\u00e3o das Irm\u00e3s de S\u00e3o Jos\u00e9 de Chambery, Irm\u00e3s Franciscanas do Senhor, Irm\u00e3s Adoradoras da Miseric\u00f3rdia, Irm\u00e3s Nossa Senhora da Anuncia\u00e7\u00e3o, Irm\u00e3s de Nossa Senhora do Monte Calv\u00e1rio, Irm\u00e3s Franciscanas de Santa Isabel da Hungria, Irm\u00e3s da Fraternidade Mission\u00e1ria: O Caminho, o Professor da Universidade Dirceu Benic\u00e1 e Irm\u00e3s de Notre Dame, realizaram o seu Retiro Anual. A organiza\u00e7\u00e3o do retiro ficou de responsabilidade das Irm\u00e3s de Notre Dame (Passo Fundo-RS), pelas Redes Sociais. A assessoria ficou por conta do Pe. F\u00e1bio Pires, SVD, do estado de S\u00e3o Paulo-SP.<\/p>\n<p>O bispo diocesano Dom Jailton, acompanhou o grupo e presidiu a Celebra\u00e7\u00e3o Eucar\u00edstica no encerramento do Retiro. &#8220;<strong><em>Somos gratas a Dom Jailton e Irm\u00e3s de Notre Dame pela feliz iniciativa. Que sejamos fi\u00e9is testemunhas de uma op\u00e7\u00e3o preferencial aos pobres atrav\u00e9s de uma espiritualidade encarnada<\/em><\/strong>&#8220;, Coordena\u00e7\u00e3o da CRB.<\/p>\n<p>Texto e Fotos: Coordena\u00e7\u00e3o da CRB &#8211; Diocese Teixeira de Freitas\/Caravelas.<\/p>\n<p>[su_note note_color=&#8221;#f3b418&#8243; text_color=&#8221;#ffffff&#8221;]Confira a galeria de fotos do Retiro:[\/su_note]<\/p>\n<div id='gallery-1' class='gallery galleryid-10900 gallery-columns-3 gallery-size-medium'><figure class='gallery-item'>\n\t\t\t<div class='gallery-icon landscape'>\n\t\t\t\t<a href='https:\/\/dioceseteixeiradefreitas.com.br\/wp-content\/uploads\/2020\/08\/016b6452-08c9-4e47-8064-31c387357df7.jpg'><img loading=\"lazy\" decoding=\"async\" width=\"300\" height=\"169\" src=\"https:\/\/dioceseteixeiradefreitas.com.br\/wp-content\/uploads\/2020\/08\/016b6452-08c9-4e47-8064-31c387357df7-300x169.jpg\" class=\"attachment-medium size-medium\" alt=\"\" srcset=\"https:\/\/dioceseteixeiradefreitas.com.br\/wp-content\/uploads\/2020\/08\/016b6452-08c9-4e47-8064-31c387357df7-300x169.jpg 300w, https:\/\/dioceseteixeiradefreitas.com.br\/wp-content\/uploads\/2020\/08\/016b6452-08c9-4e47-8064-31c387357df7-600x338.jpg 600w, https:\/\/dioceseteixeiradefreitas.com.br\/wp-content\/uploads\/2020\/08\/016b6452-08c9-4e47-8064-31c387357df7-1024x576.jpg 1024w, https:\/\/dioceseteixeiradefreitas.com.br\/wp-content\/uploads\/2020\/08\/016b6452-08c9-4e47-8064-31c387357df7-768x432.jpg 768w, https:\/\/dioceseteixeiradefreitas.com.br\/wp-content\/uploads\/2020\/08\/016b6452-08c9-4e47-8064-31c387357df7-390x220.jpg 390w, https:\/\/dioceseteixeiradefreitas.com.br\/wp-content\/uploads\/2020\/08\/016b6452-08c9-4e47-8064-31c387357df7.jpg 1280w\" sizes=\"auto, (max-width: 300px) 100vw, 300px\" \/><\/a>\n\t\t\t<\/div><\/figure><figure class='gallery-item'>\n\t\t\t<div class='gallery-icon landscape'>\n\t\t\t\t<a href='https:\/\/dioceseteixeiradefreitas.com.br\/wp-content\/uploads\/2020\/08\/d8dbe151-9d35-4902-9cbd-f316ef0ab2c7.jpg'><img loading=\"lazy\" decoding=\"async\" width=\"300\" height=\"169\" src=\"https:\/\/dioceseteixeiradefreitas.com.br\/wp-content\/uploads\/2020\/08\/d8dbe151-9d35-4902-9cbd-f316ef0ab2c7-300x169.jpg\" class=\"attachment-medium size-medium\" alt=\"\" srcset=\"https:\/\/dioceseteixeiradefreitas.com.br\/wp-content\/uploads\/2020\/08\/d8dbe151-9d35-4902-9cbd-f316ef0ab2c7-300x169.jpg 300w, https:\/\/dioceseteixeiradefreitas.com.br\/wp-content\/uploads\/2020\/08\/d8dbe151-9d35-4902-9cbd-f316ef0ab2c7-600x338.jpg 600w, https:\/\/dioceseteixeiradefreitas.com.br\/wp-content\/uploads\/2020\/08\/d8dbe151-9d35-4902-9cbd-f316ef0ab2c7-1024x576.jpg 1024w, https:\/\/dioceseteixeiradefreitas.com.br\/wp-content\/uploads\/2020\/08\/d8dbe151-9d35-4902-9cbd-f316ef0ab2c7-768x432.jpg 768w, https:\/\/dioceseteixeiradefreitas.com.br\/wp-content\/uploads\/2020\/08\/d8dbe151-9d35-4902-9cbd-f316ef0ab2c7-390x220.jpg 390w, https:\/\/dioceseteixeiradefreitas.com.br\/wp-content\/uploads\/2020\/08\/d8dbe151-9d35-4902-9cbd-f316ef0ab2c7.jpg 1280w\" sizes=\"auto, (max-width: 300px) 100vw, 300px\" \/><\/a>\n\t\t\t<\/div><\/figure><figure class='gallery-item'>\n\t\t\t<div class='gallery-icon landscape'>\n\t\t\t\t<a href='https:\/\/dioceseteixeiradefreitas.com.br\/wp-content\/uploads\/2020\/08\/a2b31f6c-e103-4ef6-8c46-d88856a302ca.jpg'><img loading=\"lazy\" decoding=\"async\" width=\"300\" height=\"169\" src=\"https:\/\/dioceseteixeiradefreitas.com.br\/wp-content\/uploads\/2020\/08\/a2b31f6c-e103-4ef6-8c46-d88856a302ca-300x169.jpg\" class=\"attachment-medium size-medium\" alt=\"\" srcset=\"https:\/\/dioceseteixeiradefreitas.com.br\/wp-content\/uploads\/2020\/08\/a2b31f6c-e103-4ef6-8c46-d88856a302ca-300x169.jpg 300w, https:\/\/dioceseteixeiradefreitas.com.br\/wp-content\/uploads\/2020\/08\/a2b31f6c-e103-4ef6-8c46-d88856a302ca-600x338.jpg 600w, https:\/\/dioceseteixeiradefreitas.com.br\/wp-content\/uploads\/2020\/08\/a2b31f6c-e103-4ef6-8c46-d88856a302ca-1024x576.jpg 1024w, https:\/\/dioceseteixeiradefreitas.com.br\/wp-content\/uploads\/2020\/08\/a2b31f6c-e103-4ef6-8c46-d88856a302ca-768x432.jpg 768w, https:\/\/dioceseteixeiradefreitas.com.br\/wp-content\/uploads\/2020\/08\/a2b31f6c-e103-4ef6-8c46-d88856a302ca-390x220.jpg 390w, https:\/\/dioceseteixeiradefreitas.com.br\/wp-content\/uploads\/2020\/08\/a2b31f6c-e103-4ef6-8c46-d88856a302ca.jpg 1040w\" sizes=\"auto, (max-width: 300px) 100vw, 300px\" \/><\/a>\n\t\t\t<\/div><\/figure>\n\t\t<\/div>\n\n","protected":false},"excerpt":{"rendered":"<p>Nos dias 24 a 31 de julho de 2020, as religiosas da Congrega\u00e7\u00e3o das Irm\u00e3s de S\u00e3o Jos\u00e9 de Chambery, Irm\u00e3s Franciscanas do Senhor, Irm\u00e3s Adoradoras da Miseric\u00f3rdia, Irm\u00e3s Nossa Senhora da Anuncia\u00e7\u00e3o, Irm\u00e3s de Nossa Senhora do Monte Calv\u00e1rio, Irm\u00e3s Franciscanas de Santa Isabel da Hungria, Irm\u00e3s da Fraternidade Mission\u00e1ria: O Caminho, o Professor &hellip;<\/p>\n","protected":false},"author":1,"featured_media":10901,"comment_status":"closed","ping_status":"closed","sticky":false,"template":"","format":"standard","meta":{"footnotes":""},"categories":[100],"tags":[587,590,589,586,125,588],"class_list":["post-10900","post","type-post","status-publish","format-standard","has-post-thumbnail","hentry","category-noticias-diocesanas","tag-conferencia-dos-religiosos-do-brasil","tag-congregacao-irmas-de-notre-dame","tag-congregacoes","tag-crb","tag-diocese","tag-retiro"],"_links":{"self":[{"href":"https:\/\/dioceseteixeiradefreitas.com.br\/index.php?rest_route=\/wp\/v2\/posts\/10900","targetHints":{"allow":["GET"]}}],"collection":[{"href":"https:\/\/dioceseteixeiradefreitas.com.br\/index.php?rest_route=\/wp\/v2\/posts"}],"about":[{"href":"https:\/\/dioceseteixeiradefreitas.com.br\/index.php?rest_route=\/wp\/v2\/types\/post"}],"author":[{"embeddable":true,"href":"https:\/\/dioceseteixeiradefreitas.com.br\/index.php?rest_route=\/wp\/v2\/users\/1"}],"replies":[{"embeddable":true,"href":"https:\/\/dioceseteixeiradefreitas.com.br\/index.php?rest_route=%2Fwp%2Fv2%2Fcomments&post=10900"}],"version-history":[{"count":5,"href":"https:\/\/dioceseteixeiradefreitas.com.br\/index.php?rest_route=\/wp\/v2\/posts\/10900\/revisions"}],"predecessor-version":[{"id":10908,"href":"https:\/\/dioceseteixeiradefreitas.com.br\/index.php?rest_route=\/wp\/v2\/posts\/10900\/revisions\/10908"}],"wp:featuredmedia":[{"embeddable":true,"href":"https:\/\/dioceseteixeiradefreitas.com.br\/index.php?rest_route=\/wp\/v2\/media\/10901"}],"wp:attachment":[{"href":"https:\/\/dioceseteixeiradefreitas.com.br\/index.php?rest_route=%2Fwp%2Fv2%2Fmedia&parent=10900"}],"wp:term":[{"taxonomy":"category","embeddable":true,"href":"https:\/\/dioceseteixeiradefreitas.com.br\/index.php?rest_route=%2Fwp%2Fv2%2Fcategories&post=10900"},{"taxonomy":"post_tag","embeddable":true,"href":"https:\/\/dioceseteixeiradefreitas.com.br\/index.php?rest_route=%2Fwp%2Fv2%2Ftags&post=10900"}],"curies":[{"name":"wp","href":"https:\/\/api.w.org\/{rel}","templated":true}]}}