{"id":10934,"date":"2020-08-06T07:26:36","date_gmt":"2020-08-06T10:26:36","guid":{"rendered":"https:\/\/dioceseteixeiradefreitas.com.br\/?p=10934"},"modified":"2020-08-06T15:59:40","modified_gmt":"2020-08-06T18:59:40","slug":"participe-do-triduo-em-honra-a-sao-lourenco","status":"publish","type":"post","link":"https:\/\/dioceseteixeiradefreitas.com.br\/?p=10934","title":{"rendered":"Participe do Tr\u00edduo em honra a S\u00e3o Louren\u00e7o"},"content":{"rendered":"<p><img loading=\"lazy\" decoding=\"async\" class=\"aligncenter wp-image-10935\" src=\"https:\/\/dioceseteixeiradefreitas.com.br\/wp-content\/uploads\/2020\/08\/b7ac8811-a884-4efc-b306-90e2f9ff463b.jpg\" alt=\"\" width=\"699\" height=\"698\" srcset=\"https:\/\/dioceseteixeiradefreitas.com.br\/wp-content\/uploads\/2020\/08\/b7ac8811-a884-4efc-b306-90e2f9ff463b.jpg 719w, https:\/\/dioceseteixeiradefreitas.com.br\/wp-content\/uploads\/2020\/08\/b7ac8811-a884-4efc-b306-90e2f9ff463b-300x300.jpg 300w, https:\/\/dioceseteixeiradefreitas.com.br\/wp-content\/uploads\/2020\/08\/b7ac8811-a884-4efc-b306-90e2f9ff463b-100x100.jpg 100w, https:\/\/dioceseteixeiradefreitas.com.br\/wp-content\/uploads\/2020\/08\/b7ac8811-a884-4efc-b306-90e2f9ff463b-600x599.jpg 600w, https:\/\/dioceseteixeiradefreitas.com.br\/wp-content\/uploads\/2020\/08\/b7ac8811-a884-4efc-b306-90e2f9ff463b-150x150.jpg 150w\" sizes=\"auto, (max-width: 699px) 100vw, 699px\" \/><\/p>\n<p>A Par\u00f3quia de S\u00e3o Louren\u00e7o se prepara para celebrar o Tr\u00edduo e Festa do seu padroeiro, que se inicia nesta sexta-feira (07) e se estende at\u00e9 o dia 10\/08. Com o tema: &#8220;Sem mim nada podeis fazer&#8221; &#8211; Jo\u00e3o 15,5, todos os dias haver\u00e1 Missa, presidida por um padre convidado.<\/p>\n<p>A programa\u00e7\u00e3o conta com a presen\u00e7a de Pe. Edileis Silva de Ara\u00fajo, Pe. Ariston Ara\u00fajo, al\u00e9m do p\u00e1roco Pe. Met\u00f3dio Macedo Santos e do Revmo. Dom Jailton de Oliveira Lino, especialmente no dia 10 de Agosto. De forma at\u00edpica devido a pandemia do Covid-19, n\u00e3o haver\u00e3o barraquinhas com comidas t\u00edpicas, a fim de evitar aglomera\u00e7\u00e3o e em respeito a Nota Pastoral 04 emitida pelo Bispo Diocesano. A Par\u00f3quia S\u00e3o Louren\u00e7o fica localizada na Rua Andr\u00e9 Medeiros, 454, bairro S\u00e3o Louren\u00e7o, em Teixeira de Freitas\/BA.<\/p>\n<p>A par\u00f3quia informa que as fichas para participar das Missas ser\u00e3o entregues na Secretaria Paroquial em hor\u00e1rio comercial e que as celebra\u00e7\u00f5es ser\u00e3o transmitidas ao vivo pela p\u00e1gina da par\u00f3quia no facebook <strong><a href=\"https:\/\/www.facebook.com\/saolourencotx\" target=\"_blank\" rel=\"noopener noreferrer\">(AQUI)<\/a><\/strong> e no perfil do instagram <strong><a href=\"https:\/\/www.instagram.com\/saolourencotx\/\">(AQUI)<\/a><\/strong>.<\/p>\n<p>*** Atualiza\u00e7\u00e3o: A Pastoral da Comunica\u00e7\u00e3o da Par\u00f3quia informa que n\u00e3o h\u00e1 mais fichas para serem retiradas, devendo portando os fi\u00e9is acompanharem pelas redes sociais da par\u00f3quia divulgadas acima.<\/p>\n","protected":false},"excerpt":{"rendered":"<p>A Par\u00f3quia de S\u00e3o Louren\u00e7o se prepara para celebrar o Tr\u00edduo e Festa do seu padroeiro, que se inicia nesta sexta-feira (07) e se estende at\u00e9 o dia 10\/08. Com o tema: &#8220;Sem mim nada podeis fazer&#8221; &#8211; Jo\u00e3o 15,5, todos os dias haver\u00e1 Missa, presidida por um padre convidado. A programa\u00e7\u00e3o conta com a &hellip;<\/p>\n","protected":false},"author":1,"featured_media":10935,"comment_status":"closed","ping_status":"closed","sticky":false,"template":"","format":"standard","meta":{"footnotes":""},"categories":[310],"tags":[205,57,592,323,593],"class_list":["post-10934","post","type-post","status-publish","format-standard","has-post-thumbnail","hentry","category-noticias-paroquiais","tag-festa-de-sao-lourenco","tag-forania-sao-pedro","tag-padroeiro-sao-lourenco","tag-paroquia-sao-lourenco","tag-pe-metodio-macedo-santos"],"_links":{"self":[{"href":"https:\/\/dioceseteixeiradefreitas.com.br\/index.php?rest_route=\/wp\/v2\/posts\/10934","targetHints":{"allow":["GET"]}}],"collection":[{"href":"https:\/\/dioceseteixeiradefreitas.com.br\/index.php?rest_route=\/wp\/v2\/posts"}],"about":[{"href":"https:\/\/dioceseteixeiradefreitas.com.br\/index.php?rest_route=\/wp\/v2\/types\/post"}],"author":[{"embeddable":true,"href":"https:\/\/dioceseteixeiradefreitas.com.br\/index.php?rest_route=\/wp\/v2\/users\/1"}],"replies":[{"embeddable":true,"href":"https:\/\/dioceseteixeiradefreitas.com.br\/index.php?rest_route=%2Fwp%2Fv2%2Fcomments&post=10934"}],"version-history":[{"count":3,"href":"https:\/\/dioceseteixeiradefreitas.com.br\/index.php?rest_route=\/wp\/v2\/posts\/10934\/revisions"}],"predecessor-version":[{"id":10938,"href":"https:\/\/dioceseteixeiradefreitas.com.br\/index.php?rest_route=\/wp\/v2\/posts\/10934\/revisions\/10938"}],"wp:featuredmedia":[{"embeddable":true,"href":"https:\/\/dioceseteixeiradefreitas.com.br\/index.php?rest_route=\/wp\/v2\/media\/10935"}],"wp:attachment":[{"href":"https:\/\/dioceseteixeiradefreitas.com.br\/index.php?rest_route=%2Fwp%2Fv2%2Fmedia&parent=10934"}],"wp:term":[{"taxonomy":"category","embeddable":true,"href":"https:\/\/dioceseteixeiradefreitas.com.br\/index.php?rest_route=%2Fwp%2Fv2%2Fcategories&post=10934"},{"taxonomy":"post_tag","embeddable":true,"href":"https:\/\/dioceseteixeiradefreitas.com.br\/index.php?rest_route=%2Fwp%2Fv2%2Ftags&post=10934"}],"curies":[{"name":"wp","href":"https:\/\/api.w.org\/{rel}","templated":true}]}}