{"id":10945,"date":"2020-08-07T17:23:05","date_gmt":"2020-08-07T20:23:05","guid":{"rendered":"https:\/\/dioceseteixeiradefreitas.com.br\/?p=10945"},"modified":"2020-08-07T17:35:55","modified_gmt":"2020-08-07T20:35:55","slug":"igreja-no-brasil-celebra-de-09-a-15-de-agosto-a-semana-nacional-da-familia-confira-a-programacao-na-diocese","status":"publish","type":"post","link":"https:\/\/dioceseteixeiradefreitas.com.br\/?p=10945","title":{"rendered":"Igreja no Brasil celebra de 09 a 15 de agosto a Semana Nacional da Fam\u00edlia, confira a programa\u00e7\u00e3o na Diocese"},"content":{"rendered":"<figure id=\"attachment_10946\" aria-describedby=\"caption-attachment-10946\" style=\"width: 1200px\" class=\"wp-caption aligncenter\"><img loading=\"lazy\" decoding=\"async\" class=\"wp-image-10946 size-full\" src=\"https:\/\/dioceseteixeiradefreitas.com.br\/wp-content\/uploads\/2020\/08\/capa-familia-semana-nacional-familia2020-1200x762_c.jpg\" alt=\"\" width=\"1200\" height=\"762\" srcset=\"https:\/\/dioceseteixeiradefreitas.com.br\/wp-content\/uploads\/2020\/08\/capa-familia-semana-nacional-familia2020-1200x762_c.jpg 1200w, https:\/\/dioceseteixeiradefreitas.com.br\/wp-content\/uploads\/2020\/08\/capa-familia-semana-nacional-familia2020-1200x762_c-600x381.jpg 600w, https:\/\/dioceseteixeiradefreitas.com.br\/wp-content\/uploads\/2020\/08\/capa-familia-semana-nacional-familia2020-1200x762_c-300x191.jpg 300w, https:\/\/dioceseteixeiradefreitas.com.br\/wp-content\/uploads\/2020\/08\/capa-familia-semana-nacional-familia2020-1200x762_c-1024x650.jpg 1024w, https:\/\/dioceseteixeiradefreitas.com.br\/wp-content\/uploads\/2020\/08\/capa-familia-semana-nacional-familia2020-1200x762_c-768x488.jpg 768w\" sizes=\"auto, (max-width: 1200px) 100vw, 1200px\" \/><figcaption id=\"caption-attachment-10946\" class=\"wp-caption-text\">Cartaz de divulga\u00e7\u00e3o da Semana Nacional da Fam\u00edlia &#8211; Imagem: Pastoral Familiar\/Divulga\u00e7\u00e3o<\/figcaption><\/figure>\n<p>Dentro do M\u00eas Vocacional, a Igreja no Brasil celebra, na segunda semana de agosto, a Semana Nacional da Fam\u00edlia, uma mobiliza\u00e7\u00e3o de grupos e comunidades que ocorre, desde 1992, com momentos de ora\u00e7\u00e3o, forma\u00e7\u00e3o e reflex\u00e3o. Neste ano, a Comiss\u00e3o Episcopal Pastoral para a Vida e a Fam\u00edlia da Confer\u00eancia Nacional dos Bispos do Brasil (CNBB) prop\u00f4s como tema \u201cEu e minha casa serviremos ao Senhor\u201d (Josu\u00e9 24, 15).<\/p>\n<p>Para celebrar a Semana Nacional da Fam\u00edlia \u2013 do Dia dos Pais at\u00e9 o dia 16 de agosto \u2013 a Comiss\u00e3o Episcopal Pastoral para a Vida e a Fam\u00edlia da Diocese preparou uma programa\u00e7\u00e3o especial, como a Live: Hora da fam\u00edlia Virtual, todos os dias \u00e0s 19h30 com convidados que refletir\u00e3o sobre alguns temas extra\u00eddos do subs\u00eddio &#8220;Hora da Fam\u00edlia&#8221;. Padres convidados: Le\u00f4nidas, Valdir e Aelson Neves. Os encontros ser\u00e3o transmitidos ao vivo pelo <strong><a href=\"https:\/\/www.youtube.com\/dioceseteixeiradefreitas\" target=\"_blank\" rel=\"noopener noreferrer\">canal da Diocese no Youtube<\/a><\/strong>. No s\u00e1bado (15), ap\u00f3s o \u00faltimo encontro, acontecer\u00e1 uma confraterniza\u00e7\u00e3o, m\u00fasica ao vivo com Binho e Fam\u00edlia, animando a noite de s\u00e1bado. No dia 16 de agosto (domingo), encerrando a Semana Nacional da Fam\u00edlia, o Bispo Diocesano, Dom Jailton, presidir\u00e1 a Santa Missa, \u00e0s 10h, na Catedral S\u00e3o Pedro, transmitida ao vivo para toda a Diocese.<\/p>\n<p>N\u00e3o perca nenhum dia da Semana Nacional da Fam\u00edlia. Se inscreva no canal da Diocese no Youtube e ative o sininho para as notifica\u00e7\u00f5es e selecione &#8220;todas as notifica\u00e7\u00f5es&#8221;, assim voc\u00ea saber\u00e1 quando a diocese estar\u00e1 ao vivo.<\/p>\n<p>[su_note note_color=&#8221;#f3b418&#8243; text_color=&#8221;#ffffff&#8221;]Confira o convite de Dom Jailton[\/su_note]<\/p>\n<div style=\"width: 1280px;\" class=\"wp-video\"><video class=\"wp-video-shortcode\" id=\"video-10945-1\" width=\"1280\" height=\"720\" preload=\"metadata\" controls=\"controls\"><source type=\"video\/mp4\" src=\"https:\/\/dioceseteixeiradefreitas.com.br\/wp-content\/uploads\/2020\/08\/semana-da-familia-2.mp4?_=1\" \/><a href=\"https:\/\/dioceseteixeiradefreitas.com.br\/wp-content\/uploads\/2020\/08\/semana-da-familia-2.mp4\">https:\/\/dioceseteixeiradefreitas.com.br\/wp-content\/uploads\/2020\/08\/semana-da-familia-2.mp4<\/a><\/video><\/div>\n<p style=\"text-align: center;\"><strong>PROGRAMA\u00c7\u00c3O DIOCESANA<\/strong><\/p>\n<p><strong>Dia 09\/08 &#8211; Santa Missa de Abertura nas par\u00f3quias <\/strong><br \/>\n(Celebra\u00e7\u00e3o do Dia dos Pais)<\/p>\n<p><strong>Dia 10\/08 (19h30) &#8211; Live: Hora da Fam\u00edlia Virtual<\/strong><br \/>\n&#8220;Amados e chamados por Deus&#8221; &#8211; Pe. Le\u00f4nidas (Comiss\u00e3o Episcopal Vida e Fam\u00edlia)<\/p>\n<p><strong>Dia 11\/08 (19h30) &#8211; Live: Hora da Fam\u00edlia Virtual<\/strong><br \/>\n&#8220;Fam\u00edlia e Matrim\u00f4nio&#8221; &#8211; Pe. Aelson (Comiss\u00e3o Episcopal Vida e Fam\u00edlia)<\/p>\n<p><strong>Dia 12\/08 (19h30) &#8211; Live: Hora da Fam\u00edlia Virtual<\/strong><br \/>\n&#8220;Fam\u00edlia e Educa\u00e7\u00e3o&#8221; &#8211; Pe. Valdir (Comiss\u00e3o Episcopal Vida e Fam\u00edlia)<\/p>\n<p><strong>Dia 13\/08 (19h30) &#8211; Live: Hora da Fam\u00edlia Virtual<\/strong><br \/>\n&#8220;Hora Santa da Fam\u00edlia&#8221; e Adora\u00e7\u00e3o ao Sant\u00edssimo Sacramento &#8211; Pe. Le\u00f4nidas (Comiss\u00e3o Episcopal Vida e Fam\u00edlia)<\/p>\n<p><strong>Dia 14\/08 (19h30 &#8211; Live: Hora da Fam\u00edlia Virtual<\/strong><br \/>\n&#8220;Fam\u00edlia e compromisso com a Vida&#8221; &#8211; (Comiss\u00e3o Episcopal Vida e Fam\u00edlia)<\/p>\n<p><strong>Dia 15\/08 (19h30) &#8211; Live: Hora da Fam\u00edlia Virtual<\/strong><br \/>\n&#8220;Eu e minha casa serviremos ao Senhor&#8221; &#8211; (Comiss\u00e3o Episcopal Vida e Fam\u00edlia)<br \/>\nLogo ap\u00f3s, confraterniza\u00e7\u00e3o com m\u00fasica ao vivo com Binho e Fam\u00edlia<\/p>\n<p><strong>Dia 16\/08 (10h) &#8211; Santa Missa de encerramento na Catedral S\u00e3o Pedro<\/strong><br \/>\nPresidida por Dom Jailton de Oliveira Lino, PSDP<\/p>\n<div id='gallery-1' class='gallery galleryid-10945 gallery-columns-2 gallery-size-medium'><figure class='gallery-item'>\n\t\t\t<div class='gallery-icon portrait'>\n\t\t\t\t<a href='https:\/\/dioceseteixeiradefreitas.com.br\/wp-content\/uploads\/2020\/08\/pastoral-familiar.png'><img loading=\"lazy\" decoding=\"async\" width=\"211\" height=\"300\" src=\"https:\/\/dioceseteixeiradefreitas.com.br\/wp-content\/uploads\/2020\/08\/pastoral-familiar-211x300.png\" class=\"attachment-medium size-medium\" alt=\"\" srcset=\"https:\/\/dioceseteixeiradefreitas.com.br\/wp-content\/uploads\/2020\/08\/pastoral-familiar-211x300.png 211w, https:\/\/dioceseteixeiradefreitas.com.br\/wp-content\/uploads\/2020\/08\/pastoral-familiar-600x852.png 600w, https:\/\/dioceseteixeiradefreitas.com.br\/wp-content\/uploads\/2020\/08\/pastoral-familiar-721x1024.png 721w, https:\/\/dioceseteixeiradefreitas.com.br\/wp-content\/uploads\/2020\/08\/pastoral-familiar-768x1091.png 768w, https:\/\/dioceseteixeiradefreitas.com.br\/wp-content\/uploads\/2020\/08\/pastoral-familiar-1081x1536.png 1081w, https:\/\/dioceseteixeiradefreitas.com.br\/wp-content\/uploads\/2020\/08\/pastoral-familiar.png 1408w\" sizes=\"auto, (max-width: 211px) 100vw, 211px\" \/><\/a>\n\t\t\t<\/div><\/figure><figure class='gallery-item'>\n\t\t\t<div class='gallery-icon portrait'>\n\t\t\t\t<a href='https:\/\/dioceseteixeiradefreitas.com.br\/wp-content\/uploads\/2020\/08\/capa.jpg'><img loading=\"lazy\" decoding=\"async\" width=\"211\" height=\"300\" src=\"https:\/\/dioceseteixeiradefreitas.com.br\/wp-content\/uploads\/2020\/08\/capa-211x300.jpg\" class=\"attachment-medium size-medium\" alt=\"\" srcset=\"https:\/\/dioceseteixeiradefreitas.com.br\/wp-content\/uploads\/2020\/08\/capa-211x300.jpg 211w, https:\/\/dioceseteixeiradefreitas.com.br\/wp-content\/uploads\/2020\/08\/capa-600x852.jpg 600w, https:\/\/dioceseteixeiradefreitas.com.br\/wp-content\/uploads\/2020\/08\/capa-721x1024.jpg 721w, https:\/\/dioceseteixeiradefreitas.com.br\/wp-content\/uploads\/2020\/08\/capa-768x1091.jpg 768w, https:\/\/dioceseteixeiradefreitas.com.br\/wp-content\/uploads\/2020\/08\/capa-1081x1536.jpg 1081w, https:\/\/dioceseteixeiradefreitas.com.br\/wp-content\/uploads\/2020\/08\/capa.jpg 1408w\" sizes=\"auto, (max-width: 211px) 100vw, 211px\" \/><\/a>\n\t\t\t<\/div><\/figure>\n\t\t<\/div>\n\n","protected":false},"excerpt":{"rendered":"<p>Dentro do M\u00eas Vocacional, a Igreja no Brasil celebra, na segunda semana de agosto, a Semana Nacional da Fam\u00edlia, uma mobiliza\u00e7\u00e3o de grupos e comunidades que ocorre, desde 1992, com momentos de ora\u00e7\u00e3o, forma\u00e7\u00e3o e reflex\u00e3o. Neste ano, a Comiss\u00e3o Episcopal Pastoral para a Vida e a Fam\u00edlia da Confer\u00eancia Nacional dos Bispos do Brasil &hellip;<\/p>\n","protected":false},"author":1,"featured_media":10946,"comment_status":"closed","ping_status":"closed","sticky":false,"template":"","format":"standard","meta":{"footnotes":""},"categories":[100],"tags":[596,125,595,221],"class_list":["post-10945","post","type-post","status-publish","format-standard","has-post-thumbnail","hentry","category-noticias-diocesanas","tag-comissao-episcopal-vida-e-familia","tag-diocese","tag-pastoral-familiar","tag-semana-nacional-da-familia"],"_links":{"self":[{"href":"https:\/\/dioceseteixeiradefreitas.com.br\/index.php?rest_route=\/wp\/v2\/posts\/10945","targetHints":{"allow":["GET"]}}],"collection":[{"href":"https:\/\/dioceseteixeiradefreitas.com.br\/index.php?rest_route=\/wp\/v2\/posts"}],"about":[{"href":"https:\/\/dioceseteixeiradefreitas.com.br\/index.php?rest_route=\/wp\/v2\/types\/post"}],"author":[{"embeddable":true,"href":"https:\/\/dioceseteixeiradefreitas.com.br\/index.php?rest_route=\/wp\/v2\/users\/1"}],"replies":[{"embeddable":true,"href":"https:\/\/dioceseteixeiradefreitas.com.br\/index.php?rest_route=%2Fwp%2Fv2%2Fcomments&post=10945"}],"version-history":[{"count":4,"href":"https:\/\/dioceseteixeiradefreitas.com.br\/index.php?rest_route=\/wp\/v2\/posts\/10945\/revisions"}],"predecessor-version":[{"id":10954,"href":"https:\/\/dioceseteixeiradefreitas.com.br\/index.php?rest_route=\/wp\/v2\/posts\/10945\/revisions\/10954"}],"wp:featuredmedia":[{"embeddable":true,"href":"https:\/\/dioceseteixeiradefreitas.com.br\/index.php?rest_route=\/wp\/v2\/media\/10946"}],"wp:attachment":[{"href":"https:\/\/dioceseteixeiradefreitas.com.br\/index.php?rest_route=%2Fwp%2Fv2%2Fmedia&parent=10945"}],"wp:term":[{"taxonomy":"category","embeddable":true,"href":"https:\/\/dioceseteixeiradefreitas.com.br\/index.php?rest_route=%2Fwp%2Fv2%2Fcategories&post=10945"},{"taxonomy":"post_tag","embeddable":true,"href":"https:\/\/dioceseteixeiradefreitas.com.br\/index.php?rest_route=%2Fwp%2Fv2%2Ftags&post=10945"}],"curies":[{"name":"wp","href":"https:\/\/api.w.org\/{rel}","templated":true}]}}