{"id":10997,"date":"2020-08-18T09:29:57","date_gmt":"2020-08-18T12:29:57","guid":{"rendered":"https:\/\/dioceseteixeiradefreitas.com.br\/?p=10997"},"modified":"2020-08-18T09:31:07","modified_gmt":"2020-08-18T12:31:07","slug":"na-semana-nacional-da-vida-consagrada-papa-francisco-envia-carta-aos-religiosos-do-brasil","status":"publish","type":"post","link":"https:\/\/dioceseteixeiradefreitas.com.br\/?p=10997","title":{"rendered":"Na Semana Nacional da Vida Consagrada, Papa Francisco envia carta aos religiosos do Brasil"},"content":{"rendered":"<p><img loading=\"lazy\" decoding=\"async\" class=\"aligncenter size-full wp-image-10998\" src=\"https:\/\/dioceseteixeiradefreitas.com.br\/wp-content\/uploads\/2020\/08\/Freira-no-Brasil-1200x762_c.jpg\" alt=\"\" width=\"1200\" height=\"762\" srcset=\"https:\/\/dioceseteixeiradefreitas.com.br\/wp-content\/uploads\/2020\/08\/Freira-no-Brasil-1200x762_c.jpg 1200w, https:\/\/dioceseteixeiradefreitas.com.br\/wp-content\/uploads\/2020\/08\/Freira-no-Brasil-1200x762_c-600x381.jpg 600w, https:\/\/dioceseteixeiradefreitas.com.br\/wp-content\/uploads\/2020\/08\/Freira-no-Brasil-1200x762_c-300x191.jpg 300w, https:\/\/dioceseteixeiradefreitas.com.br\/wp-content\/uploads\/2020\/08\/Freira-no-Brasil-1200x762_c-1024x650.jpg 1024w, https:\/\/dioceseteixeiradefreitas.com.br\/wp-content\/uploads\/2020\/08\/Freira-no-Brasil-1200x762_c-768x488.jpg 768w\" sizes=\"auto, (max-width: 1200px) 100vw, 1200px\" \/><\/p>\n<p>Na semana em que a Igreja no Brasil, dentro das programa\u00e7\u00f5es do M\u00eas Vocacional, realiza pela primeira vez a Semana Nacional da Vida Consagrada, o Papa Francisco enviou uma carta aos consagrados e consagradas do Brasil. A semana, organizada pela Confer\u00eancia dos Religiosos do Brasil (CRB) teve in\u00edcio ontem, 16 de agosto, e continua com uma s\u00e9rie de a\u00e7\u00f5es (lives, celebra\u00e7\u00f5es) at\u00e9 o pr\u00f3ximo dia 22, s\u00e1bado.\u00a0 A semana tem o mesmo tema do m\u00eas vocacional \u201cAmados e Chamados por Deus\u201d.<\/p>\n<p>Na carta, o Santo Padre se une em esp\u00edrito \u00e0 realiza\u00e7\u00e3o da semana promovida pela CRB. O Papa Francisco recordou que a caminhada vocacional tem origem na experi\u00eancia de saber-se amado por Deus. Frente \u00e0s tenta\u00e7\u00f5es do mundo que podem fragilizar a voca\u00e7\u00e3o \u00e0 vida consagrada, o Papa Francisco levanta novamente a\u00a0pergunta feita na Carta Apost\u00f3lica aos Consagrados, em 2014: \u201cJesus \u00e9 verdadeiramente o primeiro e o \u00fanico amor, como nos propusemos quando professamos os nossos votos?\u201d.<\/p>\n<p>Segundo o Sumo Pont\u00edfice, s\u00f3 em caso afirmativo, \u201cpoderemos como \u00e9 nosso dever \u2013 amar verdadeira e misericordiosamente cada pessoa que encontramos no nosso caminho, porque teremos aprendido dele o que \u00e9 o amor e como amar: saberemos amar, porque teremos o seu pr\u00f3prio cora\u00e7\u00e3o\u201d. Confira a \u00edntegra da carta do Papa Francisco abaixo:<\/p>\n<h4><em>Queridos consagrados e consagradas do Brasil<\/em>,<\/h4>\n<h4><em>\u00c9 com grande alegria que me uno em esp\u00edrito \u00e0s ora\u00e7\u00f5es e iniciativas promovidas pela Confer\u00eancia dos Religiosos do Brasil por ocasi\u00e3o da Semana da Vida Religiosa Consagrada entre os dias 16 e 22 de agosto que visa promover e renovar a miss\u00e3o de cada um de voc\u00eas na terra de Santa Cruz. Neste sentido, conv\u00e9m recordar que a caminhada vocacional tem sua origem na experi\u00eancia de saber-se amado por Deus: a pr\u00f3pria vida j\u00e1 \u00e9 fruto de uma chamada de Deus; nos chamou \u00e0 vida porque nos ama e tudo predisp\u00f4s para que cada um de n\u00f3s fosse \u00fanico acompanhando-nos ao longo das estradas poeirentas da nossa vida e, sabendo da nossa pungente nostalgia de amor e felicidade, chama-nos \u00e0 alegria, que se encontra somente no dom de si aos outros (cf. Mensagem para o 55\u00ba Dia Mundial de Ora\u00e7\u00e3o pelas Voca\u00e7\u00f5es, 22\/2\/2018).<\/em><\/h4>\n<h4><em>Por outro lado, diante dos desafios impostos pela sociedade atual, que vive numa mudan\u00e7a de \u00e9poca, \u00e9 preciso estar vigilantes, a fim de se evitar a tenta\u00e7\u00e3o de ter um olhar mundano, que nos impede ver a gra\u00e7a de Deus como protagonista da vida e nos leva a sair \u00e0 procura de qualquer substituto (cf. Homilia no 24\u00ba Dia Mundial da Vida Consagrada, 1\/2\/2020). O melhor ant\u00eddoto contra a tenta\u00e7\u00e3o \u00e9 dar prioridade \u00e0 ora\u00e7\u00e3o em meio a todas as nossas atividades, certos de que a pessoa que mant\u00e9m o olhar fixo em Jesus aprende a viver para servir, pois experimenta aquilo que disse o profeta Isa\u00edas: \u201c\u00c9s precioso a meus olhos\u2026 Eu te amo\u201d (43,4).<\/em><\/h4>\n<h4><em>Por isso, para buscar uma maior promo\u00e7\u00e3o e renova\u00e7\u00e3o da vida e miss\u00e3o dos consagrados no Brasil, convido novamente a fazer aquela pergunta que tinha proposto na Carta Apost\u00f3lica aos Consagrados, em 2014: \u201cJesus \u00e9 verdadeiramente o primeiro e o \u00fanico amor, como nos propusemos quando professamos os nossos votos? S\u00f3 em caso afirmativo, poderemos como \u00e9 nosso dever \u2013 amar verdadeira e misericordiosamente cada pessoa que encontramos no nosso caminho, porque teremos aprendido dele o que \u00e9 o amor e como amar: saberemos amar, porque teremos o seu pr\u00f3prio cora\u00e7\u00e3o\u201d.<\/em><\/h4>\n<h4><em>Queridos consagrados e consagradas do Brasil, desejando confirmar tais prop\u00f3sitos e pedindo a intercess\u00e3o de Nossa Senhora Aparecida para que essa Semana da Vida Religiosa Consagrada seja muito fecunda, envio a todos a B\u00ean\u00e7\u00e3o Apost\u00f3lica, pedindo que, por favor, n\u00e3o deixem de rezar por mim.<\/em><\/h4>\n<p style=\"text-align: right;\">Roma, S\u00e3o Jo\u00e3o de Latr\u00e3o, 5 de agosto de 2020<\/p>\n<p style=\"text-align: center;\"><strong>Papa Francisco<\/strong><\/p>\n","protected":false},"excerpt":{"rendered":"<p>Na semana em que a Igreja no Brasil, dentro das programa\u00e7\u00f5es do M\u00eas Vocacional, realiza pela primeira vez a Semana Nacional da Vida Consagrada, o Papa Francisco enviou uma carta aos consagrados e consagradas do Brasil. A semana, organizada pela Confer\u00eancia dos Religiosos do Brasil (CRB) teve in\u00edcio ontem, 16 de agosto, e continua com &hellip;<\/p>\n","protected":false},"author":1,"featured_media":10998,"comment_status":"closed","ping_status":"closed","sticky":false,"template":"","format":"standard","meta":{"footnotes":""},"categories":[104],"tags":[605,586,71,604],"class_list":["post-10997","post","type-post","status-publish","format-standard","has-post-thumbnail","hentry","category-noticias-da-cnbb","tag-carta-aos-religiosos","tag-crb","tag-papa-francisco","tag-semana-nacional-da-vida-consagrada"],"_links":{"self":[{"href":"https:\/\/dioceseteixeiradefreitas.com.br\/index.php?rest_route=\/wp\/v2\/posts\/10997","targetHints":{"allow":["GET"]}}],"collection":[{"href":"https:\/\/dioceseteixeiradefreitas.com.br\/index.php?rest_route=\/wp\/v2\/posts"}],"about":[{"href":"https:\/\/dioceseteixeiradefreitas.com.br\/index.php?rest_route=\/wp\/v2\/types\/post"}],"author":[{"embeddable":true,"href":"https:\/\/dioceseteixeiradefreitas.com.br\/index.php?rest_route=\/wp\/v2\/users\/1"}],"replies":[{"embeddable":true,"href":"https:\/\/dioceseteixeiradefreitas.com.br\/index.php?rest_route=%2Fwp%2Fv2%2Fcomments&post=10997"}],"version-history":[{"count":3,"href":"https:\/\/dioceseteixeiradefreitas.com.br\/index.php?rest_route=\/wp\/v2\/posts\/10997\/revisions"}],"predecessor-version":[{"id":11001,"href":"https:\/\/dioceseteixeiradefreitas.com.br\/index.php?rest_route=\/wp\/v2\/posts\/10997\/revisions\/11001"}],"wp:featuredmedia":[{"embeddable":true,"href":"https:\/\/dioceseteixeiradefreitas.com.br\/index.php?rest_route=\/wp\/v2\/media\/10998"}],"wp:attachment":[{"href":"https:\/\/dioceseteixeiradefreitas.com.br\/index.php?rest_route=%2Fwp%2Fv2%2Fmedia&parent=10997"}],"wp:term":[{"taxonomy":"category","embeddable":true,"href":"https:\/\/dioceseteixeiradefreitas.com.br\/index.php?rest_route=%2Fwp%2Fv2%2Fcategories&post=10997"},{"taxonomy":"post_tag","embeddable":true,"href":"https:\/\/dioceseteixeiradefreitas.com.br\/index.php?rest_route=%2Fwp%2Fv2%2Ftags&post=10997"}],"curies":[{"name":"wp","href":"https:\/\/api.w.org\/{rel}","templated":true}]}}