{"id":11005,"date":"2020-08-18T18:41:42","date_gmt":"2020-08-18T21:41:42","guid":{"rendered":"https:\/\/dioceseteixeiradefreitas.com.br\/?p=11005"},"modified":"2020-08-18T18:41:42","modified_gmt":"2020-08-18T21:41:42","slug":"nota-pastoral-06-novas-normas-e-procedimentos-em-tempos-de-coronavirus","status":"publish","type":"post","link":"https:\/\/dioceseteixeiradefreitas.com.br\/?p=11005","title":{"rendered":"NOTA PASTORAL 06: Novas normas e procedimentos em tempos de Coronav\u00edrus"},"content":{"rendered":"<figure id=\"attachment_9821\" aria-describedby=\"caption-attachment-9821\" style=\"width: 768px\" class=\"wp-caption aligncenter\"><img loading=\"lazy\" decoding=\"async\" class=\"wp-image-9821 size-full\" src=\"https:\/\/dioceseteixeiradefreitas.com.br\/wp-content\/uploads\/2020\/03\/BRAS\u00c3O-CORONAV\u00cdRUS.jpg\" alt=\"\" width=\"768\" height=\"768\" srcset=\"https:\/\/dioceseteixeiradefreitas.com.br\/wp-content\/uploads\/2020\/03\/BRAS\u00c3O-CORONAV\u00cdRUS.jpg 768w, https:\/\/dioceseteixeiradefreitas.com.br\/wp-content\/uploads\/2020\/03\/BRAS\u00c3O-CORONAV\u00cdRUS-300x300.jpg 300w, https:\/\/dioceseteixeiradefreitas.com.br\/wp-content\/uploads\/2020\/03\/BRAS\u00c3O-CORONAV\u00cdRUS-100x100.jpg 100w, https:\/\/dioceseteixeiradefreitas.com.br\/wp-content\/uploads\/2020\/03\/BRAS\u00c3O-CORONAV\u00cdRUS-600x600.jpg 600w, https:\/\/dioceseteixeiradefreitas.com.br\/wp-content\/uploads\/2020\/03\/BRAS\u00c3O-CORONAV\u00cdRUS-150x150.jpg 150w\" sizes=\"auto, (max-width: 768px) 100vw, 768px\" \/><figcaption id=\"caption-attachment-9821\" class=\"wp-caption-text\">Diocese lan\u00e7a VI Nota Pastoral \u2013 Imagem: PASCOM\/Divulga\u00e7\u00e3o<\/figcaption><\/figure>\n<p><strong>NOTA PASTORAL 06 \u2013 NORMAS E PROCEDIMENTOS EM TEMPOS DE CORONAV\u00cdRUS (COVID-19) NA DIOCESE<\/strong><\/p>\n<p>O bispo diocesano, Dom Jailton de Oliveira Lino, por merc\u00ea de Deus e da Santa S\u00e9 Apost\u00f3lica, tendo presente o processo de flexibiliza\u00e7\u00e3o em que vem acontecendo em diversos setores da sociedade e levando em considera\u00e7\u00e3o a \u00faltima Nota Pastoral e os decretos Federais, Estaduais e Municipais, em conson\u00e2ncia com o Col\u00e9gio de Consultores da Diocese, vem a p\u00fablico dar novas orienta\u00e7\u00f5es e determina\u00e7\u00f5es para serem seguidas no territ\u00f3rio da Diocese de Teixeira de Freitas\/Caravelas. As orienta\u00e7\u00f5es entram em vigor a partir hoje <strong>(18 de agosto de 2020) <\/strong>e valem enquanto n\u00e3o for decidido em contr\u00e1rio pela autoridade competente.<\/p>\n<h3 style=\"text-align: center;\"><span class=\"cb-justified-justify\"><b>Confira a nota na \u00edntegra:<\/b><\/span><\/h3>\n<div class=\"XzvDs _208Ie tFDi5 blog-post-text-font blog-post-text-color _2QAo- _25MYV _6RI6N tFDi5\" style=\"text-align: center;\">\n<h2 class=\"XzvDs _208Ie tFDi5 blog-post-text-font blog-post-text-color _2QAo- _25MYV _6RI6N tFDi5\"><a href=\"https:\/\/dioceseteixeiradefreitas.com.br\/wp-content\/uploads\/2020\/08\/Nota-Pastoral-06.pdf\" target=\"_blank\" rel=\"noopener noreferrer\">Clique Aqui<\/a><\/h2>\n<\/div>\n<p style=\"text-align: center;\"><strong>As mudan\u00e7as devem ser cumpridas at\u00e9 segunda ordem.<\/strong><\/p>\n","protected":false},"excerpt":{"rendered":"<p>NOTA PASTORAL 06 \u2013 NORMAS E PROCEDIMENTOS EM TEMPOS DE CORONAV\u00cdRUS (COVID-19) NA DIOCESE O bispo diocesano, Dom Jailton de Oliveira Lino, por merc\u00ea de Deus e da Santa S\u00e9 Apost\u00f3lica, tendo presente o processo de flexibiliza\u00e7\u00e3o em que vem acontecendo em diversos setores da sociedade e levando em considera\u00e7\u00e3o a \u00faltima Nota Pastoral e &hellip;<\/p>\n","protected":false},"author":1,"featured_media":9821,"comment_status":"closed","ping_status":"closed","sticky":false,"template":"","format":"standard","meta":{"footnotes":""},"categories":[51],"tags":[521,477,451,485,606,531],"class_list":["post-11005","post","type-post","status-publish","format-standard","has-post-thumbnail","hentry","category-notas","tag-bispo-diocesano","tag-coronavirus","tag-diocese-de-teixeira-de-freitas-caravelas","tag-nota-pastoral","tag-nota-pastoral-06","tag-pandemia-coronavirus"],"_links":{"self":[{"href":"https:\/\/dioceseteixeiradefreitas.com.br\/index.php?rest_route=\/wp\/v2\/posts\/11005","targetHints":{"allow":["GET"]}}],"collection":[{"href":"https:\/\/dioceseteixeiradefreitas.com.br\/index.php?rest_route=\/wp\/v2\/posts"}],"about":[{"href":"https:\/\/dioceseteixeiradefreitas.com.br\/index.php?rest_route=\/wp\/v2\/types\/post"}],"author":[{"embeddable":true,"href":"https:\/\/dioceseteixeiradefreitas.com.br\/index.php?rest_route=\/wp\/v2\/users\/1"}],"replies":[{"embeddable":true,"href":"https:\/\/dioceseteixeiradefreitas.com.br\/index.php?rest_route=%2Fwp%2Fv2%2Fcomments&post=11005"}],"version-history":[{"count":3,"href":"https:\/\/dioceseteixeiradefreitas.com.br\/index.php?rest_route=\/wp\/v2\/posts\/11005\/revisions"}],"predecessor-version":[{"id":11009,"href":"https:\/\/dioceseteixeiradefreitas.com.br\/index.php?rest_route=\/wp\/v2\/posts\/11005\/revisions\/11009"}],"wp:featuredmedia":[{"embeddable":true,"href":"https:\/\/dioceseteixeiradefreitas.com.br\/index.php?rest_route=\/wp\/v2\/media\/9821"}],"wp:attachment":[{"href":"https:\/\/dioceseteixeiradefreitas.com.br\/index.php?rest_route=%2Fwp%2Fv2%2Fmedia&parent=11005"}],"wp:term":[{"taxonomy":"category","embeddable":true,"href":"https:\/\/dioceseteixeiradefreitas.com.br\/index.php?rest_route=%2Fwp%2Fv2%2Fcategories&post=11005"},{"taxonomy":"post_tag","embeddable":true,"href":"https:\/\/dioceseteixeiradefreitas.com.br\/index.php?rest_route=%2Fwp%2Fv2%2Ftags&post=11005"}],"curies":[{"name":"wp","href":"https:\/\/api.w.org\/{rel}","templated":true}]}}