{"id":11024,"date":"2020-08-19T20:59:34","date_gmt":"2020-08-19T23:59:34","guid":{"rendered":"https:\/\/dioceseteixeiradefreitas.com.br\/?p=11024"},"modified":"2020-08-19T20:59:34","modified_gmt":"2020-08-19T23:59:34","slug":"fieis-em-jucurucu-celebram-a-festa-de-nossa-senhora-da-guia","status":"publish","type":"post","link":"https:\/\/dioceseteixeiradefreitas.com.br\/?p=11024","title":{"rendered":"Fi\u00e9is em Jucuru\u00e7u celebram a Festa de Nossa Senhora da Guia"},"content":{"rendered":"<figure id=\"attachment_11028\" aria-describedby=\"caption-attachment-11028\" style=\"width: 1000px\" class=\"wp-caption aligncenter\"><img loading=\"lazy\" decoding=\"async\" class=\"wp-image-11028 size-full\" src=\"https:\/\/dioceseteixeiradefreitas.com.br\/wp-content\/uploads\/2020\/08\/5b9f355f-afa5-404f-9bd2-e1ca1c9830d8.jpg\" alt=\"\" width=\"1000\" height=\"664\" srcset=\"https:\/\/dioceseteixeiradefreitas.com.br\/wp-content\/uploads\/2020\/08\/5b9f355f-afa5-404f-9bd2-e1ca1c9830d8.jpg 1000w, https:\/\/dioceseteixeiradefreitas.com.br\/wp-content\/uploads\/2020\/08\/5b9f355f-afa5-404f-9bd2-e1ca1c9830d8-600x398.jpg 600w, https:\/\/dioceseteixeiradefreitas.com.br\/wp-content\/uploads\/2020\/08\/5b9f355f-afa5-404f-9bd2-e1ca1c9830d8-300x199.jpg 300w, https:\/\/dioceseteixeiradefreitas.com.br\/wp-content\/uploads\/2020\/08\/5b9f355f-afa5-404f-9bd2-e1ca1c9830d8-768x510.jpg 768w\" sizes=\"auto, (max-width: 1000px) 100vw, 1000px\" \/><figcaption id=\"caption-attachment-11028\" class=\"wp-caption-text\">Pe. Gilson segurando o andor com \u00e0 Imagem Nossa Senhora da Guia &#8211; Pe. Gilson\/Divulga\u00e7\u00e3o<\/figcaption><\/figure>\n<p>A par\u00f3quia S\u00e3o Sebasti\u00e3o em Jucuru\u00e7u, realizou no dia 16 de agosto, a tradicional festa de Nossa Senhora da Guia, amada pelo povo devoto da cidade e regi\u00e3o. De acordo com o padre Gilson Correia, administrador paroquial, a festa \u00e9 a mais bonita devo\u00e7\u00e3o do povo cat\u00f3lico local depois do padroeiro S\u00e3o Sebasti\u00e3o. A carreata teve in\u00edcio \u00e0s 17h, saindo da entrada da cidade em dire\u00e7\u00e3o a Matriz. Em seguida, foi celebrada a Santa Missa em honra \u00e0 Nossa Senhora.<\/p>\n<p>Pe. Gilson conta que apesar das dificuldades decorrentes da pandemia do Covid-19, a festa foi um sucesso. &#8220;<em><strong>Celebrar Nossa Senhora da Guia \u00e9 celebrar a presen\u00e7a da m\u00e3e que cuida e ama seus filhos.<\/strong> <strong>Um fato interessante \u00e9 que neste ano foi um pouco diferente devido a pandemia que estamos vivendo. A orienta\u00e7\u00e3o da Diocese de Teixeira de Freitas-Caravelas \u00e9 que as par\u00f3quias celebrem as festas substituindo a tradicional prociss\u00e3o por carreata. E isto aqui em Jucuru\u00e7u foi algo in\u00e9dito, muito positivo e bonito. Mesmo assim, alguns fi\u00e9is fizeram quest\u00e3o de caminhar somando com todos em devo\u00e7\u00e3o \u00e0 Nossa Senhora da Guia. O sentimento \u00e9 de miss\u00e3o cumprida e gratid\u00e3o<\/strong><\/em>&#8220;, disse ele em entrevista \u00e0 PASCOM.<\/p>\n<p>&#8220;<strong><em>Agrade\u00e7o de cora\u00e7\u00e3o a todos que sem medir esfor\u00e7os colaboraram para que esta bonita festa pudesse ser realizada. Que Nossa Senhora da Guia l\u00e1 do c\u00e9u, interceda ao seu amado filho Jesus por nossa cidade de Jucuru\u00e7u. Parab\u00e9ns ao povo cat\u00f3lico Jucuru\u00e7uense. N\u00f3s temos uma m\u00e3e que nos ama e intercede por n\u00f3s. E como pedido de filhos: que venha logo o mais r\u00e1pido poss\u00edvel a cura do coronav\u00edrus e a nossa cura espiritual do ego\u00edsmo, da maledic\u00eancia e da falta de unidade. Pois em Cristo Jesus somos um. Sejamos todos aben\u00e7oados<\/em><\/strong>&#8220;, agradeceu o padre.<\/p>\n<p>[su_note note_color=&#8221;#f3b418&#8243; text_color=&#8221;#ffffff&#8221;]Confira a galeria[\/su_note]<\/p>\n<div id='gallery-1' class='gallery galleryid-11024 gallery-columns-3 gallery-size-medium'><figure class='gallery-item'>\n\t\t\t<div class='gallery-icon landscape'>\n\t\t\t\t<a href='https:\/\/dioceseteixeiradefreitas.com.br\/wp-content\/uploads\/2020\/08\/935e8634-0894-4e97-8ad4-983ab3dddc22.jpg'><img loading=\"lazy\" decoding=\"async\" width=\"300\" height=\"199\" src=\"https:\/\/dioceseteixeiradefreitas.com.br\/wp-content\/uploads\/2020\/08\/935e8634-0894-4e97-8ad4-983ab3dddc22-300x199.jpg\" class=\"attachment-medium size-medium\" alt=\"\" srcset=\"https:\/\/dioceseteixeiradefreitas.com.br\/wp-content\/uploads\/2020\/08\/935e8634-0894-4e97-8ad4-983ab3dddc22-300x199.jpg 300w, https:\/\/dioceseteixeiradefreitas.com.br\/wp-content\/uploads\/2020\/08\/935e8634-0894-4e97-8ad4-983ab3dddc22-600x398.jpg 600w, https:\/\/dioceseteixeiradefreitas.com.br\/wp-content\/uploads\/2020\/08\/935e8634-0894-4e97-8ad4-983ab3dddc22-768x510.jpg 768w, https:\/\/dioceseteixeiradefreitas.com.br\/wp-content\/uploads\/2020\/08\/935e8634-0894-4e97-8ad4-983ab3dddc22.jpg 1000w\" sizes=\"auto, (max-width: 300px) 100vw, 300px\" \/><\/a>\n\t\t\t<\/div><\/figure><figure class='gallery-item'>\n\t\t\t<div class='gallery-icon landscape'>\n\t\t\t\t<a href='https:\/\/dioceseteixeiradefreitas.com.br\/wp-content\/uploads\/2020\/08\/ae83064f-d429-4739-8a4b-952929b25185.jpg'><img loading=\"lazy\" decoding=\"async\" width=\"300\" height=\"199\" src=\"https:\/\/dioceseteixeiradefreitas.com.br\/wp-content\/uploads\/2020\/08\/ae83064f-d429-4739-8a4b-952929b25185-300x199.jpg\" class=\"attachment-medium size-medium\" alt=\"\" srcset=\"https:\/\/dioceseteixeiradefreitas.com.br\/wp-content\/uploads\/2020\/08\/ae83064f-d429-4739-8a4b-952929b25185-300x199.jpg 300w, https:\/\/dioceseteixeiradefreitas.com.br\/wp-content\/uploads\/2020\/08\/ae83064f-d429-4739-8a4b-952929b25185-600x398.jpg 600w, https:\/\/dioceseteixeiradefreitas.com.br\/wp-content\/uploads\/2020\/08\/ae83064f-d429-4739-8a4b-952929b25185-768x510.jpg 768w, https:\/\/dioceseteixeiradefreitas.com.br\/wp-content\/uploads\/2020\/08\/ae83064f-d429-4739-8a4b-952929b25185.jpg 1000w\" sizes=\"auto, (max-width: 300px) 100vw, 300px\" \/><\/a>\n\t\t\t<\/div><\/figure><figure class='gallery-item'>\n\t\t\t<div class='gallery-icon landscape'>\n\t\t\t\t<a href='https:\/\/dioceseteixeiradefreitas.com.br\/wp-content\/uploads\/2020\/08\/5b9f355f-afa5-404f-9bd2-e1ca1c9830d8.jpg'><img loading=\"lazy\" decoding=\"async\" width=\"300\" height=\"199\" src=\"https:\/\/dioceseteixeiradefreitas.com.br\/wp-content\/uploads\/2020\/08\/5b9f355f-afa5-404f-9bd2-e1ca1c9830d8-300x199.jpg\" class=\"attachment-medium size-medium\" alt=\"\" srcset=\"https:\/\/dioceseteixeiradefreitas.com.br\/wp-content\/uploads\/2020\/08\/5b9f355f-afa5-404f-9bd2-e1ca1c9830d8-300x199.jpg 300w, https:\/\/dioceseteixeiradefreitas.com.br\/wp-content\/uploads\/2020\/08\/5b9f355f-afa5-404f-9bd2-e1ca1c9830d8-600x398.jpg 600w, https:\/\/dioceseteixeiradefreitas.com.br\/wp-content\/uploads\/2020\/08\/5b9f355f-afa5-404f-9bd2-e1ca1c9830d8-768x510.jpg 768w, https:\/\/dioceseteixeiradefreitas.com.br\/wp-content\/uploads\/2020\/08\/5b9f355f-afa5-404f-9bd2-e1ca1c9830d8.jpg 1000w\" sizes=\"auto, (max-width: 300px) 100vw, 300px\" \/><\/a>\n\t\t\t<\/div><\/figure><figure class='gallery-item'>\n\t\t\t<div class='gallery-icon landscape'>\n\t\t\t\t<a href='https:\/\/dioceseteixeiradefreitas.com.br\/wp-content\/uploads\/2020\/08\/b1737e4c-b02c-46ba-8e37-e34b5a486168.jpg'><img loading=\"lazy\" decoding=\"async\" width=\"300\" height=\"199\" src=\"https:\/\/dioceseteixeiradefreitas.com.br\/wp-content\/uploads\/2020\/08\/b1737e4c-b02c-46ba-8e37-e34b5a486168-300x199.jpg\" class=\"attachment-medium size-medium\" alt=\"\" srcset=\"https:\/\/dioceseteixeiradefreitas.com.br\/wp-content\/uploads\/2020\/08\/b1737e4c-b02c-46ba-8e37-e34b5a486168-300x199.jpg 300w, https:\/\/dioceseteixeiradefreitas.com.br\/wp-content\/uploads\/2020\/08\/b1737e4c-b02c-46ba-8e37-e34b5a486168-600x398.jpg 600w, https:\/\/dioceseteixeiradefreitas.com.br\/wp-content\/uploads\/2020\/08\/b1737e4c-b02c-46ba-8e37-e34b5a486168-768x510.jpg 768w, https:\/\/dioceseteixeiradefreitas.com.br\/wp-content\/uploads\/2020\/08\/b1737e4c-b02c-46ba-8e37-e34b5a486168.jpg 1000w\" sizes=\"auto, (max-width: 300px) 100vw, 300px\" \/><\/a>\n\t\t\t<\/div><\/figure><figure class='gallery-item'>\n\t\t\t<div class='gallery-icon landscape'>\n\t\t\t\t<a href='https:\/\/dioceseteixeiradefreitas.com.br\/wp-content\/uploads\/2020\/08\/ecb276a3-dea5-47db-8d10-4affb3c98f35.jpg'><img loading=\"lazy\" decoding=\"async\" width=\"300\" height=\"200\" src=\"https:\/\/dioceseteixeiradefreitas.com.br\/wp-content\/uploads\/2020\/08\/ecb276a3-dea5-47db-8d10-4affb3c98f35-300x200.jpg\" class=\"attachment-medium size-medium\" alt=\"\" srcset=\"https:\/\/dioceseteixeiradefreitas.com.br\/wp-content\/uploads\/2020\/08\/ecb276a3-dea5-47db-8d10-4affb3c98f35-300x200.jpg 300w, https:\/\/dioceseteixeiradefreitas.com.br\/wp-content\/uploads\/2020\/08\/ecb276a3-dea5-47db-8d10-4affb3c98f35-600x400.jpg 600w, https:\/\/dioceseteixeiradefreitas.com.br\/wp-content\/uploads\/2020\/08\/ecb276a3-dea5-47db-8d10-4affb3c98f35-768x511.jpg 768w, https:\/\/dioceseteixeiradefreitas.com.br\/wp-content\/uploads\/2020\/08\/ecb276a3-dea5-47db-8d10-4affb3c98f35.jpg 1000w\" sizes=\"auto, (max-width: 300px) 100vw, 300px\" \/><\/a>\n\t\t\t<\/div><\/figure><figure class='gallery-item'>\n\t\t\t<div class='gallery-icon landscape'>\n\t\t\t\t<a href='https:\/\/dioceseteixeiradefreitas.com.br\/wp-content\/uploads\/2020\/08\/92288384-b34d-4b05-b909-14a22df18fce.jpg'><img loading=\"lazy\" decoding=\"async\" width=\"300\" height=\"199\" src=\"https:\/\/dioceseteixeiradefreitas.com.br\/wp-content\/uploads\/2020\/08\/92288384-b34d-4b05-b909-14a22df18fce-300x199.jpg\" class=\"attachment-medium size-medium\" alt=\"\" srcset=\"https:\/\/dioceseteixeiradefreitas.com.br\/wp-content\/uploads\/2020\/08\/92288384-b34d-4b05-b909-14a22df18fce-300x199.jpg 300w, https:\/\/dioceseteixeiradefreitas.com.br\/wp-content\/uploads\/2020\/08\/92288384-b34d-4b05-b909-14a22df18fce-600x398.jpg 600w, https:\/\/dioceseteixeiradefreitas.com.br\/wp-content\/uploads\/2020\/08\/92288384-b34d-4b05-b909-14a22df18fce-768x510.jpg 768w, https:\/\/dioceseteixeiradefreitas.com.br\/wp-content\/uploads\/2020\/08\/92288384-b34d-4b05-b909-14a22df18fce.jpg 1000w\" sizes=\"auto, (max-width: 300px) 100vw, 300px\" \/><\/a>\n\t\t\t<\/div><\/figure><figure class='gallery-item'>\n\t\t\t<div class='gallery-icon landscape'>\n\t\t\t\t<a href='https:\/\/dioceseteixeiradefreitas.com.br\/wp-content\/uploads\/2020\/08\/474ca47f-2c63-43c0-9a97-2ca21c367962.jpg'><img loading=\"lazy\" decoding=\"async\" width=\"300\" height=\"200\" src=\"https:\/\/dioceseteixeiradefreitas.com.br\/wp-content\/uploads\/2020\/08\/474ca47f-2c63-43c0-9a97-2ca21c367962-300x200.jpg\" class=\"attachment-medium size-medium\" alt=\"\" srcset=\"https:\/\/dioceseteixeiradefreitas.com.br\/wp-content\/uploads\/2020\/08\/474ca47f-2c63-43c0-9a97-2ca21c367962-300x200.jpg 300w, https:\/\/dioceseteixeiradefreitas.com.br\/wp-content\/uploads\/2020\/08\/474ca47f-2c63-43c0-9a97-2ca21c367962-600x400.jpg 600w, https:\/\/dioceseteixeiradefreitas.com.br\/wp-content\/uploads\/2020\/08\/474ca47f-2c63-43c0-9a97-2ca21c367962-768x511.jpg 768w, https:\/\/dioceseteixeiradefreitas.com.br\/wp-content\/uploads\/2020\/08\/474ca47f-2c63-43c0-9a97-2ca21c367962.jpg 1000w\" sizes=\"auto, (max-width: 300px) 100vw, 300px\" \/><\/a>\n\t\t\t<\/div><\/figure><figure class='gallery-item'>\n\t\t\t<div class='gallery-icon landscape'>\n\t\t\t\t<a href='https:\/\/dioceseteixeiradefreitas.com.br\/wp-content\/uploads\/2020\/08\/347d2ed6-52f9-4176-8b24-1d48f3193979.jpg'><img loading=\"lazy\" decoding=\"async\" width=\"300\" height=\"200\" src=\"https:\/\/dioceseteixeiradefreitas.com.br\/wp-content\/uploads\/2020\/08\/347d2ed6-52f9-4176-8b24-1d48f3193979-300x200.jpg\" class=\"attachment-medium size-medium\" alt=\"\" srcset=\"https:\/\/dioceseteixeiradefreitas.com.br\/wp-content\/uploads\/2020\/08\/347d2ed6-52f9-4176-8b24-1d48f3193979-300x200.jpg 300w, https:\/\/dioceseteixeiradefreitas.com.br\/wp-content\/uploads\/2020\/08\/347d2ed6-52f9-4176-8b24-1d48f3193979-600x400.jpg 600w, https:\/\/dioceseteixeiradefreitas.com.br\/wp-content\/uploads\/2020\/08\/347d2ed6-52f9-4176-8b24-1d48f3193979-768x511.jpg 768w, https:\/\/dioceseteixeiradefreitas.com.br\/wp-content\/uploads\/2020\/08\/347d2ed6-52f9-4176-8b24-1d48f3193979.jpg 1000w\" sizes=\"auto, (max-width: 300px) 100vw, 300px\" \/><\/a>\n\t\t\t<\/div><\/figure><figure class='gallery-item'>\n\t\t\t<div class='gallery-icon landscape'>\n\t\t\t\t<a href='https:\/\/dioceseteixeiradefreitas.com.br\/wp-content\/uploads\/2020\/08\/978fc9f5-fc63-49dc-99ba-cf0f70024198.jpg'><img loading=\"lazy\" decoding=\"async\" width=\"300\" height=\"200\" src=\"https:\/\/dioceseteixeiradefreitas.com.br\/wp-content\/uploads\/2020\/08\/978fc9f5-fc63-49dc-99ba-cf0f70024198-300x200.jpg\" class=\"attachment-medium size-medium\" alt=\"\" srcset=\"https:\/\/dioceseteixeiradefreitas.com.br\/wp-content\/uploads\/2020\/08\/978fc9f5-fc63-49dc-99ba-cf0f70024198-300x200.jpg 300w, https:\/\/dioceseteixeiradefreitas.com.br\/wp-content\/uploads\/2020\/08\/978fc9f5-fc63-49dc-99ba-cf0f70024198-600x400.jpg 600w, https:\/\/dioceseteixeiradefreitas.com.br\/wp-content\/uploads\/2020\/08\/978fc9f5-fc63-49dc-99ba-cf0f70024198-768x511.jpg 768w, https:\/\/dioceseteixeiradefreitas.com.br\/wp-content\/uploads\/2020\/08\/978fc9f5-fc63-49dc-99ba-cf0f70024198.jpg 1000w\" sizes=\"auto, (max-width: 300px) 100vw, 300px\" \/><\/a>\n\t\t\t<\/div><\/figure><figure class='gallery-item'>\n\t\t\t<div class='gallery-icon landscape'>\n\t\t\t\t<a href='https:\/\/dioceseteixeiradefreitas.com.br\/wp-content\/uploads\/2020\/08\/3d7a2557-e34e-48dc-85f9-7ecc2ad8da6c.jpg'><img loading=\"lazy\" decoding=\"async\" width=\"300\" height=\"200\" src=\"https:\/\/dioceseteixeiradefreitas.com.br\/wp-content\/uploads\/2020\/08\/3d7a2557-e34e-48dc-85f9-7ecc2ad8da6c-300x200.jpg\" class=\"attachment-medium size-medium\" alt=\"\" srcset=\"https:\/\/dioceseteixeiradefreitas.com.br\/wp-content\/uploads\/2020\/08\/3d7a2557-e34e-48dc-85f9-7ecc2ad8da6c-300x200.jpg 300w, https:\/\/dioceseteixeiradefreitas.com.br\/wp-content\/uploads\/2020\/08\/3d7a2557-e34e-48dc-85f9-7ecc2ad8da6c-600x400.jpg 600w, https:\/\/dioceseteixeiradefreitas.com.br\/wp-content\/uploads\/2020\/08\/3d7a2557-e34e-48dc-85f9-7ecc2ad8da6c-768x511.jpg 768w, https:\/\/dioceseteixeiradefreitas.com.br\/wp-content\/uploads\/2020\/08\/3d7a2557-e34e-48dc-85f9-7ecc2ad8da6c.jpg 1000w\" sizes=\"auto, (max-width: 300px) 100vw, 300px\" \/><\/a>\n\t\t\t<\/div><\/figure><figure class='gallery-item'>\n\t\t\t<div class='gallery-icon landscape'>\n\t\t\t\t<a href='https:\/\/dioceseteixeiradefreitas.com.br\/wp-content\/uploads\/2020\/08\/59209771-8c82-46fc-94d2-791ce4451cb3.jpg'><img loading=\"lazy\" decoding=\"async\" width=\"300\" height=\"200\" src=\"https:\/\/dioceseteixeiradefreitas.com.br\/wp-content\/uploads\/2020\/08\/59209771-8c82-46fc-94d2-791ce4451cb3-300x200.jpg\" class=\"attachment-medium size-medium\" alt=\"\" srcset=\"https:\/\/dioceseteixeiradefreitas.com.br\/wp-content\/uploads\/2020\/08\/59209771-8c82-46fc-94d2-791ce4451cb3-300x200.jpg 300w, https:\/\/dioceseteixeiradefreitas.com.br\/wp-content\/uploads\/2020\/08\/59209771-8c82-46fc-94d2-791ce4451cb3-600x400.jpg 600w, https:\/\/dioceseteixeiradefreitas.com.br\/wp-content\/uploads\/2020\/08\/59209771-8c82-46fc-94d2-791ce4451cb3-768x511.jpg 768w, https:\/\/dioceseteixeiradefreitas.com.br\/wp-content\/uploads\/2020\/08\/59209771-8c82-46fc-94d2-791ce4451cb3.jpg 1000w\" sizes=\"auto, (max-width: 300px) 100vw, 300px\" \/><\/a>\n\t\t\t<\/div><\/figure><figure class='gallery-item'>\n\t\t\t<div class='gallery-icon landscape'>\n\t\t\t\t<a href='https:\/\/dioceseteixeiradefreitas.com.br\/wp-content\/uploads\/2020\/08\/5ce38c11-3c37-4d41-a8dc-358502bf9044.jpg'><img loading=\"lazy\" decoding=\"async\" width=\"300\" height=\"200\" src=\"https:\/\/dioceseteixeiradefreitas.com.br\/wp-content\/uploads\/2020\/08\/5ce38c11-3c37-4d41-a8dc-358502bf9044-300x200.jpg\" class=\"attachment-medium size-medium\" alt=\"\" srcset=\"https:\/\/dioceseteixeiradefreitas.com.br\/wp-content\/uploads\/2020\/08\/5ce38c11-3c37-4d41-a8dc-358502bf9044-300x200.jpg 300w, https:\/\/dioceseteixeiradefreitas.com.br\/wp-content\/uploads\/2020\/08\/5ce38c11-3c37-4d41-a8dc-358502bf9044-600x400.jpg 600w, https:\/\/dioceseteixeiradefreitas.com.br\/wp-content\/uploads\/2020\/08\/5ce38c11-3c37-4d41-a8dc-358502bf9044-768x511.jpg 768w, https:\/\/dioceseteixeiradefreitas.com.br\/wp-content\/uploads\/2020\/08\/5ce38c11-3c37-4d41-a8dc-358502bf9044.jpg 1000w\" sizes=\"auto, (max-width: 300px) 100vw, 300px\" \/><\/a>\n\t\t\t<\/div><\/figure><figure class='gallery-item'>\n\t\t\t<div class='gallery-icon landscape'>\n\t\t\t\t<a href='https:\/\/dioceseteixeiradefreitas.com.br\/wp-content\/uploads\/2020\/08\/e58a194f-0c44-4256-b629-346b72b4d7a4.jpg'><img loading=\"lazy\" decoding=\"async\" width=\"300\" height=\"200\" src=\"https:\/\/dioceseteixeiradefreitas.com.br\/wp-content\/uploads\/2020\/08\/e58a194f-0c44-4256-b629-346b72b4d7a4-300x200.jpg\" class=\"attachment-medium size-medium\" alt=\"\" srcset=\"https:\/\/dioceseteixeiradefreitas.com.br\/wp-content\/uploads\/2020\/08\/e58a194f-0c44-4256-b629-346b72b4d7a4-300x200.jpg 300w, https:\/\/dioceseteixeiradefreitas.com.br\/wp-content\/uploads\/2020\/08\/e58a194f-0c44-4256-b629-346b72b4d7a4-600x400.jpg 600w, https:\/\/dioceseteixeiradefreitas.com.br\/wp-content\/uploads\/2020\/08\/e58a194f-0c44-4256-b629-346b72b4d7a4-768x511.jpg 768w, https:\/\/dioceseteixeiradefreitas.com.br\/wp-content\/uploads\/2020\/08\/e58a194f-0c44-4256-b629-346b72b4d7a4.jpg 1000w\" sizes=\"auto, (max-width: 300px) 100vw, 300px\" \/><\/a>\n\t\t\t<\/div><\/figure><figure class='gallery-item'>\n\t\t\t<div class='gallery-icon landscape'>\n\t\t\t\t<a href='https:\/\/dioceseteixeiradefreitas.com.br\/wp-content\/uploads\/2020\/08\/50e22b5b-a932-4034-bb0d-18cca702746f.jpg'><img loading=\"lazy\" decoding=\"async\" width=\"300\" height=\"200\" src=\"https:\/\/dioceseteixeiradefreitas.com.br\/wp-content\/uploads\/2020\/08\/50e22b5b-a932-4034-bb0d-18cca702746f-300x200.jpg\" class=\"attachment-medium size-medium\" alt=\"\" srcset=\"https:\/\/dioceseteixeiradefreitas.com.br\/wp-content\/uploads\/2020\/08\/50e22b5b-a932-4034-bb0d-18cca702746f-300x200.jpg 300w, https:\/\/dioceseteixeiradefreitas.com.br\/wp-content\/uploads\/2020\/08\/50e22b5b-a932-4034-bb0d-18cca702746f-600x400.jpg 600w, https:\/\/dioceseteixeiradefreitas.com.br\/wp-content\/uploads\/2020\/08\/50e22b5b-a932-4034-bb0d-18cca702746f-768x511.jpg 768w, https:\/\/dioceseteixeiradefreitas.com.br\/wp-content\/uploads\/2020\/08\/50e22b5b-a932-4034-bb0d-18cca702746f.jpg 1000w\" sizes=\"auto, (max-width: 300px) 100vw, 300px\" \/><\/a>\n\t\t\t<\/div><\/figure><figure class='gallery-item'>\n\t\t\t<div class='gallery-icon landscape'>\n\t\t\t\t<a href='https:\/\/dioceseteixeiradefreitas.com.br\/wp-content\/uploads\/2020\/08\/18503be9-ac81-4996-9d15-71a244c38171.jpg'><img loading=\"lazy\" decoding=\"async\" width=\"300\" height=\"200\" src=\"https:\/\/dioceseteixeiradefreitas.com.br\/wp-content\/uploads\/2020\/08\/18503be9-ac81-4996-9d15-71a244c38171-300x200.jpg\" class=\"attachment-medium size-medium\" alt=\"\" srcset=\"https:\/\/dioceseteixeiradefreitas.com.br\/wp-content\/uploads\/2020\/08\/18503be9-ac81-4996-9d15-71a244c38171-300x200.jpg 300w, https:\/\/dioceseteixeiradefreitas.com.br\/wp-content\/uploads\/2020\/08\/18503be9-ac81-4996-9d15-71a244c38171-600x400.jpg 600w, https:\/\/dioceseteixeiradefreitas.com.br\/wp-content\/uploads\/2020\/08\/18503be9-ac81-4996-9d15-71a244c38171-768x511.jpg 768w, https:\/\/dioceseteixeiradefreitas.com.br\/wp-content\/uploads\/2020\/08\/18503be9-ac81-4996-9d15-71a244c38171.jpg 1000w\" sizes=\"auto, (max-width: 300px) 100vw, 300px\" \/><\/a>\n\t\t\t<\/div><\/figure><figure class='gallery-item'>\n\t\t\t<div class='gallery-icon landscape'>\n\t\t\t\t<a href='https:\/\/dioceseteixeiradefreitas.com.br\/wp-content\/uploads\/2020\/08\/57c9f65d-8f84-4699-bf73-837d604fd5e6.jpg'><img loading=\"lazy\" decoding=\"async\" width=\"300\" height=\"200\" src=\"https:\/\/dioceseteixeiradefreitas.com.br\/wp-content\/uploads\/2020\/08\/57c9f65d-8f84-4699-bf73-837d604fd5e6-300x200.jpg\" class=\"attachment-medium size-medium\" alt=\"\" srcset=\"https:\/\/dioceseteixeiradefreitas.com.br\/wp-content\/uploads\/2020\/08\/57c9f65d-8f84-4699-bf73-837d604fd5e6-300x200.jpg 300w, https:\/\/dioceseteixeiradefreitas.com.br\/wp-content\/uploads\/2020\/08\/57c9f65d-8f84-4699-bf73-837d604fd5e6-600x400.jpg 600w, https:\/\/dioceseteixeiradefreitas.com.br\/wp-content\/uploads\/2020\/08\/57c9f65d-8f84-4699-bf73-837d604fd5e6-768x511.jpg 768w, https:\/\/dioceseteixeiradefreitas.com.br\/wp-content\/uploads\/2020\/08\/57c9f65d-8f84-4699-bf73-837d604fd5e6.jpg 1000w\" sizes=\"auto, (max-width: 300px) 100vw, 300px\" \/><\/a>\n\t\t\t<\/div><\/figure>\n\t\t<\/div>\n\n","protected":false},"excerpt":{"rendered":"<p>A par\u00f3quia S\u00e3o Sebasti\u00e3o em Jucuru\u00e7u, realizou no dia 16 de agosto, a tradicional festa de Nossa Senhora da Guia, amada pelo povo devoto da cidade e regi\u00e3o. De acordo com o padre Gilson Correia, administrador paroquial, a festa \u00e9 a mais bonita devo\u00e7\u00e3o do povo cat\u00f3lico local depois do padroeiro S\u00e3o Sebasti\u00e3o. A carreata &hellip;<\/p>\n","protected":false},"author":1,"featured_media":11028,"comment_status":"closed","ping_status":"closed","sticky":false,"template":"","format":"standard","meta":{"footnotes":""},"categories":[310],"tags":[609,109,245,243,610],"class_list":["post-11024","post","type-post","status-publish","format-standard","has-post-thumbnail","hentry","category-noticias-paroquiais","tag-festa-de-nossa-senhora-da-guia","tag-forania-santo-antonio","tag-jucurucu","tag-nossa-senhora-da-guia","tag-pe-gilson-correia"],"_links":{"self":[{"href":"https:\/\/dioceseteixeiradefreitas.com.br\/index.php?rest_route=\/wp\/v2\/posts\/11024","targetHints":{"allow":["GET"]}}],"collection":[{"href":"https:\/\/dioceseteixeiradefreitas.com.br\/index.php?rest_route=\/wp\/v2\/posts"}],"about":[{"href":"https:\/\/dioceseteixeiradefreitas.com.br\/index.php?rest_route=\/wp\/v2\/types\/post"}],"author":[{"embeddable":true,"href":"https:\/\/dioceseteixeiradefreitas.com.br\/index.php?rest_route=\/wp\/v2\/users\/1"}],"replies":[{"embeddable":true,"href":"https:\/\/dioceseteixeiradefreitas.com.br\/index.php?rest_route=%2Fwp%2Fv2%2Fcomments&post=11024"}],"version-history":[{"count":3,"href":"https:\/\/dioceseteixeiradefreitas.com.br\/index.php?rest_route=\/wp\/v2\/posts\/11024\/revisions"}],"predecessor-version":[{"id":11043,"href":"https:\/\/dioceseteixeiradefreitas.com.br\/index.php?rest_route=\/wp\/v2\/posts\/11024\/revisions\/11043"}],"wp:featuredmedia":[{"embeddable":true,"href":"https:\/\/dioceseteixeiradefreitas.com.br\/index.php?rest_route=\/wp\/v2\/media\/11028"}],"wp:attachment":[{"href":"https:\/\/dioceseteixeiradefreitas.com.br\/index.php?rest_route=%2Fwp%2Fv2%2Fmedia&parent=11024"}],"wp:term":[{"taxonomy":"category","embeddable":true,"href":"https:\/\/dioceseteixeiradefreitas.com.br\/index.php?rest_route=%2Fwp%2Fv2%2Fcategories&post=11024"},{"taxonomy":"post_tag","embeddable":true,"href":"https:\/\/dioceseteixeiradefreitas.com.br\/index.php?rest_route=%2Fwp%2Fv2%2Ftags&post=11024"}],"curies":[{"name":"wp","href":"https:\/\/api.w.org\/{rel}","templated":true}]}}