{"id":11048,"date":"2020-09-23T09:08:47","date_gmt":"2020-09-23T12:08:47","guid":{"rendered":"https:\/\/dioceseteixeiradefreitas.com.br\/?p=11048"},"modified":"2020-09-23T15:40:31","modified_gmt":"2020-09-23T18:40:31","slug":"diocese-enviara-na-proxima-semana-padre-jan-gabriel-para-estudar-em-roma","status":"publish","type":"post","link":"https:\/\/dioceseteixeiradefreitas.com.br\/?p=11048","title":{"rendered":"Diocese enviar\u00e1 na pr\u00f3xima semana padre Jan Gabriel para estudar em Roma"},"content":{"rendered":"<figure id=\"attachment_11228\" aria-describedby=\"caption-attachment-11228\" style=\"width: 1024px\" class=\"wp-caption aligncenter\"><img loading=\"lazy\" decoding=\"async\" class=\"wp-image-11228 size-full\" src=\"https:\/\/dioceseteixeiradefreitas.com.br\/wp-content\/uploads\/2020\/09\/DSC_0164.jpg\" alt=\"\" width=\"1024\" height=\"683\" srcset=\"https:\/\/dioceseteixeiradefreitas.com.br\/wp-content\/uploads\/2020\/09\/DSC_0164.jpg 1024w, https:\/\/dioceseteixeiradefreitas.com.br\/wp-content\/uploads\/2020\/09\/DSC_0164-300x200.jpg 300w, https:\/\/dioceseteixeiradefreitas.com.br\/wp-content\/uploads\/2020\/09\/DSC_0164-768x512.jpg 768w, https:\/\/dioceseteixeiradefreitas.com.br\/wp-content\/uploads\/2020\/09\/DSC_0164-600x400.jpg 600w\" sizes=\"auto, (max-width: 1024px) 100vw, 1024px\" \/><figcaption id=\"caption-attachment-11228\" class=\"wp-caption-text\">Padre Jan Gabriel &#8211; Foto: PASCOM\/Divulga\u00e7\u00e3o<\/figcaption><\/figure>\n<p>Pensando na forma\u00e7\u00e3o constante dos presb\u00edteros, a Diocese de Teixeira de Freitas-Caravelas enviar\u00e1 no dia 02 de outubro, para Roma, capital da It\u00e1lia, padre Jan Gabriel Rodrigues. O sacerdote far\u00e1 mestrado em Teologia Fundamental na Pontif\u00edcia Universidade Gregoriana e residir\u00e1 no Pontif\u00edcio Col\u00e9gio Pio Brasileiro pelos pr\u00f3ximos dois anos e meio.<\/p>\n<p>O Padre Jan se despedir\u00e1 de Caravelas presidindo Missas ao longo do pr\u00f3ximo domingo (27\/09), na Co-Catedral Santo Ant\u00f4nio. Os fi\u00e9is poder\u00e3o participar fazendo o agendamento pr\u00e9vio no site da Diocese.<\/p>\n<p>Em entrevista concedida \u00e0 PASCOM em agosto, Padre Jan falou do desejo manifestado e o sentimento de ter sido convidado: &#8220;<em>\u00c9 uma alegria profunda para mim, lembro-me da primeira conversa com Dom Jailton, ele me perguntou se eu desejava fazer um mestrado ou especializa\u00e7\u00e3o, eu falei que sim, faz parte de minha vontade, mas gostaria que n\u00e3o fosse um ato unilateral, apenas minha vontade, mas que correspondesse a necessidade de nossa Diocese, o querer de nossa Igreja. Ele pediu que eu fizesse uma carta fazendo este pedido e ele iria nas inst\u00e2ncias com o Col\u00e9gio (Consultores), submeter esse pedido. Depois ele me respondeu por escrito que de forma un\u00e2nime essa solicita\u00e7\u00e3o foi atendida<\/em>&#8220;, disse ele.<\/p>\n<p>[su_note note_color=&#8221;#f3b418&#8243; text_color=&#8221;#ffffff&#8221;]Confira a Entrevista concedida \u00e0 PASCOM:[\/su_note]<\/p>\n<p><iframe loading=\"lazy\" title=\"Entrevista: Padre Jan Gabriel ir\u00e1 cursar mestrado em Roma\" width=\"500\" height=\"281\" src=\"https:\/\/www.youtube.com\/embed\/77nisNOzNT8?feature=oembed\" frameborder=\"0\" allow=\"accelerometer; autoplay; clipboard-write; encrypted-media; gyroscope; picture-in-picture; web-share\" referrerpolicy=\"strict-origin-when-cross-origin\" allowfullscreen><\/iframe><\/p>\n<p>&nbsp;<\/p>\n<h4><strong>Padre Jan Gabriel Rodrigues<\/strong><\/h4>\n<p>Padre Jan Gabriel nasceu na cidade de S\u00e3o Paulo\/SP, em 23 de abril de 1987. \u00c9 o segundo dos dois filhos do casal Jo\u00e3o Rodrigues de Souza e Elza Aparecida Sim\u00f5es Rodrigues &#8211; <em>in memoriam. <\/em>Foi Batizado no dia 28 de outubro de 1990 na Par\u00f3quia S\u00e3o Jos\u00e9, Diocese de S\u00e3o Miguel Paulista &#8211; S\u00e3o Paulo. <span lang=\"PT\">Tinha 5 anos de idade quando seus pais vieram de S\u00e3o Paulo para Teixeira de Freitas onde se estabeleceram.<\/span><\/p>\n<p>Fez Primeira Comunh\u00e3o no dia 21 de novembro de 2000, na Par\u00f3quia Santa Rita de C\u00e1ssia em Teixeira de Freitas &#8211; Bahia. <span lang=\"PT\">Foi Crismado no dia 21 de novembro de 2004, na Par\u00f3quia Santa Rita de C\u00e1ssia em Teixeira de Freitas &#8211; Bahia. I<\/span>ngressou em fevereiro de 2006, no Semin\u00e1rio Proped\u00eautico Bom Pastor \u2013 Diocese de Teixeira de Freitas\/Caravelas com apenas 18 anos de idade. Cursou Filosofia e Teologia no Semin\u00e1rio Internacional Maria Mater Ecclesiae do Brasil, em Itapecerica da Serra, em 2007. <span lang=\"PT\">Recebeu a Ordena\u00e7\u00e3o Diaconal no dia 29 de dezembro de 2012, com 25 anos, na Par\u00f3quia S\u00e3o Francisco de Assis, em Teixeira de Freitas. <\/span><span lang=\"PT\">Foi ordenado sacerdote no dia 13 de julho de 2013, com 26 anos, tamb\u00e9m na Par\u00f3quia S\u00e3o Francisco de Assis.\u00a0<\/span><\/p>\n<p>Exerceu o cargo de Vig\u00e1rio e, posteriormente Administrador Paroquial <span lang=\"PT\">da Par\u00f3quia S\u00e3o Francisco de Assis, em Teixeira de Freitas de 14 julho de 2013<\/span><span lang=\"PT\"> \u00e0 21 de janeiro de 2016. <\/span>Sendo nomeado Vig\u00e1rio Paroquial da Par\u00f3quia Nossa Senhora D\u2019Ajuda em Itanh\u00e9m em 21 de janeiro de 2016 \u00e0 23 de mar\u00e7o de 2018,\u00a0 onde exerceu seu minist\u00e9rio cuidando pastoralmente da Quase Par\u00f3quia Senhor Bom Jesus, Batinga, distrito de Itanh\u00e9m. Foi p\u00e1roco da Co-Catedral Santo Ant\u00f4nio em Caravelas desde 23 de mar\u00e7o de 2018 at\u00e9 o dia 24 de setembro deste ano.<\/p>\n","protected":false},"excerpt":{"rendered":"<p>Pensando na forma\u00e7\u00e3o constante dos presb\u00edteros, a Diocese de Teixeira de Freitas-Caravelas enviar\u00e1 no dia 02 de outubro, para Roma, capital da It\u00e1lia, padre Jan Gabriel Rodrigues. O sacerdote far\u00e1 mestrado em Teologia Fundamental na Pontif\u00edcia Universidade Gregoriana e residir\u00e1 no Pontif\u00edcio Col\u00e9gio Pio Brasileiro pelos pr\u00f3ximos dois anos e meio. O Padre Jan se &hellip;<\/p>\n","protected":false},"author":1,"featured_media":11228,"comment_status":"closed","ping_status":"closed","sticky":false,"template":"","format":"standard","meta":{"footnotes":""},"categories":[100],"tags":[451,109,613,611,614,612],"class_list":["post-11048","post","type-post","status-publish","format-standard","has-post-thumbnail","hentry","category-noticias-diocesanas","tag-diocese-de-teixeira-de-freitas-caravelas","tag-forania-santo-antonio","tag-mestrado","tag-padre-jan-gabriel","tag-pontificia-universidade-gregoriana","tag-roma-italia"],"_links":{"self":[{"href":"https:\/\/dioceseteixeiradefreitas.com.br\/index.php?rest_route=\/wp\/v2\/posts\/11048","targetHints":{"allow":["GET"]}}],"collection":[{"href":"https:\/\/dioceseteixeiradefreitas.com.br\/index.php?rest_route=\/wp\/v2\/posts"}],"about":[{"href":"https:\/\/dioceseteixeiradefreitas.com.br\/index.php?rest_route=\/wp\/v2\/types\/post"}],"author":[{"embeddable":true,"href":"https:\/\/dioceseteixeiradefreitas.com.br\/index.php?rest_route=\/wp\/v2\/users\/1"}],"replies":[{"embeddable":true,"href":"https:\/\/dioceseteixeiradefreitas.com.br\/index.php?rest_route=%2Fwp%2Fv2%2Fcomments&post=11048"}],"version-history":[{"count":14,"href":"https:\/\/dioceseteixeiradefreitas.com.br\/index.php?rest_route=\/wp\/v2\/posts\/11048\/revisions"}],"predecessor-version":[{"id":11262,"href":"https:\/\/dioceseteixeiradefreitas.com.br\/index.php?rest_route=\/wp\/v2\/posts\/11048\/revisions\/11262"}],"wp:featuredmedia":[{"embeddable":true,"href":"https:\/\/dioceseteixeiradefreitas.com.br\/index.php?rest_route=\/wp\/v2\/media\/11228"}],"wp:attachment":[{"href":"https:\/\/dioceseteixeiradefreitas.com.br\/index.php?rest_route=%2Fwp%2Fv2%2Fmedia&parent=11048"}],"wp:term":[{"taxonomy":"category","embeddable":true,"href":"https:\/\/dioceseteixeiradefreitas.com.br\/index.php?rest_route=%2Fwp%2Fv2%2Fcategories&post=11048"},{"taxonomy":"post_tag","embeddable":true,"href":"https:\/\/dioceseteixeiradefreitas.com.br\/index.php?rest_route=%2Fwp%2Fv2%2Ftags&post=11048"}],"curies":[{"name":"wp","href":"https:\/\/api.w.org\/{rel}","templated":true}]}}