{"id":11083,"date":"2020-08-29T11:10:24","date_gmt":"2020-08-29T14:10:24","guid":{"rendered":"https:\/\/dioceseteixeiradefreitas.com.br\/?p=11083"},"modified":"2020-08-29T11:14:57","modified_gmt":"2020-08-29T14:14:57","slug":"nomeado-o-novo-nuncio-apostolico-para-o-brasil","status":"publish","type":"post","link":"https:\/\/dioceseteixeiradefreitas.com.br\/?p=11083","title":{"rendered":"Nomeado o novo N\u00fancio Apost\u00f3lico para o Brasil"},"content":{"rendered":"<figure id=\"attachment_11084\" aria-describedby=\"caption-attachment-11084\" style=\"width: 750px\" class=\"wp-caption aligncenter\"><img loading=\"lazy\" decoding=\"async\" class=\"wp-image-11084 size-full\" src=\"https:\/\/dioceseteixeiradefreitas.com.br\/wp-content\/uploads\/2020\/08\/cq5dam.thumbnail.cropped.750.422.jpeg\" alt=\"\" width=\"750\" height=\"422\" srcset=\"https:\/\/dioceseteixeiradefreitas.com.br\/wp-content\/uploads\/2020\/08\/cq5dam.thumbnail.cropped.750.422.jpeg 750w, https:\/\/dioceseteixeiradefreitas.com.br\/wp-content\/uploads\/2020\/08\/cq5dam.thumbnail.cropped.750.422-600x338.jpeg 600w, https:\/\/dioceseteixeiradefreitas.com.br\/wp-content\/uploads\/2020\/08\/cq5dam.thumbnail.cropped.750.422-300x169.jpeg 300w, https:\/\/dioceseteixeiradefreitas.com.br\/wp-content\/uploads\/2020\/08\/cq5dam.thumbnail.cropped.750.422-390x220.jpeg 390w\" sizes=\"auto, (max-width: 750px) 100vw, 750px\" \/><figcaption id=\"caption-attachment-11084\" class=\"wp-caption-text\">Na foto, Papa Francisco (\u00e0 esquerda) e Dom Giambattista Diquattro novo N\u00fancio Apost\u00f3lico no Brasil &#8211; Foto: Vatican Media\/Reprodu\u00e7\u00e3o<\/figcaption><\/figure>\n<p>O Santo Padre, o Papa Francisco, nomeou nesta manh\u00e3 de s\u00e1bado (29\/08), o novo N\u00fancio Apost\u00f3lico para o Brasil. Trata-se de Sua Excel\u00eancia Reverend\u00edssima Dom Giambattista Diquattro, Arcebispo titular de Giromonte, at\u00e9 agora N\u00fancio Apost\u00f3lico na \u00cdndia e Nepal.<\/p>\n<p>A Santa S\u00e9 no Brasil era anteriormente representada por Dom Giovanni d\u2019Aniello, desde 10 de fevereiro de 2012, quando o Sumo Pont\u00edfice o nomeou N\u00fancio Apost\u00f3lico na Federe\u00e7\u00e3o Russa, em 01 de junho de 2020.<\/p>\n<h4><strong>Novo N\u00fancio Apost\u00f3lico<\/strong><\/h4>\n<p>Giambattista Diquattro nasceu em Bolonha, Em\u00edlia-Romanha, It\u00e1lia, em 18 de mar\u00e7o de 1954 \u00e9 arcebispo, diplomata, te\u00f3logo e canonista. Foi ordenado sacerdote em 1981.\u00a0 Recebeu seu mestrado em Direito Civil na Universidade de Cat\u00e2nia, e doutorado em Direito Can\u00f4nico na Pontif\u00edcia Universidade Lateranense em Roma e mestrado em Teologia Dogm\u00e1tica na Pontif\u00edcia Universidade Gregoriana em Roma.<\/p>\n<p>Entrou para o Servi\u00e7o Diplom\u00e1tico da Santa S\u00e9 em 1\u00ba de maio de 1985, e serviu em miss\u00f5es diplom\u00e1ticas nas representa\u00e7\u00f5es pontif\u00edcias na Rep\u00fablica Centro-Africana, Rep\u00fablica Democr\u00e1tica do Congo e Chade, nas Na\u00e7\u00f5es Unidas em Nova York, e mais tarde na Secretaria de Estado do Vaticano, e na Nunciatura Apost\u00f3lica na It\u00e1lia. O Papa Jo\u00e3o Paulo II o nomeou n\u00fancio apost\u00f3lico no Panam\u00e1 em 2 de abril de 2005. Bento XVI o nomeou n\u00fancio apost\u00f3lico na Bol\u00edvia em 21 de novembro de 2008 e em 21 de janeiro de 2017, o Papa Francisco o nomeou N\u00fancio Apost\u00f3lico na \u00cdndia e no Nepal.<\/p>\n<p>Texto: Vatican News &#8211; Adaptado: PASCOM DIOCESANA<\/p>\n","protected":false},"excerpt":{"rendered":"<p>O Santo Padre, o Papa Francisco, nomeou nesta manh\u00e3 de s\u00e1bado (29\/08), o novo N\u00fancio Apost\u00f3lico para o Brasil. Trata-se de Sua Excel\u00eancia Reverend\u00edssima Dom Giambattista Diquattro, Arcebispo titular de Giromonte, at\u00e9 agora N\u00fancio Apost\u00f3lico na \u00cdndia e Nepal. A Santa S\u00e9 no Brasil era anteriormente representada por Dom Giovanni d\u2019Aniello, desde 10 de fevereiro &hellip;<\/p>\n","protected":false},"author":1,"featured_media":11084,"comment_status":"closed","ping_status":"closed","sticky":false,"template":"","format":"standard","meta":{"footnotes":""},"categories":[103],"tags":[191,629,630,631,442],"class_list":["post-11083","post","type-post","status-publish","format-standard","has-post-thumbnail","hentry","category-noticias-do-vaticano","tag-cnbb","tag-dom-giambattista-diquattro","tag-novo-nuncio-apostolico-no-brasil","tag-vatican-media","tag-vatican-news"],"_links":{"self":[{"href":"https:\/\/dioceseteixeiradefreitas.com.br\/index.php?rest_route=\/wp\/v2\/posts\/11083","targetHints":{"allow":["GET"]}}],"collection":[{"href":"https:\/\/dioceseteixeiradefreitas.com.br\/index.php?rest_route=\/wp\/v2\/posts"}],"about":[{"href":"https:\/\/dioceseteixeiradefreitas.com.br\/index.php?rest_route=\/wp\/v2\/types\/post"}],"author":[{"embeddable":true,"href":"https:\/\/dioceseteixeiradefreitas.com.br\/index.php?rest_route=\/wp\/v2\/users\/1"}],"replies":[{"embeddable":true,"href":"https:\/\/dioceseteixeiradefreitas.com.br\/index.php?rest_route=%2Fwp%2Fv2%2Fcomments&post=11083"}],"version-history":[{"count":2,"href":"https:\/\/dioceseteixeiradefreitas.com.br\/index.php?rest_route=\/wp\/v2\/posts\/11083\/revisions"}],"predecessor-version":[{"id":11086,"href":"https:\/\/dioceseteixeiradefreitas.com.br\/index.php?rest_route=\/wp\/v2\/posts\/11083\/revisions\/11086"}],"wp:featuredmedia":[{"embeddable":true,"href":"https:\/\/dioceseteixeiradefreitas.com.br\/index.php?rest_route=\/wp\/v2\/media\/11084"}],"wp:attachment":[{"href":"https:\/\/dioceseteixeiradefreitas.com.br\/index.php?rest_route=%2Fwp%2Fv2%2Fmedia&parent=11083"}],"wp:term":[{"taxonomy":"category","embeddable":true,"href":"https:\/\/dioceseteixeiradefreitas.com.br\/index.php?rest_route=%2Fwp%2Fv2%2Fcategories&post=11083"},{"taxonomy":"post_tag","embeddable":true,"href":"https:\/\/dioceseteixeiradefreitas.com.br\/index.php?rest_route=%2Fwp%2Fv2%2Ftags&post=11083"}],"curies":[{"name":"wp","href":"https:\/\/api.w.org\/{rel}","templated":true}]}}