{"id":11093,"date":"2020-08-31T10:54:00","date_gmt":"2020-08-31T13:54:00","guid":{"rendered":"https:\/\/dioceseteixeiradefreitas.com.br\/?p=11093"},"modified":"2020-08-31T13:05:23","modified_gmt":"2020-08-31T16:05:23","slug":"pastoral-carceraria-e-entidades-sociais-de-execucoes-penais-emitem-um-parecer-sobre-a-situacao-atual-no-conjunto-penal-de-teixeira-de-freitas-ba-em-razao-da-pandemia-covid-19","status":"publish","type":"post","link":"https:\/\/dioceseteixeiradefreitas.com.br\/?p=11093","title":{"rendered":"Pastoral Carcer\u00e1ria e Entidades Sociais de Execu\u00e7\u00f5es Penais emitem um parecer sobre a situa\u00e7\u00e3o atual no Conjunto Penal de Teixeira de Freitas-BA, em raz\u00e3o da Pandemia (Covid-19)"},"content":{"rendered":"<figure id=\"attachment_11094\" aria-describedby=\"caption-attachment-11094\" style=\"width: 880px\" class=\"wp-caption aligncenter\"><img loading=\"lazy\" decoding=\"async\" class=\"wp-image-11094 size-full\" src=\"https:\/\/dioceseteixeiradefreitas.com.br\/wp-content\/uploads\/2020\/08\/prison-prison-cell-jail-crime-prisoner-criminal-cage-bar-justice.jpg\" alt=\"\" width=\"880\" height=\"586\" srcset=\"https:\/\/dioceseteixeiradefreitas.com.br\/wp-content\/uploads\/2020\/08\/prison-prison-cell-jail-crime-prisoner-criminal-cage-bar-justice.jpg 880w, https:\/\/dioceseteixeiradefreitas.com.br\/wp-content\/uploads\/2020\/08\/prison-prison-cell-jail-crime-prisoner-criminal-cage-bar-justice-600x400.jpg 600w, https:\/\/dioceseteixeiradefreitas.com.br\/wp-content\/uploads\/2020\/08\/prison-prison-cell-jail-crime-prisoner-criminal-cage-bar-justice-300x200.jpg 300w, https:\/\/dioceseteixeiradefreitas.com.br\/wp-content\/uploads\/2020\/08\/prison-prison-cell-jail-crime-prisoner-criminal-cage-bar-justice-768x511.jpg 768w\" sizes=\"auto, (max-width: 880px) 100vw, 880px\" \/><figcaption id=\"caption-attachment-11094\" class=\"wp-caption-text\">Popula\u00e7\u00e3o Carcer\u00e1ria &#8211; Imagem: Internet\/Reprodu\u00e7\u00e3o<\/figcaption><\/figure>\n<p>Motivados pela preocupa\u00e7\u00e3o e necessidade de constatar a situa\u00e7\u00e3o atual em raz\u00e3o da Pandemia-Covid-19 no Conjunto Penal de Teixeira de Freitas-BA, a Pastoral Carcer\u00e1ria da Diocese de Teixeira de Freitas-Caravelas, atrav\u00e9s de seu Coordenador, Edivilson Macedo Silva, reuniu-se presencialmente no dia 26 de agosto, com o Conselho da Comunidade da Execu\u00e7\u00e3o Penal da Comarca de Teixeira de Freitas, com a Comiss\u00e3o de Acompanhamento a Execu\u00e7\u00e3o Penal da Ordem dos Advogados do Brasil &#8211; Subse\u00e7\u00e3o Teixeira de Freitas e com o TEN-CEL. Os\u00edris Moreira Cardoso, diretor geral do Conjunto Penal de Teixeira de Freitas. A reuni\u00e3o aconteceu sob as recomenda\u00e7\u00f5es de prote\u00e7\u00e3o e cuidados preventivos contra o cont\u00e1gio pelo Coronav\u00edrus. Ao final desta, as entidades sociais emitiram um PARECER.<\/p>\n<p>Eles ouviram detalhadamente do diretor, dos servidores, do Chefe de Seguran\u00e7a &#8211; Sr. S\u00e9rgio, do Chefe da Enfermaria &#8211; Sr. Everton, as informa\u00e7\u00f5es apresentadas, sobre as atuais situa\u00e7\u00f5es e condi\u00e7\u00f5es de funcionamento, controle e conviv\u00eancia em toda a unidade pelos servidores em geral e os 584 internos atualmente, dentre estes 26 internas, em cumprimento de pena e \u00e0 disposi\u00e7\u00e3o da justi\u00e7a.<\/p>\n<p>Dentre outras considera\u00e7\u00f5es, se destaca a constata\u00e7\u00e3o do quadro epidemiol\u00f3gico do COVID-19 na Unidade. At\u00e9 a emiss\u00e3o do parecer, 457 internos testaram positivo para o Coronav\u00edrus. Destes, 95% s\u00e3o assintom\u00e1ticos. 106 tiveram os resultados negativos para o coronav\u00edrus. 192 j\u00e1 foram curados. Dentro de cada pavilh\u00e3o foram feitas as separa\u00e7\u00f5es dos testados positivos, dos testados negativos. Diante da situa\u00e7\u00e3o e das condi\u00e7\u00f5es da unidade prisional, a diretoria reiterou que, no sentido de identificar, prevenir-se e tratar o quadro vir\u00f3tico, contou com a parceria da Vigil\u00e2ncia Sanit\u00e1ria do Munic\u00edpio, e com a orienta\u00e7\u00e3o da Vigil\u00e2ncia Epidemiol\u00f3gica do Estado onde realizaram a ampla testagem para estabelecer em todas as alas da unidade o Lokdown (ningu\u00e9m sai, ningu\u00e9m entra), que est\u00e1 sendo aplicada desde 19 de agosto com possibilidade de suspens\u00e3o por volta dos dias 3 ou 5 de setembro. No quadro administrativo, 24 servidores testados positivos, dentre estes 3 em<br \/>\nestado grave que necessitaram de interna\u00e7\u00e3o hospitalar. Na Sa\u00fade: 06 servidores testados positivo. Na Cozinha: 14 servidores testados positivos; na Seguran\u00e7a: 1 Policial Militar testou positivo. A equipe assegurou que, at\u00e9 o momento, n\u00e3o foi utilizada nenhuma vaga da Rede Municipal\/Hospital de Campanha para atendimentos e tratamentos m\u00e9dicos hospitalar.<\/p>\n<p>Ao final da Nota, os presentes conclu\u00edram que o enfrentamento da Pandemia Covid-19, no Conjunto Penal de Teixeira de Freitas, se apresenta pelos resultados de alt\u00edssima efic\u00e1cia e responsabilidade na condu\u00e7\u00e3o de toda a situa\u00e7\u00e3o.<\/p>\n<p>Confira o teor do Parecer: <a href=\"https:\/\/dioceseteixeiradefreitas.com.br\/wp-content\/uploads\/2020\/08\/PARECER-conjunto-dos-\u00f3rg\u00e3os-sociais-de-atua\u00e7\u00e3o-no-C\u00e1rcere-LEP-COVID-19.pdf\">(AQUI)<\/a><\/p>\n<p>[su_note note_color=&#8221;#f3b418&#8243; text_color=&#8221;#ffffff&#8221;]Confira a galeria:[\/su_note]<\/p>\n<div id='gallery-1' class='gallery galleryid-11093 gallery-columns-3 gallery-size-thumbnail'><figure class='gallery-item'>\n\t\t\t<div class='gallery-icon landscape'>\n\t\t\t\t<a href='https:\/\/dioceseteixeiradefreitas.com.br\/wp-content\/uploads\/2020\/08\/5500798e-5c3c-4a47-ba49-770636bec351.jpg'><img loading=\"lazy\" decoding=\"async\" width=\"150\" height=\"150\" src=\"https:\/\/dioceseteixeiradefreitas.com.br\/wp-content\/uploads\/2020\/08\/5500798e-5c3c-4a47-ba49-770636bec351-150x150.jpg\" class=\"attachment-thumbnail size-thumbnail\" alt=\"\" srcset=\"https:\/\/dioceseteixeiradefreitas.com.br\/wp-content\/uploads\/2020\/08\/5500798e-5c3c-4a47-ba49-770636bec351-150x150.jpg 150w, https:\/\/dioceseteixeiradefreitas.com.br\/wp-content\/uploads\/2020\/08\/5500798e-5c3c-4a47-ba49-770636bec351-300x300.jpg 300w, https:\/\/dioceseteixeiradefreitas.com.br\/wp-content\/uploads\/2020\/08\/5500798e-5c3c-4a47-ba49-770636bec351-100x100.jpg 100w\" sizes=\"auto, (max-width: 150px) 100vw, 150px\" \/><\/a>\n\t\t\t<\/div><\/figure><figure class='gallery-item'>\n\t\t\t<div class='gallery-icon portrait'>\n\t\t\t\t<a href='https:\/\/dioceseteixeiradefreitas.com.br\/wp-content\/uploads\/2020\/08\/588aa74e-afe5-4d6e-98fc-a7b2d3839270.jpg'><img loading=\"lazy\" decoding=\"async\" width=\"150\" height=\"150\" src=\"https:\/\/dioceseteixeiradefreitas.com.br\/wp-content\/uploads\/2020\/08\/588aa74e-afe5-4d6e-98fc-a7b2d3839270-150x150.jpg\" class=\"attachment-thumbnail size-thumbnail\" alt=\"\" srcset=\"https:\/\/dioceseteixeiradefreitas.com.br\/wp-content\/uploads\/2020\/08\/588aa74e-afe5-4d6e-98fc-a7b2d3839270-150x150.jpg 150w, https:\/\/dioceseteixeiradefreitas.com.br\/wp-content\/uploads\/2020\/08\/588aa74e-afe5-4d6e-98fc-a7b2d3839270-300x300.jpg 300w, https:\/\/dioceseteixeiradefreitas.com.br\/wp-content\/uploads\/2020\/08\/588aa74e-afe5-4d6e-98fc-a7b2d3839270-100x100.jpg 100w\" sizes=\"auto, (max-width: 150px) 100vw, 150px\" \/><\/a>\n\t\t\t<\/div><\/figure>\n\t\t<\/div>\n\n","protected":false},"excerpt":{"rendered":"<p>Motivados pela preocupa\u00e7\u00e3o e necessidade de constatar a situa\u00e7\u00e3o atual em raz\u00e3o da Pandemia-Covid-19 no Conjunto Penal de Teixeira de Freitas-BA, a Pastoral Carcer\u00e1ria da Diocese de Teixeira de Freitas-Caravelas, atrav\u00e9s de seu Coordenador, Edivilson Macedo Silva, reuniu-se presencialmente no dia 26 de agosto, com o Conselho da Comunidade da Execu\u00e7\u00e3o Penal da Comarca de &hellip;<\/p>\n","protected":false},"author":1,"featured_media":11094,"comment_status":"closed","ping_status":"closed","sticky":false,"template":"","format":"standard","meta":{"footnotes":""},"categories":[100],"tags":[633,477,187,529,632],"class_list":["post-11093","post","type-post","status-publish","format-standard","has-post-thumbnail","hentry","category-noticias-diocesanas","tag-conjunto-penal-de-teixeira-de-freitas","tag-coronavirus","tag-pastoral-carceraria","tag-pastoral-carceraria-diocesana","tag-unidade-prisional"],"_links":{"self":[{"href":"https:\/\/dioceseteixeiradefreitas.com.br\/index.php?rest_route=\/wp\/v2\/posts\/11093","targetHints":{"allow":["GET"]}}],"collection":[{"href":"https:\/\/dioceseteixeiradefreitas.com.br\/index.php?rest_route=\/wp\/v2\/posts"}],"about":[{"href":"https:\/\/dioceseteixeiradefreitas.com.br\/index.php?rest_route=\/wp\/v2\/types\/post"}],"author":[{"embeddable":true,"href":"https:\/\/dioceseteixeiradefreitas.com.br\/index.php?rest_route=\/wp\/v2\/users\/1"}],"replies":[{"embeddable":true,"href":"https:\/\/dioceseteixeiradefreitas.com.br\/index.php?rest_route=%2Fwp%2Fv2%2Fcomments&post=11093"}],"version-history":[{"count":6,"href":"https:\/\/dioceseteixeiradefreitas.com.br\/index.php?rest_route=\/wp\/v2\/posts\/11093\/revisions"}],"predecessor-version":[{"id":11103,"href":"https:\/\/dioceseteixeiradefreitas.com.br\/index.php?rest_route=\/wp\/v2\/posts\/11093\/revisions\/11103"}],"wp:featuredmedia":[{"embeddable":true,"href":"https:\/\/dioceseteixeiradefreitas.com.br\/index.php?rest_route=\/wp\/v2\/media\/11094"}],"wp:attachment":[{"href":"https:\/\/dioceseteixeiradefreitas.com.br\/index.php?rest_route=%2Fwp%2Fv2%2Fmedia&parent=11093"}],"wp:term":[{"taxonomy":"category","embeddable":true,"href":"https:\/\/dioceseteixeiradefreitas.com.br\/index.php?rest_route=%2Fwp%2Fv2%2Fcategories&post=11093"},{"taxonomy":"post_tag","embeddable":true,"href":"https:\/\/dioceseteixeiradefreitas.com.br\/index.php?rest_route=%2Fwp%2Fv2%2Ftags&post=11093"}],"curies":[{"name":"wp","href":"https:\/\/api.w.org\/{rel}","templated":true}]}}