{"id":11135,"date":"2020-09-03T10:06:49","date_gmt":"2020-09-03T13:06:49","guid":{"rendered":"https:\/\/dioceseteixeiradefreitas.com.br\/?p=11135"},"modified":"2020-09-04T10:53:21","modified_gmt":"2020-09-04T13:53:21","slug":"diocese-acolhe-padre-benoy-joseph","status":"publish","type":"post","link":"https:\/\/dioceseteixeiradefreitas.com.br\/?p=11135","title":{"rendered":"Diocese acolhe padre Benoy Joseph"},"content":{"rendered":"<figure id=\"attachment_11137\" aria-describedby=\"caption-attachment-11137\" style=\"width: 1024px\" class=\"wp-caption aligncenter\"><img loading=\"lazy\" decoding=\"async\" class=\"size-full wp-image-11137\" src=\"https:\/\/dioceseteixeiradefreitas.com.br\/wp-content\/uploads\/2020\/09\/DSC_0297.jpg\" alt=\"\" width=\"1024\" height=\"683\" srcset=\"https:\/\/dioceseteixeiradefreitas.com.br\/wp-content\/uploads\/2020\/09\/DSC_0297.jpg 1024w, https:\/\/dioceseteixeiradefreitas.com.br\/wp-content\/uploads\/2020\/09\/DSC_0297-600x400.jpg 600w, https:\/\/dioceseteixeiradefreitas.com.br\/wp-content\/uploads\/2020\/09\/DSC_0297-300x200.jpg 300w, https:\/\/dioceseteixeiradefreitas.com.br\/wp-content\/uploads\/2020\/09\/DSC_0297-768x512.jpg 768w\" sizes=\"auto, (max-width: 1024px) 100vw, 1024px\" \/><figcaption id=\"caption-attachment-11137\" class=\"wp-caption-text\">Pe. Benoy Jospeh, vig\u00e1rio paroquial na Catedral S\u00e3o Pedro em Teixeira de Freitas &#8211; Foto: PASCOM\/Divulga\u00e7\u00e3o<\/figcaption><\/figure>\n<p>A Diocese de Teixeira de Freitas-Caravelas, acolheu no domingo (30\/08), o padre Benoy Joseph, 37 anos, na Santa Missa do 22\u00ba Domingo do Tempo Comum, celebrada na Catedral S\u00e3o Pedro e presidida pelo Pe. Edivaldo Oliveira Santana.<\/p>\n<p>O Pe. Benoy \u00e9 indiano, religioso da Congrega\u00e7\u00e3o Carmelitas de Maria Imaculada (CMI), fundada em 1831. \u00c9 a primeira Congrega\u00e7\u00e3o Religiosa do rito sirio-malabar dentro da Igreja Cat\u00f3lica na \u00cdndia. Atualmente a Congrega\u00e7\u00e3o presta servi\u00e7os pastorais em 35 pa\u00edses ao redor do mundo. Tem cerca de 3.000 membros, 1840 sacerdotes, incluindo 10 bispos, 1 di\u00e1cono permanente, 22 irm\u00e3os e 1200 pessoas em forma\u00e7\u00e3o.<\/p>\n<p>O presb\u00edtero estava exercendo o minist\u00e9rio na Diocese de Santar\u00e9m\/PA, h\u00e1 mais de quatro anos e meio, quando foi transferido para nossa Diocese.\u00a0<strong>&#8220;<em>Estou aqui para servir na Diocese, estarei ajudando o Padre Edivaldo nesta par\u00f3quia<\/em><\/strong>&#8220;, afirmou o padre.<\/p>\n<p>Em breve, mais dois padres da mesma congrega\u00e7\u00e3o estar\u00e3o colaborando em nossa Diocese. Eles est\u00e3o em processo de obten\u00e7\u00e3o de visto no Consulado do Brasil na \u00cdndia. O Consulado est\u00e1 atualmente fechado por conta das restri\u00e7\u00f5es da Pandemia.<\/p>\n<p>&#8220;<strong><em>Estamos esperando por eles. N\u00f3s agradecemos \u00e0 Congrega\u00e7\u00e3o dos<\/em> Carmelitas de Maria Imaculada, por virem trabalhar conosco. Desejamos que possam fazer um trabalho prof\u00edcuo aqui na Diocese de Teixeira de Freitas-Caravelas<\/strong>&#8220;, agradeceu Dom Jailton durante a Santa Missa das 18h, na Catedral.<\/p>\n<p>Texto: PASCOM DIOCESANA &#8211; Informa\u00e7\u00f5es: <a href=\"http:\/\/cmi.org.in\/CMIStatistics.aspx\">Site da Congrega\u00e7\u00e3o<\/a><br \/>\nFoto: Arnaldo | PASCOM<\/p>\n<p>[su_note note_color=&#8221;#f3b418&#8243; text_color=&#8221;#ffffff&#8221;]Confira apresenta\u00e7\u00e3o do Pe. Benoy:[\/su_note]<\/p>\n<div style=\"width: 1280px;\" class=\"wp-video\"><video class=\"wp-video-shortcode\" id=\"video-11135-1\" width=\"1280\" height=\"720\" preload=\"metadata\" controls=\"controls\"><source type=\"video\/mp4\" src=\"https:\/\/dioceseteixeiradefreitas.com.br\/wp-content\/uploads\/2020\/09\/padre-benoy.mp4?_=1\" \/><a href=\"https:\/\/dioceseteixeiradefreitas.com.br\/wp-content\/uploads\/2020\/09\/padre-benoy.mp4\">https:\/\/dioceseteixeiradefreitas.com.br\/wp-content\/uploads\/2020\/09\/padre-benoy.mp4<\/a><\/video><\/div>\n<p>&nbsp;<\/p>\n","protected":false},"excerpt":{"rendered":"<p>A Diocese de Teixeira de Freitas-Caravelas, acolheu no domingo (30\/08), o padre Benoy Joseph, 37 anos, na Santa Missa do 22\u00ba Domingo do Tempo Comum, celebrada na Catedral S\u00e3o Pedro e presidida pelo Pe. Edivaldo Oliveira Santana. O Pe. Benoy \u00e9 indiano, religioso da Congrega\u00e7\u00e3o Carmelitas de Maria Imaculada (CMI), fundada em 1831. \u00c9 a &hellip;<\/p>\n","protected":false},"author":1,"featured_media":11137,"comment_status":"closed","ping_status":"closed","sticky":false,"template":"","format":"standard","meta":{"footnotes":""},"categories":[100],"tags":[59,451,57,638,637],"class_list":["post-11135","post","type-post","status-publish","format-standard","has-post-thumbnail","hentry","category-noticias-diocesanas","tag-catedral-sao-pedro","tag-diocese-de-teixeira-de-freitas-caravelas","tag-forania-sao-pedro","tag-padre-indiano","tag-pe-benoy-joseph"],"_links":{"self":[{"href":"https:\/\/dioceseteixeiradefreitas.com.br\/index.php?rest_route=\/wp\/v2\/posts\/11135","targetHints":{"allow":["GET"]}}],"collection":[{"href":"https:\/\/dioceseteixeiradefreitas.com.br\/index.php?rest_route=\/wp\/v2\/posts"}],"about":[{"href":"https:\/\/dioceseteixeiradefreitas.com.br\/index.php?rest_route=\/wp\/v2\/types\/post"}],"author":[{"embeddable":true,"href":"https:\/\/dioceseteixeiradefreitas.com.br\/index.php?rest_route=\/wp\/v2\/users\/1"}],"replies":[{"embeddable":true,"href":"https:\/\/dioceseteixeiradefreitas.com.br\/index.php?rest_route=%2Fwp%2Fv2%2Fcomments&post=11135"}],"version-history":[{"count":8,"href":"https:\/\/dioceseteixeiradefreitas.com.br\/index.php?rest_route=\/wp\/v2\/posts\/11135\/revisions"}],"predecessor-version":[{"id":11151,"href":"https:\/\/dioceseteixeiradefreitas.com.br\/index.php?rest_route=\/wp\/v2\/posts\/11135\/revisions\/11151"}],"wp:featuredmedia":[{"embeddable":true,"href":"https:\/\/dioceseteixeiradefreitas.com.br\/index.php?rest_route=\/wp\/v2\/media\/11137"}],"wp:attachment":[{"href":"https:\/\/dioceseteixeiradefreitas.com.br\/index.php?rest_route=%2Fwp%2Fv2%2Fmedia&parent=11135"}],"wp:term":[{"taxonomy":"category","embeddable":true,"href":"https:\/\/dioceseteixeiradefreitas.com.br\/index.php?rest_route=%2Fwp%2Fv2%2Fcategories&post=11135"},{"taxonomy":"post_tag","embeddable":true,"href":"https:\/\/dioceseteixeiradefreitas.com.br\/index.php?rest_route=%2Fwp%2Fv2%2Ftags&post=11135"}],"curies":[{"name":"wp","href":"https:\/\/api.w.org\/{rel}","templated":true}]}}