{"id":11146,"date":"2020-09-04T17:39:27","date_gmt":"2020-09-04T20:39:27","guid":{"rendered":"https:\/\/dioceseteixeiradefreitas.com.br\/?p=11146"},"modified":"2020-09-10T16:10:16","modified_gmt":"2020-09-10T19:10:16","slug":"participe-do-congresso-biblico-catequetico","status":"publish","type":"post","link":"https:\/\/dioceseteixeiradefreitas.com.br\/?p=11146","title":{"rendered":"Participe do Congresso B\u00edblico-Catequ\u00e9tico"},"content":{"rendered":"<figure id=\"attachment_11154\" aria-describedby=\"caption-attachment-11154\" style=\"width: 750px\" class=\"wp-caption aligncenter\"><img loading=\"lazy\" decoding=\"async\" class=\"wp-image-11154 size-full\" src=\"https:\/\/dioceseteixeiradefreitas.com.br\/wp-content\/uploads\/2020\/09\/zenaide.png\" alt=\"\" width=\"750\" height=\"500\" srcset=\"https:\/\/dioceseteixeiradefreitas.com.br\/wp-content\/uploads\/2020\/09\/zenaide.png 750w, https:\/\/dioceseteixeiradefreitas.com.br\/wp-content\/uploads\/2020\/09\/zenaide-600x400.png 600w, https:\/\/dioceseteixeiradefreitas.com.br\/wp-content\/uploads\/2020\/09\/zenaide-300x200.png 300w\" sizes=\"auto, (max-width: 750px) 100vw, 750px\" \/><figcaption id=\"caption-attachment-11154\" class=\"wp-caption-text\">Cartaz do Texto-Base do M\u00eas da B\u00edblia 2020 &#8211; Foto: CNBB\/Reprodu\u00e7\u00e3o<\/figcaption><\/figure>\n<p>A coordena\u00e7\u00e3o B\u00edblico-Catequ\u00e9tica da Diocese de Teixeira de Freitas-Caravelas, promove nos dias 12, 19, 26, 28 e 30 de setembro, o Congresso B\u00edblico-Catequ\u00e9tico, que tem como intuito o envolvimento da Pastoral de Conjunto e participa\u00e7\u00e3o da parcela do povo de Deus aprofundando no livro de Deuteron\u00f4mio e o lema \u201cAbre tua m\u00e3o para o teu irm\u00e3o\u201d (Dt 15,11)\u201d. O evento ser\u00e1 realizado Online pelo <strong><a href=\"https:\/\/www.youtube.com\/dioceseteixeiradefreitas\">canal do Youtube da Diocese<\/a><\/strong>. Mas os fi\u00e9is poder\u00e3o acompanhar juntos (seguindo as normas sanit\u00e1rias neste per\u00edodo de pandemia e respeitando as orienta\u00e7\u00f5es quanto a lota\u00e7\u00e3o m\u00e1xima e o distanciamento descritas nas Notas Pastorais 04 e 06), no interior das Igrejas ou Sal\u00f5es Pastorais de suas par\u00f3quias.<\/p>\n<p>O livro de Deuteron\u00f4mio \u00e9 de grande import\u00e2ncia, citado v\u00e1rias vezes no Novo Testamento. Segundo Dom Waldemar Passini, Bispo de Luzi\u00e2nia (GO), \u201c<em>N\u00f3s precisamos, como sempre para o Antigo Testamento, termos a refer\u00eancia da leitura crist\u00e3. Lemos o Antigo Testamento como Palavra de Deus para n\u00f3s, mas temos na mente e no cora\u00e7\u00e3o o Evangelho de Jesus Cristo e a teologia do Novo Testamento para n\u00f3s como um todo. Assim vamos ao livro de Deuteron\u00f4mio e vamos encontr\u00e1-lo tal como ele se apresenta<\/em>\u201d, disse.<\/p>\n<p>Desde o final da d\u00e9cada de 1970, a Igreja do Brasil dedica o m\u00eas de setembro ao estudo e a celebra\u00e7\u00e3o da Palavra de Deus. \u00c9 um tempo especial para a ora\u00e7\u00e3o em fam\u00edlia e em comunidade! A cada ano, a CNBB prop\u00f5e um tema para que as comunidades possam meditar ao longo do m\u00eas.<\/p>\n<p>Para celebrar o M\u00eas da B\u00edblia e exercitar o Ano da Palavra, a Diocese preparou uma programa\u00e7\u00e3o especial, como palestras, com convidados especialistas que refletir\u00e3o alguns temas. S\u00e3o eles: Padre Fernando Cardoso da Arquidiocese de S\u00e3o Paulo\/SP, Professor Joel Gracioso tamb\u00e9m de S\u00e3o Paulo\/SP e Professor M\u00e1rcio da Faculdade Cat\u00f3lica de Feira de Santana. Na segunda-feira (28), \u00e0s 19h, acontecer\u00e1 a Live da Gratuidade, com objetivo de arrecadar alimentos, fraldas geri\u00e1tricas e diversos, onde os fi\u00e9is acompanhar\u00e3o um show ao vivo animando a noite. No dia 30 de setembro (quarta-feira), encerrando o Congresso B\u00edblico-Catequ\u00e9tico, o Bispo Diocesano, Dom Jailton, presidir\u00e1 a Santa Missa, \u00e0s 19h, na Catedral S\u00e3o Pedro, transmitida ao vivo para toda a Diocese.<\/p>\n<p>N\u00e3o perca nenhum dia do Congresso. <strong><a href=\"https:\/\/www.youtube.com\/dioceseteixeiradefreitas\">Se inscreva no canal da Diocese no Youtube<\/a><\/strong> e ative o sininho para as notifica\u00e7\u00f5es e selecione \u201ctodas as notifica\u00e7\u00f5es\u201d, assim voc\u00ea saber\u00e1 quando a diocese estar\u00e1 ao vivo.<\/p>\n<p><strong>PROGRAMA\u00c7\u00c3O DIOCESANA<\/strong><\/p>\n<p><strong>Dia 12\/09 (19h) \u2013 Palestra ministrada pelo Pe. Fernando Cardoso<\/strong><br \/>\n\u201cIntrodu\u00e7\u00e3o ao Livro do Deuteron\u00f4mio e uma breve exegese de um dos cap\u00edtulos do referido Livro\u201d<\/p>\n<p><strong>Dia 19\/09 (19h) \u2013 Palestra ministrada pelo Prof. Joel Gracioso<\/strong><br \/>\n\u201cVis\u00e3o de alguns dos Padres da Igreja (Patr\u00edstica) sobre o Livro do Deuteron\u00f4mio e uma atualiza\u00e7\u00e3o do mesmo\u201d<\/p>\n<p><strong>Dia 26\/09 (19h) \u2013 Palestra ministrada pelo Prof. M\u00e1rcio<\/strong><br \/>\nTema do M\u00eas da B\u00edblica: \u201cAbre tua m\u00e3o para teu irm\u00e3o (Dt 15,11)&#8221;<\/p>\n<p><strong>Dia 28\/09 (19h) \u2013 Live Gratuidade (Gesto Concreto: Fraldas Geri\u00e1tricas)<\/strong><\/p>\n<p><strong>Dia 30\/09 (19h) \u2013 Santa Missa Solene de encerramento na Catedral S\u00e3o Pedro<\/strong><br \/>\nPresidida por Dom Jailton de Oliveira Lino, Psdp &#8211; Bispo Diocesano<\/p>\n<div id='gallery-1' class='gallery galleryid-11146 gallery-columns-3 gallery-size-medium'><figure class='gallery-item'>\n\t\t\t<div class='gallery-icon portrait'>\n\t\t\t\t<a href='https:\/\/dioceseteixeiradefreitas.com.br\/wp-content\/uploads\/2020\/09\/317f360f-917a-49c3-a599-3f4e34f8c7e4-1.png'><img loading=\"lazy\" decoding=\"async\" width=\"219\" height=\"300\" src=\"https:\/\/dioceseteixeiradefreitas.com.br\/wp-content\/uploads\/2020\/09\/317f360f-917a-49c3-a599-3f4e34f8c7e4-1-219x300.png\" class=\"attachment-medium size-medium\" alt=\"\" srcset=\"https:\/\/dioceseteixeiradefreitas.com.br\/wp-content\/uploads\/2020\/09\/317f360f-917a-49c3-a599-3f4e34f8c7e4-1-219x300.png 219w, https:\/\/dioceseteixeiradefreitas.com.br\/wp-content\/uploads\/2020\/09\/317f360f-917a-49c3-a599-3f4e34f8c7e4-1-600x823.png 600w, https:\/\/dioceseteixeiradefreitas.com.br\/wp-content\/uploads\/2020\/09\/317f360f-917a-49c3-a599-3f4e34f8c7e4-1-746x1024.png 746w, https:\/\/dioceseteixeiradefreitas.com.br\/wp-content\/uploads\/2020\/09\/317f360f-917a-49c3-a599-3f4e34f8c7e4-1-768x1054.png 768w, https:\/\/dioceseteixeiradefreitas.com.br\/wp-content\/uploads\/2020\/09\/317f360f-917a-49c3-a599-3f4e34f8c7e4-1.png 933w\" sizes=\"auto, (max-width: 219px) 100vw, 219px\" \/><\/a>\n\t\t\t<\/div><\/figure>\n\t\t<\/div>\n\n","protected":false},"excerpt":{"rendered":"<p>A coordena\u00e7\u00e3o B\u00edblico-Catequ\u00e9tica da Diocese de Teixeira de Freitas-Caravelas, promove nos dias 12, 19, 26, 28 e 30 de setembro, o Congresso B\u00edblico-Catequ\u00e9tico, que tem como intuito o envolvimento da Pastoral de Conjunto e participa\u00e7\u00e3o da parcela do povo de Deus aprofundando no livro de Deuteron\u00f4mio e o lema \u201cAbre tua m\u00e3o para o teu &hellip;<\/p>\n","protected":false},"author":1,"featured_media":11154,"comment_status":"closed","ping_status":"closed","sticky":false,"template":"","format":"standard","meta":{"footnotes":""},"categories":[100],"tags":[641,642,640,125,584,639],"class_list":["post-11146","post","type-post","status-publish","format-standard","has-post-thumbnail","hentry","category-noticias-diocesanas","tag-abre-tua-mao-para-o-teu-irmao","tag-ano-da-palavra","tag-congresso-biblico-catequetico","tag-diocese","tag-live-da-gratuidade","tag-mes-da-biblia"],"_links":{"self":[{"href":"https:\/\/dioceseteixeiradefreitas.com.br\/index.php?rest_route=\/wp\/v2\/posts\/11146","targetHints":{"allow":["GET"]}}],"collection":[{"href":"https:\/\/dioceseteixeiradefreitas.com.br\/index.php?rest_route=\/wp\/v2\/posts"}],"about":[{"href":"https:\/\/dioceseteixeiradefreitas.com.br\/index.php?rest_route=\/wp\/v2\/types\/post"}],"author":[{"embeddable":true,"href":"https:\/\/dioceseteixeiradefreitas.com.br\/index.php?rest_route=\/wp\/v2\/users\/1"}],"replies":[{"embeddable":true,"href":"https:\/\/dioceseteixeiradefreitas.com.br\/index.php?rest_route=%2Fwp%2Fv2%2Fcomments&post=11146"}],"version-history":[{"count":8,"href":"https:\/\/dioceseteixeiradefreitas.com.br\/index.php?rest_route=\/wp\/v2\/posts\/11146\/revisions"}],"predecessor-version":[{"id":11190,"href":"https:\/\/dioceseteixeiradefreitas.com.br\/index.php?rest_route=\/wp\/v2\/posts\/11146\/revisions\/11190"}],"wp:featuredmedia":[{"embeddable":true,"href":"https:\/\/dioceseteixeiradefreitas.com.br\/index.php?rest_route=\/wp\/v2\/media\/11154"}],"wp:attachment":[{"href":"https:\/\/dioceseteixeiradefreitas.com.br\/index.php?rest_route=%2Fwp%2Fv2%2Fmedia&parent=11146"}],"wp:term":[{"taxonomy":"category","embeddable":true,"href":"https:\/\/dioceseteixeiradefreitas.com.br\/index.php?rest_route=%2Fwp%2Fv2%2Fcategories&post=11146"},{"taxonomy":"post_tag","embeddable":true,"href":"https:\/\/dioceseteixeiradefreitas.com.br\/index.php?rest_route=%2Fwp%2Fv2%2Ftags&post=11146"}],"curies":[{"name":"wp","href":"https:\/\/api.w.org\/{rel}","templated":true}]}}