{"id":11183,"date":"2020-09-10T13:26:53","date_gmt":"2020-09-10T16:26:53","guid":{"rendered":"https:\/\/dioceseteixeiradefreitas.com.br\/?p=11183"},"modified":"2020-09-10T13:26:53","modified_gmt":"2020-09-10T16:26:53","slug":"papa-francisco-lancara-sua-nova-enciclica-fratelli-tutti-todos-irmaos-em-3-de-outubro","status":"publish","type":"post","link":"https:\/\/dioceseteixeiradefreitas.com.br\/?p=11183","title":{"rendered":"PAPA FRANCISCO LAN\u00c7AR\u00c1 SUA NOVA ENC\u00cdCLICA \u201cFRATELLI TUTTI\u201d (TODOS IRM\u00c3OS), EM 3 DE OUTUBRO"},"content":{"rendered":"<figure id=\"attachment_11184\" aria-describedby=\"caption-attachment-11184\" style=\"width: 747px\" class=\"wp-caption aligncenter\"><img loading=\"lazy\" decoding=\"async\" class=\"wp-image-11184 size-full\" src=\"https:\/\/dioceseteixeiradefreitas.com.br\/wp-content\/uploads\/2020\/09\/Bas\u00edlia-de-S\u00e3o-Francisco-de-Assis-ov7qox466t4g3pz3ebdea6uyw25rnsnb8xue0kvi48.jpeg\" alt=\"\" width=\"747\" height=\"428\" srcset=\"https:\/\/dioceseteixeiradefreitas.com.br\/wp-content\/uploads\/2020\/09\/Bas\u00edlia-de-S\u00e3o-Francisco-de-Assis-ov7qox466t4g3pz3ebdea6uyw25rnsnb8xue0kvi48.jpeg 747w, https:\/\/dioceseteixeiradefreitas.com.br\/wp-content\/uploads\/2020\/09\/Bas\u00edlia-de-S\u00e3o-Francisco-de-Assis-ov7qox466t4g3pz3ebdea6uyw25rnsnb8xue0kvi48-600x344.jpeg 600w, https:\/\/dioceseteixeiradefreitas.com.br\/wp-content\/uploads\/2020\/09\/Bas\u00edlia-de-S\u00e3o-Francisco-de-Assis-ov7qox466t4g3pz3ebdea6uyw25rnsnb8xue0kvi48-300x172.jpeg 300w\" sizes=\"auto, (max-width: 747px) 100vw, 747px\" \/><figcaption id=\"caption-attachment-11184\" class=\"wp-caption-text\">Bas\u00edlica de S\u00e3o Francisco &#8211; Imagem: VaticanNews\/Reprodu\u00e7\u00e3o<\/figcaption><\/figure>\n<p>Sobre o t\u00famulo do Santo que viu a fraternidade em cada criatura de Deus e a transformou em um canto sem tempo. Inicia dali a nova etapa do Magist\u00e9rio do Papa que escolheu carregar o nome do Santo da \u00dambria. Depois da \u201cLumen fidei\u201d (2013) e \u201cLaudato si\u2019\u201d (2015) \u2013 que ecoa no t\u00edtulo o in\u00edcio do C\u00e2ntico das Criaturas \u2013 desta vez \u00e9 a cidade do Pobrezinho que batizar\u00e1 a terceira Enc\u00edclica \u201cFratelli tutti\u201d (Todos irm\u00e3os)\u2026, que o Papa assinar\u00e1 na tarde do dia 3 de outubro, depois de chegar a Assis \u00e0s 15h e celebrar a santa missa na Bas\u00edlica inferior. Uma celebra\u00e7\u00e3o ainda condicionada pela pandemia, j\u00e1 que a prefeitura da Casa Pontif\u00edcia refere em uma declara\u00e7\u00e3o o desejo de Francisco de que a visita \u201cse realize de forma privada, sem qualquer participa\u00e7\u00e3o dos fi\u00e9is\u201d, \u201cpor causa da situa\u00e7\u00e3o de sa\u00fade\u201d.<\/p>\n<p><strong>No cora\u00e7\u00e3o de um magist\u00e9rio<\/strong><br \/>\nO t\u00edtulo do \u00faltimo documento se refere a um valor central do Magist\u00e9rio de Francisco, que na noite de sua elei\u00e7\u00e3o, 13 de mar\u00e7o de 2013, se apresentou ao mundo com a palavra \u201cirm\u00e3os\u201d. E irm\u00e3os s\u00e3o os invis\u00edveis que ele abra\u00e7a em Lampedusa, os imigrantes, em sua primeira sa\u00edda como Pont\u00edfice. Tamb\u00e9m Shimon Peres e Abu Mazen que apertam juntos a m\u00e3o com o Papa em 2014 s\u00e3o um exemplo dessa fraternidade que tem a paz como meta. At\u00e9 a Declara\u00e7\u00e3o de Abu Dhabi do ano passado, tamb\u00e9m neste caso um documento sobre a \u201cfraternidade humana\u201d que, disse Francisco, \u201cnasce da f\u00e9 em Deus que \u00e9 Pai de todos e Pai da paz\u201d.<\/p>\n<p><strong>Sorrentino: do gesto do Papa, a for\u00e7a para recome\u00e7ar<\/strong><\/p>\n<p>Com a de 3 de outubro ser\u00e3o quatro as visitas do Papa a Assis, ap\u00f3s as etapas de 4 de outubro de 2013 e a dupla visita de 2016, 4 de agosto e 20 de setembro. Um retorno que o bispo da cidade, dom Domenico Sorrentino, espera com \u201cemo\u00e7\u00e3o e gratid\u00e3o\u201d, como se l\u00ea em uma declara\u00e7\u00e3o. \u201cEnquanto o mundo sofre uma pandemia que coloca tantos povos em dificuldade e nos faz sentir irm\u00e3os na dor, n\u00e3o podemos deixar de sentir a necessidade de nos tornarmos acima de tudo irm\u00e3os no amor\u201d, escreve dom Sorrentino, que fala da \u201cfraternidade c\u00f3smica\u201d de S\u00e3o Francisco. \u201cEste gesto do Papa Francisco \u2013 conclui o bispo de Assis \u2013 nos d\u00e1 nova coragem e for\u00e7a para \u2018reiniciar\u2019 em nome da fraternidade que nos une a todos\u201d.<\/p>\n<p>Texto: CNBB<\/p>\n","protected":false},"excerpt":{"rendered":"<p>Sobre o t\u00famulo do Santo que viu a fraternidade em cada criatura de Deus e a transformou em um canto sem tempo. Inicia dali a nova etapa do Magist\u00e9rio do Papa que escolheu carregar o nome do Santo da \u00dambria. Depois da \u201cLumen fidei\u201d (2013) e \u201cLaudato si\u2019\u201d (2015) \u2013 que ecoa no t\u00edtulo o &hellip;<\/p>\n","protected":false},"author":1,"featured_media":11184,"comment_status":"closed","ping_status":"closed","sticky":false,"template":"","format":"standard","meta":{"footnotes":""},"categories":[104],"tags":[649,191,648,71,650,442],"class_list":["post-11183","post","type-post","status-publish","format-standard","has-post-thumbnail","hentry","category-noticias-da-cnbb","tag-todos-irmaos","tag-cnbb","tag-enciclica-fratelli-tutti","tag-papa-francisco","tag-sao-francisco-de-assis","tag-vatican-news"],"_links":{"self":[{"href":"https:\/\/dioceseteixeiradefreitas.com.br\/index.php?rest_route=\/wp\/v2\/posts\/11183","targetHints":{"allow":["GET"]}}],"collection":[{"href":"https:\/\/dioceseteixeiradefreitas.com.br\/index.php?rest_route=\/wp\/v2\/posts"}],"about":[{"href":"https:\/\/dioceseteixeiradefreitas.com.br\/index.php?rest_route=\/wp\/v2\/types\/post"}],"author":[{"embeddable":true,"href":"https:\/\/dioceseteixeiradefreitas.com.br\/index.php?rest_route=\/wp\/v2\/users\/1"}],"replies":[{"embeddable":true,"href":"https:\/\/dioceseteixeiradefreitas.com.br\/index.php?rest_route=%2Fwp%2Fv2%2Fcomments&post=11183"}],"version-history":[{"count":2,"href":"https:\/\/dioceseteixeiradefreitas.com.br\/index.php?rest_route=\/wp\/v2\/posts\/11183\/revisions"}],"predecessor-version":[{"id":11186,"href":"https:\/\/dioceseteixeiradefreitas.com.br\/index.php?rest_route=\/wp\/v2\/posts\/11183\/revisions\/11186"}],"wp:featuredmedia":[{"embeddable":true,"href":"https:\/\/dioceseteixeiradefreitas.com.br\/index.php?rest_route=\/wp\/v2\/media\/11184"}],"wp:attachment":[{"href":"https:\/\/dioceseteixeiradefreitas.com.br\/index.php?rest_route=%2Fwp%2Fv2%2Fmedia&parent=11183"}],"wp:term":[{"taxonomy":"category","embeddable":true,"href":"https:\/\/dioceseteixeiradefreitas.com.br\/index.php?rest_route=%2Fwp%2Fv2%2Fcategories&post=11183"},{"taxonomy":"post_tag","embeddable":true,"href":"https:\/\/dioceseteixeiradefreitas.com.br\/index.php?rest_route=%2Fwp%2Fv2%2Ftags&post=11183"}],"curies":[{"name":"wp","href":"https:\/\/api.w.org\/{rel}","templated":true}]}}