{"id":11199,"date":"2020-09-14T10:38:04","date_gmt":"2020-09-14T13:38:04","guid":{"rendered":"https:\/\/dioceseteixeiradefreitas.com.br\/?p=11199"},"modified":"2020-09-14T10:38:04","modified_gmt":"2020-09-14T13:38:04","slug":"grande-acao-de-solidariedade-campanha-quarentena-solidaria-chega-ao-fim","status":"publish","type":"post","link":"https:\/\/dioceseteixeiradefreitas.com.br\/?p=11199","title":{"rendered":"Grande a\u00e7\u00e3o de Solidariedade: Campanha Quarentena Solid\u00e1ria chega ao Fim"},"content":{"rendered":"<figure id=\"attachment_10132\" aria-describedby=\"caption-attachment-10132\" style=\"width: 2000px\" class=\"wp-caption aligncenter\"><img loading=\"lazy\" decoding=\"async\" class=\"wp-image-10132 size-full\" src=\"https:\/\/dioceseteixeiradefreitas.com.br\/wp-content\/uploads\/2020\/05\/Campanha-pronta-1.jpg\" alt=\"\" width=\"2000\" height=\"2000\" srcset=\"https:\/\/dioceseteixeiradefreitas.com.br\/wp-content\/uploads\/2020\/05\/Campanha-pronta-1.jpg 2000w, https:\/\/dioceseteixeiradefreitas.com.br\/wp-content\/uploads\/2020\/05\/Campanha-pronta-1-300x300.jpg 300w, https:\/\/dioceseteixeiradefreitas.com.br\/wp-content\/uploads\/2020\/05\/Campanha-pronta-1-100x100.jpg 100w, https:\/\/dioceseteixeiradefreitas.com.br\/wp-content\/uploads\/2020\/05\/Campanha-pronta-1-600x600.jpg 600w, https:\/\/dioceseteixeiradefreitas.com.br\/wp-content\/uploads\/2020\/05\/Campanha-pronta-1-1024x1024.jpg 1024w, https:\/\/dioceseteixeiradefreitas.com.br\/wp-content\/uploads\/2020\/05\/Campanha-pronta-1-150x150.jpg 150w, https:\/\/dioceseteixeiradefreitas.com.br\/wp-content\/uploads\/2020\/05\/Campanha-pronta-1-768x768.jpg 768w, https:\/\/dioceseteixeiradefreitas.com.br\/wp-content\/uploads\/2020\/05\/Campanha-pronta-1-1536x1536.jpg 1536w\" sizes=\"auto, (max-width: 2000px) 100vw, 2000px\" \/><figcaption id=\"caption-attachment-10132\" class=\"wp-caption-text\">Cestas b\u00e1sicas arrecadadas durante \u00e0 campanha sendo preparadas para a distribui\u00e7\u00e3o \u2013 Imagem: PASCOM\/Divulga\u00e7\u00e3o<\/figcaption><\/figure>\n<p>A Diocese de Teixeira de Freitas\/Caravelas lan\u00e7ou no dia 29 de mar\u00e7o de 2020, a Campanha Quarentena Solid\u00e1ria com o objeto de unir for\u00e7as para garantir alimenta\u00e7\u00e3o para quem mais precisa neste tempo dif\u00edcil de pandemia do novo coronav\u00edrus, no territ\u00f3rio diocesano.<\/p>\n<p><strong>Como objetivos espec\u00edficos delineou:<\/strong><br \/>\n&#8211; Doar alimentos n\u00e3o perec\u00edveis para pessoas que est\u00e3o passando fome por causa da pandemia do coronav\u00edrus;<br \/>\n&#8211; Reduzir danos na vida dos mais vulner\u00e1veis;<br \/>\n&#8211; Manifestar a maternidade e cuidado da Igreja para com os mais necessitados;<br \/>\n&#8211; Desenvolver solidariedade nos crist\u00e3os cat\u00f3licos da Diocese.<\/p>\n<p>O per\u00edodo estabelecido para a campanha eram os meses de abril a julho, pois acredit\u00e1vamos que seriam os mais cr\u00edticos.<strong> Foram distribu\u00eddas:<\/strong><\/p>\n<table style=\"height: 249px;\" width=\"647\">\n<tbody>\n<tr>\n<td width=\"104\"><strong>M\u00eas<\/strong><\/td>\n<td width=\"189\"><strong>Quantidade de cestas<\/strong><\/td>\n<\/tr>\n<tr>\n<td width=\"104\"><strong>Abril<\/strong><\/td>\n<td width=\"189\">1.325<\/td>\n<\/tr>\n<tr>\n<td width=\"104\"><strong>Maio<\/strong><\/td>\n<td width=\"189\">1.510<\/td>\n<\/tr>\n<tr>\n<td width=\"104\"><strong>Junho\/julho<\/strong><\/td>\n<td width=\"189\">1.725<\/td>\n<\/tr>\n<tr>\n<td width=\"104\"><strong>Total:<\/strong><\/td>\n<td width=\"189\"><strong>4.560<\/strong><\/td>\n<\/tr>\n<\/tbody>\n<\/table>\n<p>Salientamos ainda que nesse per\u00edodo foram distribu\u00eddas em torno de <strong>23.000 m\u00e1scaras<\/strong>, <strong>750 cobertores<\/strong> e <strong>600 litros de \u00e1lcool 70%<\/strong>.<\/p>\n<p>Tudo isso fruto da doa\u00e7\u00e3o de pessoas e institui\u00e7\u00f5es sensibilizadas com os que mais precisam neste momento de pandemia.<\/p>\n<p>Louvamos a Deus pelo trabalho realizado e pelos colaboradores, grandes instrumentos nas m\u00e3os de Deus para que muitos pudessem ser beneficiados. A todos nossos sinceros agradecimentos e por todos nossas ora\u00e7\u00f5es.<\/p>\n<p>&nbsp;<\/p>\n","protected":false},"excerpt":{"rendered":"<p>A Diocese de Teixeira de Freitas\/Caravelas lan\u00e7ou no dia 29 de mar\u00e7o de 2020, a Campanha Quarentena Solid\u00e1ria com o objeto de unir for\u00e7as para garantir alimenta\u00e7\u00e3o para quem mais precisa neste tempo dif\u00edcil de pandemia do novo coronav\u00edrus, no territ\u00f3rio diocesano. Como objetivos espec\u00edficos delineou: &#8211; Doar alimentos n\u00e3o perec\u00edveis para pessoas que est\u00e3o &hellip;<\/p>\n","protected":false},"author":1,"featured_media":10132,"comment_status":"closed","ping_status":"closed","sticky":false,"template":"","format":"standard","meta":{"footnotes":""},"categories":[100],"tags":[547,651,451,531,652,653],"class_list":["post-11199","post","type-post","status-publish","format-standard","has-post-thumbnail","hentry","category-noticias-diocesanas","tag-campanha-quarentena-solidaria","tag-chega-ao-fim-campanha-quarentena-solidaria","tag-diocese-de-teixeira-de-freitas-caravelas","tag-pandemia-coronavirus","tag-paroquias-da-diocese","tag-solidariedade"],"_links":{"self":[{"href":"https:\/\/dioceseteixeiradefreitas.com.br\/index.php?rest_route=\/wp\/v2\/posts\/11199","targetHints":{"allow":["GET"]}}],"collection":[{"href":"https:\/\/dioceseteixeiradefreitas.com.br\/index.php?rest_route=\/wp\/v2\/posts"}],"about":[{"href":"https:\/\/dioceseteixeiradefreitas.com.br\/index.php?rest_route=\/wp\/v2\/types\/post"}],"author":[{"embeddable":true,"href":"https:\/\/dioceseteixeiradefreitas.com.br\/index.php?rest_route=\/wp\/v2\/users\/1"}],"replies":[{"embeddable":true,"href":"https:\/\/dioceseteixeiradefreitas.com.br\/index.php?rest_route=%2Fwp%2Fv2%2Fcomments&post=11199"}],"version-history":[{"count":1,"href":"https:\/\/dioceseteixeiradefreitas.com.br\/index.php?rest_route=\/wp\/v2\/posts\/11199\/revisions"}],"predecessor-version":[{"id":11200,"href":"https:\/\/dioceseteixeiradefreitas.com.br\/index.php?rest_route=\/wp\/v2\/posts\/11199\/revisions\/11200"}],"wp:featuredmedia":[{"embeddable":true,"href":"https:\/\/dioceseteixeiradefreitas.com.br\/index.php?rest_route=\/wp\/v2\/media\/10132"}],"wp:attachment":[{"href":"https:\/\/dioceseteixeiradefreitas.com.br\/index.php?rest_route=%2Fwp%2Fv2%2Fmedia&parent=11199"}],"wp:term":[{"taxonomy":"category","embeddable":true,"href":"https:\/\/dioceseteixeiradefreitas.com.br\/index.php?rest_route=%2Fwp%2Fv2%2Fcategories&post=11199"},{"taxonomy":"post_tag","embeddable":true,"href":"https:\/\/dioceseteixeiradefreitas.com.br\/index.php?rest_route=%2Fwp%2Fv2%2Ftags&post=11199"}],"curies":[{"name":"wp","href":"https:\/\/api.w.org\/{rel}","templated":true}]}}