{"id":11214,"date":"2020-09-19T15:30:00","date_gmt":"2020-09-19T18:30:00","guid":{"rendered":"https:\/\/dioceseteixeiradefreitas.com.br\/?p=11214"},"modified":"2020-09-19T15:36:52","modified_gmt":"2020-09-19T18:36:52","slug":"convite-posse-canonica-de-padre-wallas-de-oliveira-em-caravelas","status":"publish","type":"post","link":"https:\/\/dioceseteixeiradefreitas.com.br\/?p=11214","title":{"rendered":"Convite: Posse Can\u00f4nica de Padre Wallas de Oliveira em Caravelas"},"content":{"rendered":"<figure id=\"attachment_11217\" aria-describedby=\"caption-attachment-11217\" style=\"width: 743px\" class=\"wp-caption aligncenter\"><img loading=\"lazy\" decoding=\"async\" class=\"wp-image-11217\" src=\"https:\/\/dioceseteixeiradefreitas.com.br\/wp-content\/uploads\/2020\/09\/Sem-T\u00edtulo-1.png\" alt=\"\" width=\"743\" height=\"743\" srcset=\"https:\/\/dioceseteixeiradefreitas.com.br\/wp-content\/uploads\/2020\/09\/Sem-T\u00edtulo-1.png 1080w, https:\/\/dioceseteixeiradefreitas.com.br\/wp-content\/uploads\/2020\/09\/Sem-T\u00edtulo-1-300x300.png 300w, https:\/\/dioceseteixeiradefreitas.com.br\/wp-content\/uploads\/2020\/09\/Sem-T\u00edtulo-1-1024x1024.png 1024w, https:\/\/dioceseteixeiradefreitas.com.br\/wp-content\/uploads\/2020\/09\/Sem-T\u00edtulo-1-150x150.png 150w, https:\/\/dioceseteixeiradefreitas.com.br\/wp-content\/uploads\/2020\/09\/Sem-T\u00edtulo-1-768x768.png 768w, https:\/\/dioceseteixeiradefreitas.com.br\/wp-content\/uploads\/2020\/09\/Sem-T\u00edtulo-1-600x600.png 600w, https:\/\/dioceseteixeiradefreitas.com.br\/wp-content\/uploads\/2020\/09\/Sem-T\u00edtulo-1-100x100.png 100w\" sizes=\"auto, (max-width: 743px) 100vw, 743px\" \/><figcaption id=\"caption-attachment-11217\" class=\"wp-caption-text\">Convite da Posse do Padre Wallas &#8211; Imagem: PASCOM\/Divulga\u00e7\u00e3o<\/figcaption><\/figure>\n<p>A Co-catedral Santo Ant\u00f4nio em Caravelas \u2013 BA, convida seus paroquianos, bem como as comunidades das cidades circunvizinhas e fi\u00e9is de toda a Diocese para a Celebra\u00e7\u00e3o Eucar\u00edstica de posse can\u00f4nica do padre Wallas de Oliveira como Administrador Paroquial na referida par\u00f3quia.<\/p>\n<p>A Santa Missa acontecer\u00e1 no dia 24 de setembro, \u00e0s 19h na Igreja Matriz Santo Ant\u00f4nio, presidida pelo Rvmo. Bispo Dom Jailton de Oliveira Lino.<\/p>\n<p>A PASCOM transmitir\u00e1 ao vivo a Santa Missa na p\u00e1gina do <strong><a href=\"https:\/\/www.facebook.com\/dioceseteixeiradefreitas\">facebook da Diocese<\/a><\/strong> e da <strong><a href=\"https:\/\/www.facebook.com\/paroquiasantoantoniocaravelas\">Par\u00f3quia<\/a><\/strong>, a partir das 18h50 min. Acesse o link acima e curta as nossas p\u00e1ginas, clique em &#8220;Definir Lembrete&#8221;, assim voc\u00ea ser\u00e1 notificado quando iniciar a transmiss\u00e3o.<\/p>\n<p>O padre Wallas de Oliveira, 36 anos, nasceu no dia 30 de junho de 1984, iniciou a caminhada na vida religiosa em 2004. Ingressou no Semin\u00e1rio de Ilh\u00e9us, depois foi para o Semin\u00e1rio Imaculada Concei\u00e7\u00e3o em Aracaju\/SE, onde cursou Filosofia. Teve passagem no Semin\u00e1rio Maria Mater Ecclesiae em S\u00e3o Paulo\/SP, no in\u00edcio do curso de Teologia e por fim, no Semin\u00e1rio S\u00e3o Jos\u00e9, no Rio de janeiro\/RJ. Foi ordenado di\u00e1cono dia 20 de dezembro de 2019, na Par\u00f3quia S\u00e3o benedito, em Posto da Mata e no dia 18 de julho deste ano foi ordenado presb\u00edtero na mesma par\u00f3quia.<\/p>\n<p>Por PASCOM DIOCESANA<\/p>\n","protected":false},"excerpt":{"rendered":"<p>A Co-catedral Santo Ant\u00f4nio em Caravelas \u2013 BA, convida seus paroquianos, bem como as comunidades das cidades circunvizinhas e fi\u00e9is de toda a Diocese para a Celebra\u00e7\u00e3o Eucar\u00edstica de posse can\u00f4nica do padre Wallas de Oliveira como Administrador Paroquial na referida par\u00f3quia. A Santa Missa acontecer\u00e1 no dia 24 de setembro, \u00e0s 19h na Igreja &hellip;<\/p>\n","protected":false},"author":1,"featured_media":11217,"comment_status":"closed","ping_status":"closed","sticky":false,"template":"","format":"standard","meta":{"footnotes":""},"categories":[310],"tags":[451,109,578,87,381],"class_list":["post-11214","post","type-post","status-publish","format-standard","has-post-thumbnail","hentry","category-noticias-paroquiais","tag-diocese-de-teixeira-de-freitas-caravelas","tag-forania-santo-antonio","tag-padre-wallas-de-oliveira","tag-paroquia-santo-antonio","tag-posse-canonica"],"_links":{"self":[{"href":"https:\/\/dioceseteixeiradefreitas.com.br\/index.php?rest_route=\/wp\/v2\/posts\/11214","targetHints":{"allow":["GET"]}}],"collection":[{"href":"https:\/\/dioceseteixeiradefreitas.com.br\/index.php?rest_route=\/wp\/v2\/posts"}],"about":[{"href":"https:\/\/dioceseteixeiradefreitas.com.br\/index.php?rest_route=\/wp\/v2\/types\/post"}],"author":[{"embeddable":true,"href":"https:\/\/dioceseteixeiradefreitas.com.br\/index.php?rest_route=\/wp\/v2\/users\/1"}],"replies":[{"embeddable":true,"href":"https:\/\/dioceseteixeiradefreitas.com.br\/index.php?rest_route=%2Fwp%2Fv2%2Fcomments&post=11214"}],"version-history":[{"count":4,"href":"https:\/\/dioceseteixeiradefreitas.com.br\/index.php?rest_route=\/wp\/v2\/posts\/11214\/revisions"}],"predecessor-version":[{"id":11219,"href":"https:\/\/dioceseteixeiradefreitas.com.br\/index.php?rest_route=\/wp\/v2\/posts\/11214\/revisions\/11219"}],"wp:featuredmedia":[{"embeddable":true,"href":"https:\/\/dioceseteixeiradefreitas.com.br\/index.php?rest_route=\/wp\/v2\/media\/11217"}],"wp:attachment":[{"href":"https:\/\/dioceseteixeiradefreitas.com.br\/index.php?rest_route=%2Fwp%2Fv2%2Fmedia&parent=11214"}],"wp:term":[{"taxonomy":"category","embeddable":true,"href":"https:\/\/dioceseteixeiradefreitas.com.br\/index.php?rest_route=%2Fwp%2Fv2%2Fcategories&post=11214"},{"taxonomy":"post_tag","embeddable":true,"href":"https:\/\/dioceseteixeiradefreitas.com.br\/index.php?rest_route=%2Fwp%2Fv2%2Ftags&post=11214"}],"curies":[{"name":"wp","href":"https:\/\/api.w.org\/{rel}","templated":true}]}}