{"id":11232,"date":"2020-09-21T15:38:17","date_gmt":"2020-09-21T18:38:17","guid":{"rendered":"https:\/\/dioceseteixeiradefreitas.com.br\/?p=11232"},"modified":"2020-09-21T18:20:55","modified_gmt":"2020-09-21T21:20:55","slug":"diocese-promove-no-proximo-dia-28-live-gratuidade-visando-arrecadar-fraldas-geriatricas","status":"publish","type":"post","link":"https:\/\/dioceseteixeiradefreitas.com.br\/?p=11232","title":{"rendered":"Diocese promove no pr\u00f3ximo dia 28 live Gratuidade visando arrecadar Fraldas Geri\u00e1tricas"},"content":{"rendered":"<figure id=\"attachment_11233\" aria-describedby=\"caption-attachment-11233\" style=\"width: 767px\" class=\"wp-caption aligncenter\"><img loading=\"lazy\" decoding=\"async\" class=\"wp-image-11233\" src=\"https:\/\/dioceseteixeiradefreitas.com.br\/wp-content\/uploads\/2020\/09\/f73924c0-1457-4e54-a680-e771451f4d79.jpg\" alt=\"\" width=\"767\" height=\"767\" srcset=\"https:\/\/dioceseteixeiradefreitas.com.br\/wp-content\/uploads\/2020\/09\/f73924c0-1457-4e54-a680-e771451f4d79.jpg 1080w, https:\/\/dioceseteixeiradefreitas.com.br\/wp-content\/uploads\/2020\/09\/f73924c0-1457-4e54-a680-e771451f4d79-300x300.jpg 300w, https:\/\/dioceseteixeiradefreitas.com.br\/wp-content\/uploads\/2020\/09\/f73924c0-1457-4e54-a680-e771451f4d79-1024x1024.jpg 1024w, https:\/\/dioceseteixeiradefreitas.com.br\/wp-content\/uploads\/2020\/09\/f73924c0-1457-4e54-a680-e771451f4d79-150x150.jpg 150w, https:\/\/dioceseteixeiradefreitas.com.br\/wp-content\/uploads\/2020\/09\/f73924c0-1457-4e54-a680-e771451f4d79-768x768.jpg 768w, https:\/\/dioceseteixeiradefreitas.com.br\/wp-content\/uploads\/2020\/09\/f73924c0-1457-4e54-a680-e771451f4d79-600x600.jpg 600w, https:\/\/dioceseteixeiradefreitas.com.br\/wp-content\/uploads\/2020\/09\/f73924c0-1457-4e54-a680-e771451f4d79-100x100.jpg 100w\" sizes=\"auto, (max-width: 767px) 100vw, 767px\" \/><figcaption id=\"caption-attachment-11233\" class=\"wp-caption-text\">Live Gratuidade acontecer\u00e1 no dia 28 de setembro &#8211; Imagem: Sammy Chagas\/Reprodu\u00e7\u00e3o<\/figcaption><\/figure>\n<p>A Diocese de Teixeira de Freitas\/Caravelas promover\u00e1 no pr\u00f3ximo dia 28 de setembro, \u00e0s 19h a Live Gratuidade. A Live Show solid\u00e1ria tem por objetivo evangelizar e ao mesmo tempo promover a caridade e a solidariedade nos crist\u00e3os cat\u00f3licos da Diocese.<\/p>\n<p><strong>O gesto concreto ser\u00e1 a doa\u00e7\u00e3o de fraldas geri\u00e1tricas. <\/strong>Todas as doa\u00e7\u00f5es ser\u00e3o destinadas aos asilos e as institui\u00e7\u00f5es necessitadas. <strong>As doa\u00e7\u00f5es poder\u00e3o deixadas nas secretarias paroquiais de toda diocese em hor\u00e1rio comercial,<\/strong> poder\u00e3o ainda serem feitas no momento da Live ou pelo n\u00famero whatsapp que ser\u00e1 divulgado oportunamente.<\/p>\n<p>A live faz parte da programa\u00e7\u00e3o do Congresso B\u00edblico-Catequ\u00e9tico (online), que est\u00e1 acontecendo aos s\u00e1bados e tem como lema, &#8220;abre tua m\u00e3o para teu Irm\u00e3o&#8221; extra\u00eddo do livro de Deuteron\u00f4mio 15,11. Confira <a href=\"https:\/\/dioceseteixeiradefreitas.com.br\/11146\/\">aqui<\/a>.<\/p>\n","protected":false},"excerpt":{"rendered":"<p>A Diocese de Teixeira de Freitas\/Caravelas promover\u00e1 no pr\u00f3ximo dia 28 de setembro, \u00e0s 19h a Live Gratuidade. A Live Show solid\u00e1ria tem por objetivo evangelizar e ao mesmo tempo promover a caridade e a solidariedade nos crist\u00e3os cat\u00f3licos da Diocese. O gesto concreto ser\u00e1 a doa\u00e7\u00e3o de fraldas geri\u00e1tricas. Todas as doa\u00e7\u00f5es ser\u00e3o destinadas &hellip;<\/p>\n","protected":false},"author":1,"featured_media":11233,"comment_status":"closed","ping_status":"closed","sticky":false,"template":"","format":"standard","meta":{"footnotes":""},"categories":[100],"tags":[640,451,657],"class_list":["post-11232","post","type-post","status-publish","format-standard","has-post-thumbnail","hentry","category-noticias-diocesanas","tag-congresso-biblico-catequetico","tag-diocese-de-teixeira-de-freitas-caravelas","tag-ii-live-gratuidade"],"_links":{"self":[{"href":"https:\/\/dioceseteixeiradefreitas.com.br\/index.php?rest_route=\/wp\/v2\/posts\/11232","targetHints":{"allow":["GET"]}}],"collection":[{"href":"https:\/\/dioceseteixeiradefreitas.com.br\/index.php?rest_route=\/wp\/v2\/posts"}],"about":[{"href":"https:\/\/dioceseteixeiradefreitas.com.br\/index.php?rest_route=\/wp\/v2\/types\/post"}],"author":[{"embeddable":true,"href":"https:\/\/dioceseteixeiradefreitas.com.br\/index.php?rest_route=\/wp\/v2\/users\/1"}],"replies":[{"embeddable":true,"href":"https:\/\/dioceseteixeiradefreitas.com.br\/index.php?rest_route=%2Fwp%2Fv2%2Fcomments&post=11232"}],"version-history":[{"count":2,"href":"https:\/\/dioceseteixeiradefreitas.com.br\/index.php?rest_route=\/wp\/v2\/posts\/11232\/revisions"}],"predecessor-version":[{"id":11235,"href":"https:\/\/dioceseteixeiradefreitas.com.br\/index.php?rest_route=\/wp\/v2\/posts\/11232\/revisions\/11235"}],"wp:featuredmedia":[{"embeddable":true,"href":"https:\/\/dioceseteixeiradefreitas.com.br\/index.php?rest_route=\/wp\/v2\/media\/11233"}],"wp:attachment":[{"href":"https:\/\/dioceseteixeiradefreitas.com.br\/index.php?rest_route=%2Fwp%2Fv2%2Fmedia&parent=11232"}],"wp:term":[{"taxonomy":"category","embeddable":true,"href":"https:\/\/dioceseteixeiradefreitas.com.br\/index.php?rest_route=%2Fwp%2Fv2%2Fcategories&post=11232"},{"taxonomy":"post_tag","embeddable":true,"href":"https:\/\/dioceseteixeiradefreitas.com.br\/index.php?rest_route=%2Fwp%2Fv2%2Ftags&post=11232"}],"curies":[{"name":"wp","href":"https:\/\/api.w.org\/{rel}","templated":true}]}}