{"id":11239,"date":"2020-09-23T10:23:59","date_gmt":"2020-09-23T13:23:59","guid":{"rendered":"https:\/\/dioceseteixeiradefreitas.com.br\/?p=11239"},"modified":"2020-09-23T10:23:59","modified_gmt":"2020-09-23T13:23:59","slug":"abertura-da-campanha-missionaria-2020-dia-1o-de-outubro-tera-programacao-especial","status":"publish","type":"post","link":"https:\/\/dioceseteixeiradefreitas.com.br\/?p=11239","title":{"rendered":"ABERTURA DA CAMPANHA MISSION\u00c1RIA 2020, DIA 1\u00ba DE OUTUBRO, TER\u00c1 PROGRAMA\u00c7\u00c3O ESPECIAL"},"content":{"rendered":"<figure style=\"width: 747px\" class=\"wp-caption alignnone\"><img loading=\"lazy\" decoding=\"async\" src=\"https:\/\/eadn-wc02-718006.nxedge.io\/cdn\/wp-content\/uploads\/elementor\/thumbs\/DestaqueCampanhaMissionaria-ovugk6ta1wqmkvzedtx26s86oq16zldwblcl031nqw.jpg\" alt=\"DestaqueCampanhaMissionaria\" width=\"747\" height=\"428\" \/><figcaption class=\"wp-caption-text\">Cartaz &#8220;A vida \u00e9 miss\u00e3o&#8221; &#8211; Imagem: CNBB\/Reprodu\u00e7\u00e3o<\/figcaption><\/figure>\n<p>No pr\u00f3ximo dia 1\u00ba de outubro, dia de Santa Terezinha, padroeira das miss\u00f5es, inicia em todo o Brasil o m\u00eas mission\u00e1rio. Para celebrar essa data especial, ser\u00e1 realizada no Santu\u00e1rio de Aparecida a Missa de abertura do m\u00eas dedicado \u00e0s miss\u00f5es. Presidida por Dom Odelir Jos\u00e9 Magri, presidente da Comiss\u00e3o Mission\u00e1ria da CNBB, a celebra\u00e7\u00e3o acontece \u00e0s 9h e ser\u00e1 transmitida pela TV Aparecida e pelas redes sociais das POM.<\/p>\n<p>Antecedendo a abertura no Santu\u00e1rio de Aparecida, as Pontif\u00edcias Obras Mission\u00e1rias organizam no dia 28 de setembro, \u00e0s 19h, a Live de Lan\u00e7amento da Campanha Mission\u00e1ria, atrav\u00e9s do Facebook das POM. Participam da live Dom Odelir Jos\u00e9 Magri, Ir. Maria In\u00eas Ribeiro, presidente da CRB, e Pe. Maur\u00edcio Jardim, diretor das POM no Brasil.<\/p>\n<h3><strong>Dia Mundial das Miss\u00f5es<\/strong><\/h3>\n<p>Convocado pelo Papa Francisco, o Dia Mundial das Miss\u00f5es, celebrado no pen\u00faltimo final de semana de outubro (17 e 18), quer ser uma express\u00e3o fraterna de todo o povo, atrav\u00e9s da ora\u00e7\u00e3o e da colabora\u00e7\u00e3o ao Fundo Universal de Caridade, que mantem projetos nas \u00e1reas da sa\u00fade, educa\u00e7\u00e3o, obras sociais, hospitais, lepros\u00e1rios, asilos, orfanatos, atendimentos \u00e0 fam\u00edlia e forma\u00e7\u00e3o mission\u00e1ria em todo o mundo.<\/p>\n<p>No Brasil, as Pontif\u00edcias Obras Mission\u00e1rias organizam durante o m\u00eas de outubro a Campanha Mission\u00e1ria, com o objetivo de promover a anima\u00e7\u00e3o e coopera\u00e7\u00e3o com os territ\u00f3rios de miss\u00e3o nos cinco continentes. No ano de 2019, a Igreja do Brasil contribuiu com o Fundo Universal de Caridade com a doa\u00e7\u00e3o de um total de R$ 8.854.027,17.<\/p>\n<p>&nbsp;<\/p>\n","protected":false},"excerpt":{"rendered":"<p>No pr\u00f3ximo dia 1\u00ba de outubro, dia de Santa Terezinha, padroeira das miss\u00f5es, inicia em todo o Brasil o m\u00eas mission\u00e1rio. Para celebrar essa data especial, ser\u00e1 realizada no Santu\u00e1rio de Aparecida a Missa de abertura do m\u00eas dedicado \u00e0s miss\u00f5es. Presidida por Dom Odelir Jos\u00e9 Magri, presidente da Comiss\u00e3o Mission\u00e1ria da CNBB, a celebra\u00e7\u00e3o &hellip;<\/p>\n","protected":false},"author":1,"featured_media":11240,"comment_status":"closed","ping_status":"closed","sticky":false,"template":"","format":"standard","meta":{"footnotes":""},"categories":[104],"tags":[658,191,253,659,660],"class_list":["post-11239","post","type-post","status-publish","format-standard","has-post-thumbnail","hentry","category-noticias-da-cnbb","tag-campanha-missionaria-2020","tag-cnbb","tag-mes-missionario","tag-programacao-especial","tag-tv-aparecida"],"_links":{"self":[{"href":"https:\/\/dioceseteixeiradefreitas.com.br\/index.php?rest_route=\/wp\/v2\/posts\/11239","targetHints":{"allow":["GET"]}}],"collection":[{"href":"https:\/\/dioceseteixeiradefreitas.com.br\/index.php?rest_route=\/wp\/v2\/posts"}],"about":[{"href":"https:\/\/dioceseteixeiradefreitas.com.br\/index.php?rest_route=\/wp\/v2\/types\/post"}],"author":[{"embeddable":true,"href":"https:\/\/dioceseteixeiradefreitas.com.br\/index.php?rest_route=\/wp\/v2\/users\/1"}],"replies":[{"embeddable":true,"href":"https:\/\/dioceseteixeiradefreitas.com.br\/index.php?rest_route=%2Fwp%2Fv2%2Fcomments&post=11239"}],"version-history":[{"count":1,"href":"https:\/\/dioceseteixeiradefreitas.com.br\/index.php?rest_route=\/wp\/v2\/posts\/11239\/revisions"}],"predecessor-version":[{"id":11241,"href":"https:\/\/dioceseteixeiradefreitas.com.br\/index.php?rest_route=\/wp\/v2\/posts\/11239\/revisions\/11241"}],"wp:featuredmedia":[{"embeddable":true,"href":"https:\/\/dioceseteixeiradefreitas.com.br\/index.php?rest_route=\/wp\/v2\/media\/11240"}],"wp:attachment":[{"href":"https:\/\/dioceseteixeiradefreitas.com.br\/index.php?rest_route=%2Fwp%2Fv2%2Fmedia&parent=11239"}],"wp:term":[{"taxonomy":"category","embeddable":true,"href":"https:\/\/dioceseteixeiradefreitas.com.br\/index.php?rest_route=%2Fwp%2Fv2%2Fcategories&post=11239"},{"taxonomy":"post_tag","embeddable":true,"href":"https:\/\/dioceseteixeiradefreitas.com.br\/index.php?rest_route=%2Fwp%2Fv2%2Ftags&post=11239"}],"curies":[{"name":"wp","href":"https:\/\/api.w.org\/{rel}","templated":true}]}}