{"id":11355,"date":"2020-10-12T10:41:29","date_gmt":"2020-10-12T13:41:29","guid":{"rendered":"https:\/\/dioceseteixeiradefreitas.com.br\/?p=11355"},"modified":"2020-10-13T11:27:59","modified_gmt":"2020-10-13T14:27:59","slug":"noticias-diocesanas-outubro-2020","status":"publish","type":"post","link":"https:\/\/dioceseteixeiradefreitas.com.br\/?p=11355","title":{"rendered":"Not\u00edcias Diocesanas &#8211; Outubro\/2020"},"content":{"rendered":"<figure style=\"width: 6000px\" class=\"wp-caption aligncenter\"><img loading=\"lazy\" decoding=\"async\" class=\"wp-image-10252 size-full\" src=\"https:\/\/dioceseteixeiradefreitas.com.br\/wp-content\/uploads\/2020\/05\/Not\u00edcias-diocesanas.png\" alt=\"\" width=\"6000\" height=\"3720\" srcset=\"https:\/\/dioceseteixeiradefreitas.com.br\/wp-content\/uploads\/2020\/05\/Not\u00edcias-diocesanas.png 6000w, https:\/\/dioceseteixeiradefreitas.com.br\/wp-content\/uploads\/2020\/05\/Not\u00edcias-diocesanas-600x372.png 600w, https:\/\/dioceseteixeiradefreitas.com.br\/wp-content\/uploads\/2020\/05\/Not\u00edcias-diocesanas-300x186.png 300w, https:\/\/dioceseteixeiradefreitas.com.br\/wp-content\/uploads\/2020\/05\/Not\u00edcias-diocesanas-1024x635.png 1024w, https:\/\/dioceseteixeiradefreitas.com.br\/wp-content\/uploads\/2020\/05\/Not\u00edcias-diocesanas-768x476.png 768w, https:\/\/dioceseteixeiradefreitas.com.br\/wp-content\/uploads\/2020\/05\/Not\u00edcias-diocesanas-1536x952.png 1536w, https:\/\/dioceseteixeiradefreitas.com.br\/wp-content\/uploads\/2020\/05\/Not\u00edcias-diocesanas-2048x1270.png 2048w\" sizes=\"auto, (max-width: 6000px) 100vw, 6000px\" \/><figcaption class=\"wp-caption-text\">Not\u00edcias Diocesanas \u2013 Imagem: PASCOM\/Divulga\u00e7\u00e3o<\/figcaption><\/figure>\n<h1 style=\"text-align: center;\"><strong>Not\u00edcias Diocesanas<\/strong><\/h1>\n<p style=\"text-align: right;\"><em>\u201cN\u00e3o vos angustieis!\u201d<\/em><\/p>\n<p style=\"text-align: center;\"><strong>Outubro \u2013 m\u00eas das miss\u00f5es<\/strong><\/p>\n<p style=\"text-align: left;\">Neste m\u00eas de outubro a Igreja dedica \u00e0s miss\u00f5es. Aqui no Brasil a CNBB confia \u00e0 Comiss\u00e3o para a A\u00e7\u00e3o Mission\u00e1ria e Coopera\u00e7\u00e3o Intereclesial, a Comiss\u00e3o para a Amaz\u00f4nia e outros organismos que comp\u00f5em o Conselho Mission\u00e1rio Nacional (COMINA) a organiza\u00e7\u00e3o da Campanha Mission\u00e1ria.<\/p>\n<p>A Campanha Mission\u00e1ria em 2020 quer ser um sinal de esperan\u00e7a para tantas vidas doadas de forma solid\u00e1ria. Mesmo vivendo um tempo diferente, em que o mundo passa por uma pandemia que mudou nossas rela\u00e7\u00f5es, O tema escolhido \u201cA vida \u00e9 miss\u00e3o\u201d e o lema \u201cEis- me aqui, enviame\u201d (Is 6,8) ir\u00e3o nos ajudar no crescimento da consci\u00eancia mission\u00e1ria.<\/p>\n<figure style=\"width: 175px\" class=\"wp-caption alignleft\"><img loading=\"lazy\" decoding=\"async\" src=\"https:\/\/www.a12.com\/source\/files\/originals\/cartaz-cm2020-579493.jpg\" alt=\"Assista novamente a abertura do M\u00eas Mission\u00e1rio - R\u00e1dio Aparecida - A12.com\" width=\"175\" height=\"244\" \/><figcaption class=\"wp-caption-text\">Cartaz da Campanha &#8211; Imagem: CNBB e POM\/Reprodu\u00e7\u00e3o<\/figcaption><\/figure>\n<p>Ser disc\u00edpulo mission\u00e1rio est\u00e1 al\u00e9m de cumprir tarefas ou fazer coisas. O Papa Francisco lembra que \u201ca miss\u00e3o no cora\u00e7\u00e3o do povo n\u00e3o \u00e9 uma parte da minha vida, ou ornamento a ser posto de lado. \u00c9 algo que n\u00e3o posso arrancar do meu cora\u00e7\u00e3o\u201d (Alegria do Evangelho, 27).<\/p>\n<p>N\u00f3s crist\u00e3os somos convidados a defender e cuidar da vida em todas as suas dimens\u00f5es. Jesus de Nazar\u00e9 definiu sua a\u00e7\u00e3o no mundo como o Divino Cuidador: \u201cEu vim para que todos tenham vida e vida em abund\u00e2ncia\u201d (Jo10,10). Esse tamb\u00e9m deve ser o compromisso de todos os mission\u00e1rios e mission\u00e1rias, pois a vida \u00e9 miss\u00e3o.<\/p>\n<p>A vida \u00e9 o bem fundamental e b\u00e1sico em rela\u00e7\u00e3o a todos os demais bens e valores da pessoa. Para a \u00e9tica, a vida \u00e9 um bem, mais que um valor. Deus, ao contemplar a cria\u00e7\u00e3o, \u201cviu que tudo era muito bom\u201d (Gn 1,31).<\/p>\n<p>Todo mission\u00e1rio \u00e9 convidado a educar o olhar sobre as realidades de dor e, sobretudo, saber contemplar o belo, como fazia S\u00e3o Francisco de Assis, encantando-se com as criaturas presentes pelo caminho. As alegrias, desafios e esperan\u00e7as da miss\u00e3o nos movem e nos fazem seguir caminhando. Neste caminho, esperamos n\u00e3o estar sozinhos. Cristo Jesus caminha conosco e n\u00e3o nos deixa s\u00f3s&#8230; \u00e9 fiel aquele que nos chamou.<\/p>\n<p>Somos todos chamados a sair de nossa comodidade e levar a Boa Nova adiante atrav\u00e9s de um empenho s\u00e9rio dentro de nossas par\u00f3quias e quem sabe, at\u00e9 mesmo em outras dioceses mais necessitadas.<\/p>\n<p>Que em nossa diocese cres\u00e7a sempre mais o ardor mission\u00e1rio. Que em nosso cora\u00e7\u00e3o cres\u00e7a ainda mais o desejo de servir o Senhor na Igreja por Ele fundada. Que a miss\u00e3o seja uma marca profunda de cada um de n\u00f3s e de nossas comunidades.<\/p>\n<p style=\"text-align: right;\">Dom Jailton de Oliveira Lino, psdp<br \/>\nBispo Diocesano<\/p>\n<p style=\"text-align: left;\"><strong>1.<\/strong> <strong>Festa de S\u00e3o Jo\u00e3o Paulo II:<\/strong> no dia 22 de outubro a Igreja celebra a Festa de S\u00e3o Jo\u00e3o Paulo II, o padroeiro do nosso Semin\u00e1rio de Teologia. A celebra\u00e7\u00e3o eucar\u00edstica acontecer\u00e1 na Igreja Nossa Senhora das Gra\u00e7as, em Teixeira de Freitas, \u00e0s 19.30h, presidida por Dom Jailton de Oliveira Lino. Na ocasi\u00e3o alguns seminaristas ser\u00e3o admitidos \u00e0s Ordens Sacras. Convidamos aos Amigos do Semin\u00e1rio para estarem conosco.<\/p>\n<figure id=\"attachment_11362\" aria-describedby=\"caption-attachment-11362\" style=\"width: 373px\" class=\"wp-caption alignright\"><img loading=\"lazy\" decoding=\"async\" class=\"wp-image-11362\" src=\"https:\/\/dioceseteixeiradefreitas.com.br\/wp-content\/uploads\/2020\/10\/seminaristas.png\" alt=\"\" width=\"373\" height=\"209\" srcset=\"https:\/\/dioceseteixeiradefreitas.com.br\/wp-content\/uploads\/2020\/10\/seminaristas.png 342w, https:\/\/dioceseteixeiradefreitas.com.br\/wp-content\/uploads\/2020\/10\/seminaristas-300x168.png 300w\" sizes=\"auto, (max-width: 373px) 100vw, 373px\" \/><figcaption id=\"caption-attachment-11362\" class=\"wp-caption-text\">Seminaristas &#8211; Imagem: Acervo Pessoal\/Reprodu\u00e7\u00e3o<\/figcaption><\/figure>\n<p><strong>2.<\/strong> <strong>Admiss\u00f5es:<\/strong> ap\u00f3s ora\u00e7\u00e3o e escuta da vontade de Deus, da Comiss\u00e3o Diocesana de Forma\u00e7\u00e3o e do Col\u00e9gio dos Consultores nosso bispo diocesano resolveu acolher o pedido de nossos seminaristas para:<\/p>\n<p><strong>a) Diaconado:<\/strong> Douglas Antunes Lisboa, Uilton dos Santos Alves e Waldemir Oliveira da Luz Filho. A celebra\u00e7\u00e3o diaconal acontecer\u00e1 na Catedral Diocesana no dia 19 de dezembro de 2020, \u00e0s 18h. O retiro em prepara\u00e7\u00e3o a este momento acontecer\u00e1 de 09 a 14 de dezembro no Semin\u00e1rio Proped\u00eautico, sendo assessorado por Dom Jailton.<br \/>\n<strong>b) Leitorado:<\/strong> Kayo Campeche Barros, Manoel Freire de Oliveira Neto, Mathaus Sampaio Sales, S\u00e1vio Marques Fiorot e Vitor Alves de Aguilar. A admiss\u00e3o acontecer\u00e1 na celebra\u00e7\u00e3o eucar\u00edstica no dia 20 de dezembro, \u00e0s 10h, na Catedral Diocesana. O retiro em prepara\u00e7\u00e3o ser\u00e1 assessorado pelo Pe. Ariston Domingues de Ara\u00fajo em data a ser definida.<br \/>\n<strong>c) Acolitado:<\/strong> Emanoel Silva dos Santos e Marcos Viana Silva. A admiss\u00e3o acontecer\u00e1 na celebra\u00e7\u00e3o eucar\u00edstica no dia 20 de dezembro, \u00e0s 10h, na Catedral Diocesana. O retiro em prepara\u00e7\u00e3o ser\u00e1 assessorado pelo Pe. Ariston Domingues de Ara\u00fajo em data a ser definida.<\/p>\n<p>Louvamos a Deus por continuar chamando jovens para o seu servi\u00e7o na Igreja. Agradecemos aos seminaristas pelo SIM que est\u00e3o dando e prometemos nossas ora\u00e7\u00f5es para que sejam perseverantes no caminho.<\/p>\n<p><strong>3. Posse do Pe. Wallas:<\/strong> Na quinta-feira (24 de setembro), aconteceu na Igreja Matriz Santo Ant\u00f4nio, em Caravelas, a Posse Can\u00f4nica do Pe. Wallas de Oliveira, como Administrador Paroquial. Desejamos-lhe uma prof\u00edcua miss\u00e3o no meio do povo de Deus.<\/p>\n<p><strong>4. Pe. Jan Gabriel:<\/strong> a diocese enviou no dia 2 de outubro de 2020 o Pe. Jan Gabriel Rodrigues para Roma\/It\u00e1lia, onde far\u00e1 mestrado em Teologia Fundamental na Pontif\u00edcia Universidade Gregoriana e residir\u00e1 no Pontif\u00edcio Col\u00e9gio Pio Brasileiro pelos pr\u00f3ximos dois anos. Ao Pe. Jan Gabriel nossos aug\u00farios de um tempo fecundo de estudos em Roma e nossa prece fraterna.<\/p>\n<p><strong>5. Nova Vi\u00e7osa \u2013 300 anos da Par\u00f3quia:<\/strong> A Paroquia Imaculada Concei\u00e7\u00e3o de Nova Vi\u00e7osa est\u00e1 se preparando para celebrar, no dia 08 de dezembro de 2020, os 300 anos de evangeliza\u00e7\u00e3o. Louvamos a Deuspor estes anos de presen\u00e7a da Igreja em Nova Vi\u00e7osa e por todos aqueles que deram e est\u00e3o dando sua vida pela Par\u00f3quia. Parab\u00e9ns!<\/p>\n<p><strong>6. Sa\u00fade Pe. Ant\u00f4nio Gilberto:<\/strong> h\u00e1 dois meses encontra-se internado no Hospital Sobrasa o nosso querido Pe. Ant\u00f4nio Gilberto. Seu estado de sa\u00fade \u00e9 est\u00e1vel e inspira cuidados. Rezemos para que Deus d\u00ea for\u00e7a ao Pe. Ant\u00f4nio Gilberto neste momento delicado de sua vida.<\/p>\n<p><strong>7. Jubileu 60 anos da diocese:<\/strong> em julho de 2022 a nossa diocese estar\u00e1 completando 60 anos de cria\u00e7\u00e3o. Para preparar o Ano Jubilar Dom Jailton de Oliveira Lino nomeou uma comiss\u00e3o composta por: Dom Jailton de Oliveira Lino; Pe. Le\u00f4nidas Cardoso Reis J\u00fanior, Pe. Jaelson Cerqueira Santos, Ir. Cristina \u2013 Franciscanas do Senhor, Ir. No\u00eamia Schneider \u2013 Irm\u00e3s de Notre Dame, Seminarista Rodrigo Rodrigues Vieira, Seminarista Paulo Andr\u00e9 Costa de Jesus, Arminda e Carlos Ancini Fa\u00e9, Augusto C\u00e9sar e Sanny Braga.<\/p>\n<p>At\u00e9 o final deste m\u00eas de outubro a Comiss\u00e3o apresentar\u00e1 o planejamento para o Ano Jubilar que come\u00e7ar\u00e1 em julho de 2021 e ser\u00e1 conclu\u00eddo em julho de 2022. Participemos com muito entusiasmo deste grande louvor a Deus pelos 60 anos de vida da nossa amada diocese.<\/p>\n<p><strong>8. Carmelitas de Maria Imaculada:<\/strong> nossa diocese acolheu no dia (30\/08), o padre Benoy Joseph, 37 anos, na Santa Missa do 22\u00ba Domingo do Tempo Comum, celebrada na Catedral S\u00e3o Pedro. O Pe. Benoy \u00e9 indiano, religioso da Congrega\u00e7\u00e3o Carmelitas de Maria Imaculada (CMI), fundada em 1831 por Santo Elias Chavara Kuriakose. \u00c9 a primeira Congrega\u00e7\u00e3o Religiosa do rito sirio-malabar dentro da Igreja Cat\u00f3lica na \u00cdndia. Atualmente, a Congrega\u00e7\u00e3o presta servi\u00e7os pastorais em 35 pa\u00edses ao redor no mundo. Tem cerca de 3.000 membros, 1840 sacerdotes, incluindo 10 bispos, 1 di\u00e1cono permanente, 22 irm\u00e3os e 1200 jovens em forma\u00e7\u00e3o. O presb\u00edtero estava exercendo o minist\u00e9rio na Diocese de Santar\u00e9m\/PA, h\u00e1 mais de quatro anos e meio, quando foi transferido para nossa Diocese. Com ele devem vir morar mais dois sacerdotes vindo da \u00cdndia, mas devido \u00e0 pandemia n\u00e3o conseguiram viajar. Ao Pe. Benoy e coirm\u00e3os desejamos que sejam bem-vindos \u00e0 nossa diocese. Agradecemos aos Carmelitas de Maria Imaculada por terem aceitado o convite do nosso bispo diocesano para partilharem o carisma dos CMI conosco.<\/p>\n<p><strong><img loading=\"lazy\" decoding=\"async\" class=\"wp-image-11361 alignright\" src=\"https:\/\/dioceseteixeiradefreitas.com.br\/wp-content\/uploads\/2020\/10\/diretrizes.png\" alt=\"\" width=\"244\" height=\"173\" \/>9. Diretrizes para a forma\u00e7\u00e3o dos presb\u00edteros:<\/strong> as Diretrizes para a Forma\u00e7\u00e3o Presbiteral da Diocese de Teixeira de Freitas\/Caravelas era um desejo sentido por todo o clero e seminaristas da diocese para dar balizas \u00e0 forma\u00e7\u00e3o presbiteral. Este trabalho foi iniciado ainda no ano de 2018 e veio a ser conclu\u00eddo agora. Ser\u00e1 lan\u00e7ado no dia 22 de outubro, na celebra\u00e7\u00e3o da Festa de S\u00e3o Jo\u00e3o Paulo II. Deus seja louvado por mais esta conquista.<\/p>\n<p><strong>10. Pe. Ros\u00e9cio Alves Santana:<\/strong> este nosso irm\u00e3o n\u00e3o faz mais parte do presbit\u00e9rio da nossa diocese. Retornou para a sua diocese de origem, Prelazia de S\u00e3o F\u00e9lix do Araguaia. Agradecemos-lhe pela presen\u00e7a e servi\u00e7o no meio de n\u00f3s e desejamos-lhe muitas b\u00ean\u00e7\u00e3os e boa miss\u00e3o em terras amazonenses.<\/p>\n<p style=\"text-align: center;\"><strong>Ora\u00e7\u00e3o do M\u00eas Mission\u00e1rio:<\/strong><br \/>\nDeus Pai, Filho e Esp\u00edrito Santo,<br \/>\nfonte transbordante da miss\u00e3o,<br \/>\najuda-nos a compreender que a vida \u00e9 miss\u00e3o,<br \/>\ndom e compromisso.<br \/>\nQue Maria, nossa intercessora<br \/>\nNa cidade, no campo, na Amaz\u00f4nia e em toda parte,<br \/>\najude, cada um de n\u00f3s,<br \/>\na ser testemunhas prof\u00e9ticas<br \/>\ndo Evangelho, numa Igreja sinodal<br \/>\ne em estado permanente de miss\u00e3o.<br \/>\nEis-me aqui, Senhor, envia-me!<br \/>\nAm\u00e9m.<\/p>\n<p style=\"text-align: right;\">Teixeira de Freitas, 10 de outubro de 2020<\/p>\n<p style=\"text-align: center;\">Pe. Roberto Pereira da Silva<br \/>\nChanceler do Bispado<\/p>\n<p><a href=\"https:\/\/dioceseteixeiradefreitas.com.br\/wp-content\/uploads\/2020\/10\/Not\u00edcias-outubro-2020.pdf\"><img loading=\"lazy\" decoding=\"async\" class=\"aligncenter\" src=\"https:\/\/dioceseteixeiradefreitas.com.br\/wp-content\/uploads\/2019\/07\/DOWNLOAD-ICONE.png\" alt=\"\" width=\"323\" height=\"85\" \/><\/a><\/p>\n","protected":false},"excerpt":{"rendered":"<p>Not\u00edcias Diocesanas \u201cN\u00e3o vos angustieis!\u201d Outubro \u2013 m\u00eas das miss\u00f5es Neste m\u00eas de outubro a Igreja dedica \u00e0s miss\u00f5es. Aqui no Brasil a CNBB confia \u00e0 Comiss\u00e3o para a A\u00e7\u00e3o Mission\u00e1ria e Coopera\u00e7\u00e3o Intereclesial, a Comiss\u00e3o para a Amaz\u00f4nia e outros organismos que comp\u00f5em o Conselho Mission\u00e1rio Nacional (COMINA) a organiza\u00e7\u00e3o da Campanha Mission\u00e1ria. A &hellip;<\/p>\n","protected":false},"author":1,"featured_media":10252,"comment_status":"closed","ping_status":"closed","sticky":false,"template":"","format":"standard","meta":{"footnotes":""},"categories":[51],"tags":[125,451,253,673,141,674],"class_list":["post-11355","post","type-post","status-publish","format-standard","has-post-thumbnail","hentry","category-notas","tag-diocese","tag-diocese-de-teixeira-de-freitas-caravelas","tag-mes-missionario","tag-noticias","tag-noticias-diocesanas","tag-outubro"],"_links":{"self":[{"href":"https:\/\/dioceseteixeiradefreitas.com.br\/index.php?rest_route=\/wp\/v2\/posts\/11355","targetHints":{"allow":["GET"]}}],"collection":[{"href":"https:\/\/dioceseteixeiradefreitas.com.br\/index.php?rest_route=\/wp\/v2\/posts"}],"about":[{"href":"https:\/\/dioceseteixeiradefreitas.com.br\/index.php?rest_route=\/wp\/v2\/types\/post"}],"author":[{"embeddable":true,"href":"https:\/\/dioceseteixeiradefreitas.com.br\/index.php?rest_route=\/wp\/v2\/users\/1"}],"replies":[{"embeddable":true,"href":"https:\/\/dioceseteixeiradefreitas.com.br\/index.php?rest_route=%2Fwp%2Fv2%2Fcomments&post=11355"}],"version-history":[{"count":7,"href":"https:\/\/dioceseteixeiradefreitas.com.br\/index.php?rest_route=\/wp\/v2\/posts\/11355\/revisions"}],"predecessor-version":[{"id":11376,"href":"https:\/\/dioceseteixeiradefreitas.com.br\/index.php?rest_route=\/wp\/v2\/posts\/11355\/revisions\/11376"}],"wp:featuredmedia":[{"embeddable":true,"href":"https:\/\/dioceseteixeiradefreitas.com.br\/index.php?rest_route=\/wp\/v2\/media\/10252"}],"wp:attachment":[{"href":"https:\/\/dioceseteixeiradefreitas.com.br\/index.php?rest_route=%2Fwp%2Fv2%2Fmedia&parent=11355"}],"wp:term":[{"taxonomy":"category","embeddable":true,"href":"https:\/\/dioceseteixeiradefreitas.com.br\/index.php?rest_route=%2Fwp%2Fv2%2Fcategories&post=11355"},{"taxonomy":"post_tag","embeddable":true,"href":"https:\/\/dioceseteixeiradefreitas.com.br\/index.php?rest_route=%2Fwp%2Fv2%2Ftags&post=11355"}],"curies":[{"name":"wp","href":"https:\/\/api.w.org\/{rel}","templated":true}]}}