{"id":11370,"date":"2020-10-12T17:54:25","date_gmt":"2020-10-12T20:54:25","guid":{"rendered":"https:\/\/dioceseteixeiradefreitas.com.br\/?p=11370"},"modified":"2020-10-13T23:38:24","modified_gmt":"2020-10-14T02:38:24","slug":"diocese-realizara-encontro-sobre-fe-e-politica","status":"publish","type":"post","link":"https:\/\/dioceseteixeiradefreitas.com.br\/?p=11370","title":{"rendered":"Diocese realizar\u00e1 Encontro sobre F\u00e9 e Pol\u00edtica"},"content":{"rendered":"<figure id=\"attachment_11371\" aria-describedby=\"caption-attachment-11371\" style=\"width: 659px\" class=\"wp-caption aligncenter\"><img loading=\"lazy\" decoding=\"async\" class=\"wp-image-11371\" src=\"https:\/\/dioceseteixeiradefreitas.com.br\/wp-content\/uploads\/2020\/10\/aa29d6b0-44f6-48c2-8c21-667a2ba6f934.jpg\" alt=\"\" width=\"659\" height=\"970\" srcset=\"https:\/\/dioceseteixeiradefreitas.com.br\/wp-content\/uploads\/2020\/10\/aa29d6b0-44f6-48c2-8c21-667a2ba6f934.jpg 870w, https:\/\/dioceseteixeiradefreitas.com.br\/wp-content\/uploads\/2020\/10\/aa29d6b0-44f6-48c2-8c21-667a2ba6f934-204x300.jpg 204w, https:\/\/dioceseteixeiradefreitas.com.br\/wp-content\/uploads\/2020\/10\/aa29d6b0-44f6-48c2-8c21-667a2ba6f934-696x1024.jpg 696w, https:\/\/dioceseteixeiradefreitas.com.br\/wp-content\/uploads\/2020\/10\/aa29d6b0-44f6-48c2-8c21-667a2ba6f934-768x1130.jpg 768w, https:\/\/dioceseteixeiradefreitas.com.br\/wp-content\/uploads\/2020\/10\/aa29d6b0-44f6-48c2-8c21-667a2ba6f934-600x883.jpg 600w\" sizes=\"auto, (max-width: 659px) 100vw, 659px\" \/><figcaption id=\"caption-attachment-11371\" class=\"wp-caption-text\">Cartaz de divulga\u00e7\u00e3o do encontro &#8211; Imagem: PASCOM\/Divulga\u00e7\u00e3o<\/figcaption><\/figure>\n<p>A Diocese de Teixeira de Freitas\/Caravelas, realizar\u00e1 no dia <strong>20 de outubro, das 19h30 \u00e0s 22h<\/strong>, na Igreja Matriz S\u00e3o Jos\u00e9 Oper\u00e1rio em Teixeira de Freitas, o Encontro F\u00c9 e POL\u00cdTICA, com o tema: \u201cSal e Luz&#8221; e a legisla\u00e7\u00e3o que regula o assunto, sobre o pleito eleitoral.<\/p>\n<p id=\"viewer-6ekdv\" class=\"XzvDs _208Ie ljrnk blog-post-text-font blog-post-text-color _2QAo- _25MYV _1Fao9 ljrnk public-DraftStyleDefault-block-depth0 public-DraftStyleDefault-text-ltr\">O evento \u00e9 destinado que est\u00e3o concorrendo a cargos Executivos e Legislativos nas elei\u00e7\u00f5es deste ano de todas as cidades do Extremo Sul Baiano.<\/p>\n<p id=\"viewer-99vt\" class=\"XzvDs _208Ie ljrnk blog-post-text-font blog-post-text-color _2QAo- _25MYV _1Fao9 ljrnk public-DraftStyleDefault-block-depth0 public-DraftStyleDefault-text-ltr\">O objetivo principal \u00e9 servir de farol e est\u00edmulo para o trabalho dos futuros agentes p\u00fablicos que, como autoridades constitu\u00eddas, estar\u00e3o a servi\u00e7o do bem comum.<\/p>\n<p>Este encontro vem sendo organizado por uma comiss\u00e3o formada por Dom Jailton de Oliveira Lino (Bispo Diocesano), padre Le\u00f4nidas Cardoso J\u00fanior, Frei Vande\u00ed Santana Rocha, o Juiz de Direito Dr. Roney Jorge Cunha Moreira e o Advogado Dr. Ali Abutrabe.<\/p>\n<p id=\"viewer-8q8sq\" class=\"XzvDs _208Ie ljrnk blog-post-text-font blog-post-text-color _2QAo- _25MYV _1Fao9 ljrnk public-DraftStyleDefault-block-depth0 public-DraftStyleDefault-text-ltr\">Contamos com a vossa honrosa presen\u00e7a.<\/p>\n<p style=\"text-align: center;\"><strong>Dom Jailton de Oliveira Lino<\/strong><br \/>\nBispo Diocesano<\/p>\n","protected":false},"excerpt":{"rendered":"<p>A Diocese de Teixeira de Freitas\/Caravelas, realizar\u00e1 no dia 20 de outubro, das 19h30 \u00e0s 22h, na Igreja Matriz S\u00e3o Jos\u00e9 Oper\u00e1rio em Teixeira de Freitas, o Encontro F\u00c9 e POL\u00cdTICA, com o tema: \u201cSal e Luz&#8221; e a legisla\u00e7\u00e3o que regula o assunto, sobre o pleito eleitoral. O evento \u00e9 destinado que est\u00e3o concorrendo &hellip;<\/p>\n","protected":false},"author":1,"featured_media":11371,"comment_status":"closed","ping_status":"closed","sticky":false,"template":"","format":"standard","meta":{"footnotes":""},"categories":[100],"tags":[679,191,425,676,389,677,678],"class_list":["post-11370","post","type-post","status-publish","format-standard","has-post-thumbnail","hentry","category-noticias-diocesanas","tag-cidades-do-extremo-sul-baiano","tag-cnbb","tag-diocese-teixeira-de-freitas-caravelas","tag-encontro-fe-e-politica","tag-fe","tag-politica","tag-sal-e-luz"],"_links":{"self":[{"href":"https:\/\/dioceseteixeiradefreitas.com.br\/index.php?rest_route=\/wp\/v2\/posts\/11370","targetHints":{"allow":["GET"]}}],"collection":[{"href":"https:\/\/dioceseteixeiradefreitas.com.br\/index.php?rest_route=\/wp\/v2\/posts"}],"about":[{"href":"https:\/\/dioceseteixeiradefreitas.com.br\/index.php?rest_route=\/wp\/v2\/types\/post"}],"author":[{"embeddable":true,"href":"https:\/\/dioceseteixeiradefreitas.com.br\/index.php?rest_route=\/wp\/v2\/users\/1"}],"replies":[{"embeddable":true,"href":"https:\/\/dioceseteixeiradefreitas.com.br\/index.php?rest_route=%2Fwp%2Fv2%2Fcomments&post=11370"}],"version-history":[{"count":4,"href":"https:\/\/dioceseteixeiradefreitas.com.br\/index.php?rest_route=\/wp\/v2\/posts\/11370\/revisions"}],"predecessor-version":[{"id":11377,"href":"https:\/\/dioceseteixeiradefreitas.com.br\/index.php?rest_route=\/wp\/v2\/posts\/11370\/revisions\/11377"}],"wp:featuredmedia":[{"embeddable":true,"href":"https:\/\/dioceseteixeiradefreitas.com.br\/index.php?rest_route=\/wp\/v2\/media\/11371"}],"wp:attachment":[{"href":"https:\/\/dioceseteixeiradefreitas.com.br\/index.php?rest_route=%2Fwp%2Fv2%2Fmedia&parent=11370"}],"wp:term":[{"taxonomy":"category","embeddable":true,"href":"https:\/\/dioceseteixeiradefreitas.com.br\/index.php?rest_route=%2Fwp%2Fv2%2Fcategories&post=11370"},{"taxonomy":"post_tag","embeddable":true,"href":"https:\/\/dioceseteixeiradefreitas.com.br\/index.php?rest_route=%2Fwp%2Fv2%2Ftags&post=11370"}],"curies":[{"name":"wp","href":"https:\/\/api.w.org\/{rel}","templated":true}]}}