{"id":11456,"date":"2020-10-26T08:14:00","date_gmt":"2020-10-26T11:14:00","guid":{"rendered":"https:\/\/dioceseteixeiradefreitas.com.br\/?p=11456"},"modified":"2020-10-26T08:14:00","modified_gmt":"2020-10-26T11:14:00","slug":"papa-francisco-criara-13-novos-cardeais","status":"publish","type":"post","link":"https:\/\/dioceseteixeiradefreitas.com.br\/?p=11456","title":{"rendered":"Papa Francisco criar\u00e1 13 novos cardeais"},"content":{"rendered":"<figure id=\"attachment_11457\" aria-describedby=\"caption-attachment-11457\" style=\"width: 750px\" class=\"wp-caption aligncenter\"><img loading=\"lazy\" decoding=\"async\" class=\"wp-image-11457 size-full\" src=\"https:\/\/dioceseteixeiradefreitas.com.br\/wp-content\/uploads\/2020\/10\/papa-francisco.jpeg\" alt=\"\" width=\"750\" height=\"422\" srcset=\"https:\/\/dioceseteixeiradefreitas.com.br\/wp-content\/uploads\/2020\/10\/papa-francisco.jpeg 750w, https:\/\/dioceseteixeiradefreitas.com.br\/wp-content\/uploads\/2020\/10\/papa-francisco-300x169.jpeg 300w, https:\/\/dioceseteixeiradefreitas.com.br\/wp-content\/uploads\/2020\/10\/papa-francisco-390x220.jpeg 390w, https:\/\/dioceseteixeiradefreitas.com.br\/wp-content\/uploads\/2020\/10\/papa-francisco-600x338.jpeg 600w\" sizes=\"auto, (max-width: 750px) 100vw, 750px\" \/><figcaption id=\"caption-attachment-11457\" class=\"wp-caption-text\">Papa Francisco &#8211; Foto: Vatican Media\/Reprodu\u00e7\u00e3o<\/figcaption><\/figure>\n<p>O Papa Francisco anunciou neste domingo (25), um novo Consist\u00f3rio para o dia 28 de novembro para a cria\u00e7\u00e3o de 13 novos cardeais, quatro dos quais t\u00eam mais de 80 anos e, portanto, n\u00e3o participar\u00e3o num eventual conclave.<\/p>\n<p>Dois dos novos cardeais pertencem \u00e0 C\u00faria Romana: s\u00e3o o secret\u00e1rio do S\u00ednodo dos Bispos, o malt\u00eas Mario Grech, e o italiano Marcello Semeraro, ex-bispo de Albano e novo Prefeito da Congrega\u00e7\u00e3o para as Causas dos Santos. A eles o Papa uniu seis pastores de Igrejas no mundo: o arcebispo de Kigali, Ruanda, Antoine Kambanda; o arcebispo de Washington, EUA, Wilton Gregory; o arcebispo de Capiz, Filipinas, Jos\u00e9 Fuerte Advincula; o arcebispo de Santiago, Chile, Celestino A\u00f3s Braco; o vig\u00e1rio apost\u00f3lico de Brunei, Cornelius Sim; o arcebispo de Siena, It\u00e1lia, Augusto Paolo Lojudice. Com eles o Papa nomeou tamb\u00e9m o atual Guardi\u00e3o do Sagrado Convento de Assis, o padre Mauro Gambetti.<\/p>\n<p>Aos nove cardeais com menos de oitenta anos de idade, o Papa Francisco uniu tamb\u00e9m quatro novos cardeais com mais de oitenta anos. S\u00e3o eles: Felipe Arizmendi Esquivel, arcebispo em\u00e9rito de San Crist\u00f3bal de Las Casas (M\u00e9xico); o N\u00fancio Apost\u00f3lico Silvano Tomasi, ex-observador permanente nas Na\u00e7\u00f5es Unidas em Genebra, que depois trabalhou no Dicast\u00e9rio para o Desenvolvimento humano integral; o padre Raniero Cantalamessa, pregador da Casa Pontif\u00edcia e p\u00e1roco do Divino Amor, padre Enrico Feroci.<\/p>\n<p>Os cardeais usam a cor p\u00farpura, o que indica a sua disponibilidade ao sacrif\u00edcio \u201c<em>usque ad sanguinis effusionem<\/em>\u201d, at\u00e9 o derramamento de sangue ao servi\u00e7o do Sucessor de Pedro, e mesmo que residam nas regi\u00f5es mais remotas do mundo tornam-se titulares de uma par\u00f3quia na Cidade Eterna porque est\u00e3o incardinados na Igreja da qual o Papa \u00e9 Bispo.<\/p>\n<p><b>LISTA DOS NOMES DOS NOVOS CARDEAIS:<\/b><\/p>\n<p>Dom Mario Grech, secret\u00e1rio-geral do S\u00ednodo dos Bispos;<br \/>\nDom Marcello Semeraro, Prefeito da Congrega\u00e7\u00e3o para as Causas dos Santos;<br \/>\nDom Antoine Kambanda, arcebispo de Kigali, Ruanda;<br \/>\nDom Wilton Gregory, arcebispo de Washington;<br \/>\nDom Jos\u00e9 Advincula, arcebispo de Capiz, Filipinas;<br \/>\nDom Celestino A\u00f3s Braco, arcebispo de Santiago de Santiago do Chile;<br \/>\nDom Cornelius Sim, bispo titular de Puzia di Numidia e Vig\u00e1rio Apost\u00f3lico de Brunei, Kuala Lumpur;<br \/>\nDom Augusto Paolo Lojudice, arcebispo de Siena-Colle Val d&#8217;Elsa-Montalcino;<br \/>\nFrei Mauro Gambetti, franciscano conventual, Guardi\u00e3o da Comunidade franciscana de Assis.<br \/>\nDom Felipe Arizmendi Esquivel, bispo em\u00e9rito de San Crist\u00f3bal de las Casas, M\u00e9xico;<br \/>\nDom Silvano M. Tomasi, arcebispo titular de Asolo, N\u00fancio Apost\u00f3lico;<br \/>\nFrei Raniero Cantalamessa, capuchinho, Pregador da Casa Pontif\u00edcia;<br \/>\nMons. Enrico Feroci, p\u00e1roco em Santa Maria do Divino Amore em Castel di Leva.<\/p>\n","protected":false},"excerpt":{"rendered":"<p>O Papa Francisco anunciou neste domingo (25), um novo Consist\u00f3rio para o dia 28 de novembro para a cria\u00e7\u00e3o de 13 novos cardeais, quatro dos quais t\u00eam mais de 80 anos e, portanto, n\u00e3o participar\u00e3o num eventual conclave. Dois dos novos cardeais pertencem \u00e0 C\u00faria Romana: s\u00e3o o secret\u00e1rio do S\u00ednodo dos Bispos, o malt\u00eas &hellip;<\/p>\n","protected":false},"author":1,"featured_media":11457,"comment_status":"closed","ping_status":"closed","sticky":false,"template":"","format":"standard","meta":{"footnotes":""},"categories":[103],"tags":[682,681,71,123],"class_list":["post-11456","post","type-post","status-publish","format-standard","has-post-thumbnail","hentry","category-noticias-do-vaticano","tag-13-novos-cardeais","tag-novos-cardeais","tag-papa-francisco","tag-vaticano"],"_links":{"self":[{"href":"https:\/\/dioceseteixeiradefreitas.com.br\/index.php?rest_route=\/wp\/v2\/posts\/11456","targetHints":{"allow":["GET"]}}],"collection":[{"href":"https:\/\/dioceseteixeiradefreitas.com.br\/index.php?rest_route=\/wp\/v2\/posts"}],"about":[{"href":"https:\/\/dioceseteixeiradefreitas.com.br\/index.php?rest_route=\/wp\/v2\/types\/post"}],"author":[{"embeddable":true,"href":"https:\/\/dioceseteixeiradefreitas.com.br\/index.php?rest_route=\/wp\/v2\/users\/1"}],"replies":[{"embeddable":true,"href":"https:\/\/dioceseteixeiradefreitas.com.br\/index.php?rest_route=%2Fwp%2Fv2%2Fcomments&post=11456"}],"version-history":[{"count":1,"href":"https:\/\/dioceseteixeiradefreitas.com.br\/index.php?rest_route=\/wp\/v2\/posts\/11456\/revisions"}],"predecessor-version":[{"id":11458,"href":"https:\/\/dioceseteixeiradefreitas.com.br\/index.php?rest_route=\/wp\/v2\/posts\/11456\/revisions\/11458"}],"wp:featuredmedia":[{"embeddable":true,"href":"https:\/\/dioceseteixeiradefreitas.com.br\/index.php?rest_route=\/wp\/v2\/media\/11457"}],"wp:attachment":[{"href":"https:\/\/dioceseteixeiradefreitas.com.br\/index.php?rest_route=%2Fwp%2Fv2%2Fmedia&parent=11456"}],"wp:term":[{"taxonomy":"category","embeddable":true,"href":"https:\/\/dioceseteixeiradefreitas.com.br\/index.php?rest_route=%2Fwp%2Fv2%2Fcategories&post=11456"},{"taxonomy":"post_tag","embeddable":true,"href":"https:\/\/dioceseteixeiradefreitas.com.br\/index.php?rest_route=%2Fwp%2Fv2%2Ftags&post=11456"}],"curies":[{"name":"wp","href":"https:\/\/api.w.org\/{rel}","templated":true}]}}