{"id":11577,"date":"2020-11-14T00:04:03","date_gmt":"2020-11-14T03:04:03","guid":{"rendered":"https:\/\/dioceseteixeiradefreitas.com.br\/?p=11577"},"modified":"2020-11-14T00:04:03","modified_gmt":"2020-11-14T03:04:03","slug":"dia-mundial-dos-pobres-sera-celebrado-neste-domingo","status":"publish","type":"post","link":"https:\/\/dioceseteixeiradefreitas.com.br\/?p=11577","title":{"rendered":"Dia Mundial dos Pobres ser\u00e1 celebrado neste domingo"},"content":{"rendered":"<figure id=\"attachment_11579\" aria-describedby=\"caption-attachment-11579\" style=\"width: 900px\" class=\"wp-caption aligncenter\"><img loading=\"lazy\" decoding=\"async\" class=\"wp-image-11579 size-full\" src=\"https:\/\/dioceseteixeiradefreitas.com.br\/wp-content\/uploads\/2020\/11\/1482884_467894.jpg\" alt=\"\" width=\"900\" height=\"506\" srcset=\"https:\/\/dioceseteixeiradefreitas.com.br\/wp-content\/uploads\/2020\/11\/1482884_467894.jpg 900w, https:\/\/dioceseteixeiradefreitas.com.br\/wp-content\/uploads\/2020\/11\/1482884_467894-300x169.jpg 300w, https:\/\/dioceseteixeiradefreitas.com.br\/wp-content\/uploads\/2020\/11\/1482884_467894-768x432.jpg 768w, https:\/\/dioceseteixeiradefreitas.com.br\/wp-content\/uploads\/2020\/11\/1482884_467894-390x220.jpg 390w, https:\/\/dioceseteixeiradefreitas.com.br\/wp-content\/uploads\/2020\/11\/1482884_467894-600x337.jpg 600w\" sizes=\"auto, (max-width: 900px) 100vw, 900px\" \/><figcaption id=\"caption-attachment-11579\" class=\"wp-caption-text\">Papa e Morador de Rua &#8211; Imagem: Vatican Media\/Reprodu\u00e7\u00e3o<\/figcaption><\/figure>\n<p>Neste domingo, dia da Proclama\u00e7\u00e3o da Rep\u00fablica no Brasil, estaremos celebrando o 33\u00ba domingo do tempo comum, quase no fim do tempo lit\u00fargico e a Igreja nos convida a celebrar o Dia Mundial dos Pobres.<\/p>\n<p>&#8220;<em>Estende a tua m\u00e3o ao pobre<\/em>&#8221; (Sir 7,32) \u00e9 o lema deste dia especial, institu\u00eddo pelo Papa que visa chamar a aten\u00e7\u00e3o para a condi\u00e7\u00e3o dos mais necessitados.<\/p>\n<blockquote><p>&#8220;<em>S\u00e3o insepar\u00e1veis a ora\u00e7\u00e3o a Deus e a solidariedade com os pobres e os enfermos<\/em>&#8221; (Papa Francisco).<\/p><\/blockquote>\n<p>O Sumo Pont\u00edfice recorda que \u00e9 dif\u00edcil &#8220;<em>manter o olhar voltado para o pobre<\/em>&#8220;, mas assinala que isso \u00e9 &#8220;t\u00e3o necess\u00e1rio para imprimir a justa dire\u00e7\u00e3o \u00e0 nossa vida pessoal e social&#8221;. &#8220;N\u00e3o se trata de gastar muitas palavras, mas antes de comprometer concretamente a vida, impelidos pela caridade divina&#8221;, afirma.<\/p>\n<p>A Igreja n\u00e3o tem solu\u00e7\u00f5es globais a propor, diz ainda o Papa, mas oferece o seu testemunho e gestos de partilha.<\/p>\n<h4 class=\"article__title\">Estender a m\u00e3o ao pobre requer treino di\u00e1rio<\/h4>\n<p class=\"article__title\">\nEstender a m\u00e3o \u00e9 um sinal: um sinal que apela imediatamente \u00e0 proximidade, \u00e0 solidariedade, ao amor. Sobretudo nestes \u00faltimos meses em que o mundo inteiro foi dominado por um <strong>v\u00edrus<\/strong> que trouxe dor e morte, desconforto e perplexidade, pudemos ver tantas m\u00e3os estendidas! A m\u00e3o estendida do m\u00e9dico que se preocupa de cada paciente, procurando encontrar o rem\u00e9dio certo. A m\u00e3o estendida da enfermeira e do enfermeiro que permanece, muito para al\u00e9m dos seus hor\u00e1rios de trabalho, a cuidar dos doentes. A m\u00e3o estendida de quem trabalha na administra\u00e7\u00e3o e providencia os meios para salvar o maior n\u00famero poss\u00edvel de vidas. A m\u00e3o estendida do farmac\u00eautico exposto a in\u00fameros pedidos num arriscado contato com as pessoas. A m\u00e3o estendida do sacerdote que, com o cora\u00e7\u00e3o partido, continua a aben\u00e7oar. A m\u00e3o estendida do volunt\u00e1rio que socorre quem mora na rua e a quantos, embora possuindo um teto, n\u00e3o t\u00eam nada para comer. A m\u00e3o estendida de homens e mulheres que trabalham para prestar servi\u00e7os essenciais e seguran\u00e7a. E poder\u00edamos enumerar ainda outras m\u00e3os estendidas, at\u00e9 compor uma ladainha de obras de bem. Todas estas m\u00e3os desafiaram o cont\u00e1gio e o medo, a fim de dar apoio e consola\u00e7\u00e3o.<\/p>\n<p>O objetivo de cada a\u00e7\u00e3o humana, recorda por fim o Papa, s\u00f3 pode ser o amor: tal \u00e9 o objetivo para onde caminhamos, e nada deve distrair-nos dele.<\/p>\n<p>Este amor \u00e9 partilha, dedica\u00e7\u00e3o e servi\u00e7o: \u201cPossa ent\u00e3o a m\u00e3o estendida enriquecer-se sempre com o sorriso de quem n\u00e3o faz pesar a sua presen\u00e7a nem a ajuda que presta, mas alegra-se apenas em viver o estilo dos disc\u00edpulos de Cristo\u201d.<\/p>\n<p>O Dia Mundial dos Pobres foi institu\u00eddo\u00a0pelo Papa Francisco em 2016, na conclus\u00e3o do Jubileu da Miseric\u00f3rdia. A data \u00e9 celebrada no pen\u00faltimo domingo do ano lit\u00fargico.<\/p>\n<p>Texto: Vatican News<br \/>\nAdapta\u00e7\u00e3o: PASCOM<\/p>\n","protected":false},"excerpt":{"rendered":"<p>Neste domingo, dia da Proclama\u00e7\u00e3o da Rep\u00fablica no Brasil, estaremos celebrando o 33\u00ba domingo do tempo comum, quase no fim do tempo lit\u00fargico e a Igreja nos convida a celebrar o Dia Mundial dos Pobres. &#8220;Estende a tua m\u00e3o ao pobre&#8221; (Sir 7,32) \u00e9 o lema deste dia especial, institu\u00eddo pelo Papa que visa chamar &hellip;<\/p>\n","protected":false},"author":1,"featured_media":11579,"comment_status":"closed","ping_status":"closed","sticky":false,"template":"","format":"standard","meta":{"footnotes":""},"categories":[103],"tags":[696,71,697,122,123],"class_list":["post-11577","post","type-post","status-publish","format-standard","has-post-thumbnail","hentry","category-noticias-do-vaticano","tag-dia-mundial-dos-pobres","tag-papa-francisco","tag-pobres","tag-roma","tag-vaticano"],"_links":{"self":[{"href":"https:\/\/dioceseteixeiradefreitas.com.br\/index.php?rest_route=\/wp\/v2\/posts\/11577","targetHints":{"allow":["GET"]}}],"collection":[{"href":"https:\/\/dioceseteixeiradefreitas.com.br\/index.php?rest_route=\/wp\/v2\/posts"}],"about":[{"href":"https:\/\/dioceseteixeiradefreitas.com.br\/index.php?rest_route=\/wp\/v2\/types\/post"}],"author":[{"embeddable":true,"href":"https:\/\/dioceseteixeiradefreitas.com.br\/index.php?rest_route=\/wp\/v2\/users\/1"}],"replies":[{"embeddable":true,"href":"https:\/\/dioceseteixeiradefreitas.com.br\/index.php?rest_route=%2Fwp%2Fv2%2Fcomments&post=11577"}],"version-history":[{"count":1,"href":"https:\/\/dioceseteixeiradefreitas.com.br\/index.php?rest_route=\/wp\/v2\/posts\/11577\/revisions"}],"predecessor-version":[{"id":11580,"href":"https:\/\/dioceseteixeiradefreitas.com.br\/index.php?rest_route=\/wp\/v2\/posts\/11577\/revisions\/11580"}],"wp:featuredmedia":[{"embeddable":true,"href":"https:\/\/dioceseteixeiradefreitas.com.br\/index.php?rest_route=\/wp\/v2\/media\/11579"}],"wp:attachment":[{"href":"https:\/\/dioceseteixeiradefreitas.com.br\/index.php?rest_route=%2Fwp%2Fv2%2Fmedia&parent=11577"}],"wp:term":[{"taxonomy":"category","embeddable":true,"href":"https:\/\/dioceseteixeiradefreitas.com.br\/index.php?rest_route=%2Fwp%2Fv2%2Fcategories&post=11577"},{"taxonomy":"post_tag","embeddable":true,"href":"https:\/\/dioceseteixeiradefreitas.com.br\/index.php?rest_route=%2Fwp%2Fv2%2Ftags&post=11577"}],"curies":[{"name":"wp","href":"https:\/\/api.w.org\/{rel}","templated":true}]}}