{"id":11587,"date":"2020-11-16T16:01:23","date_gmt":"2020-11-16T19:01:23","guid":{"rendered":"https:\/\/dioceseteixeiradefreitas.com.br\/?p=11587"},"modified":"2020-11-16T17:14:07","modified_gmt":"2020-11-16T20:14:07","slug":"vem-ai-encontrao-para-jovens-promovido-pelas-irmas-servas-adoradoras-da-misericordia","status":"publish","type":"post","link":"https:\/\/dioceseteixeiradefreitas.com.br\/?p=11587","title":{"rendered":"Irm\u00e3s Servas Adoradoras da Miseric\u00f3rdia realizar\u00e1 Encontr\u00e3o para Jovens"},"content":{"rendered":"<p><img loading=\"lazy\" decoding=\"async\" class=\"aligncenter wp-image-11588\" src=\"https:\/\/dioceseteixeiradefreitas.com.br\/wp-content\/uploads\/2020\/11\/04058ee9-9fc3-4f16-99cf-021ad9e9e357.jpg\" alt=\"\" width=\"771\" height=\"917\" srcset=\"https:\/\/dioceseteixeiradefreitas.com.br\/wp-content\/uploads\/2020\/11\/04058ee9-9fc3-4f16-99cf-021ad9e9e357.jpg 1076w, https:\/\/dioceseteixeiradefreitas.com.br\/wp-content\/uploads\/2020\/11\/04058ee9-9fc3-4f16-99cf-021ad9e9e357-252x300.jpg 252w, https:\/\/dioceseteixeiradefreitas.com.br\/wp-content\/uploads\/2020\/11\/04058ee9-9fc3-4f16-99cf-021ad9e9e357-861x1024.jpg 861w, https:\/\/dioceseteixeiradefreitas.com.br\/wp-content\/uploads\/2020\/11\/04058ee9-9fc3-4f16-99cf-021ad9e9e357-768x914.jpg 768w, https:\/\/dioceseteixeiradefreitas.com.br\/wp-content\/uploads\/2020\/11\/04058ee9-9fc3-4f16-99cf-021ad9e9e357-600x714.jpg 600w\" sizes=\"auto, (max-width: 771px) 100vw, 771px\" \/><\/p>\n<p>As Irm\u00e3s Servas Adoradoras da Miseric\u00f3rdia promovem no dia 21 de novembro (s\u00e1bado), das 14h \u00e0s 18h, um Encontr\u00e3o para Jovens que ser\u00e1 realizado na Comunidade S\u00e3o Miguel da Par\u00f3quia S\u00e3o Pedro &#8211; Catedral. O tema do evento \u00e9: &#8216;Me lan\u00e7o em Ti, oh Deus&#8217;.<\/p>\n<p>De acordo com a organiza\u00e7\u00e3o, os jovens participar\u00e3o de momentos de ora\u00e7\u00e3o e reflex\u00e3o. &#8220;Queremos viver este momento de f\u00e9 aos p\u00e9s do Nosso Senhor, lan\u00e7ando a ele nossas d\u00favidas, anseios e a alegria de nossa caminhada de peregrina\u00e7\u00e3o&#8221;, diz uma das irm\u00e3s servas Adoradoras da Miseric\u00f3rdia.<\/p>\n<p>Para participar, os jovens dever\u00e3o fazer o agendamento pr\u00e9vio atrav\u00e9s do <strong>telefone: (49) 99943-4848<\/strong>.<\/p>\n<p>&nbsp;<\/p>\n","protected":false},"excerpt":{"rendered":"<p>As Irm\u00e3s Servas Adoradoras da Miseric\u00f3rdia promovem no dia 21 de novembro (s\u00e1bado), das 14h \u00e0s 18h, um Encontr\u00e3o para Jovens que ser\u00e1 realizado na Comunidade S\u00e3o Miguel da Par\u00f3quia S\u00e3o Pedro &#8211; Catedral. O tema do evento \u00e9: &#8216;Me lan\u00e7o em Ti, oh Deus&#8217;. De acordo com a organiza\u00e7\u00e3o, os jovens participar\u00e3o de momentos &hellip;<\/p>\n","protected":false},"author":1,"featured_media":11588,"comment_status":"closed","ping_status":"closed","sticky":false,"template":"","format":"standard","meta":{"footnotes":""},"categories":[310],"tags":[59,699,698,57],"class_list":["post-11587","post","type-post","status-publish","format-standard","has-post-thumbnail","hentry","category-noticias-paroquiais","tag-catedral-sao-pedro","tag-comunidade-sao-miguel","tag-encontro-para-jovens","tag-forania-sao-pedro"],"_links":{"self":[{"href":"https:\/\/dioceseteixeiradefreitas.com.br\/index.php?rest_route=\/wp\/v2\/posts\/11587","targetHints":{"allow":["GET"]}}],"collection":[{"href":"https:\/\/dioceseteixeiradefreitas.com.br\/index.php?rest_route=\/wp\/v2\/posts"}],"about":[{"href":"https:\/\/dioceseteixeiradefreitas.com.br\/index.php?rest_route=\/wp\/v2\/types\/post"}],"author":[{"embeddable":true,"href":"https:\/\/dioceseteixeiradefreitas.com.br\/index.php?rest_route=\/wp\/v2\/users\/1"}],"replies":[{"embeddable":true,"href":"https:\/\/dioceseteixeiradefreitas.com.br\/index.php?rest_route=%2Fwp%2Fv2%2Fcomments&post=11587"}],"version-history":[{"count":4,"href":"https:\/\/dioceseteixeiradefreitas.com.br\/index.php?rest_route=\/wp\/v2\/posts\/11587\/revisions"}],"predecessor-version":[{"id":11592,"href":"https:\/\/dioceseteixeiradefreitas.com.br\/index.php?rest_route=\/wp\/v2\/posts\/11587\/revisions\/11592"}],"wp:featuredmedia":[{"embeddable":true,"href":"https:\/\/dioceseteixeiradefreitas.com.br\/index.php?rest_route=\/wp\/v2\/media\/11588"}],"wp:attachment":[{"href":"https:\/\/dioceseteixeiradefreitas.com.br\/index.php?rest_route=%2Fwp%2Fv2%2Fmedia&parent=11587"}],"wp:term":[{"taxonomy":"category","embeddable":true,"href":"https:\/\/dioceseteixeiradefreitas.com.br\/index.php?rest_route=%2Fwp%2Fv2%2Fcategories&post=11587"},{"taxonomy":"post_tag","embeddable":true,"href":"https:\/\/dioceseteixeiradefreitas.com.br\/index.php?rest_route=%2Fwp%2Fv2%2Ftags&post=11587"}],"curies":[{"name":"wp","href":"https:\/\/api.w.org\/{rel}","templated":true}]}}