{"id":11594,"date":"2020-11-21T19:20:40","date_gmt":"2020-11-21T22:20:40","guid":{"rendered":"https:\/\/dioceseteixeiradefreitas.com.br\/?p=11594"},"modified":"2020-11-21T19:25:17","modified_gmt":"2020-11-21T22:25:17","slug":"coleta-do-bem-21-e-22-de-novembro","status":"publish","type":"post","link":"https:\/\/dioceseteixeiradefreitas.com.br\/?p=11594","title":{"rendered":"Coleta do Bem &#8211; 21 e 22 de Novembro"},"content":{"rendered":"<figure id=\"attachment_11596\" aria-describedby=\"caption-attachment-11596\" style=\"width: 300px\" class=\"wp-caption aligncenter\"><a href=\"https:\/\/dioceseteixeiradefreitas.com.br\/wp-content\/uploads\/2020\/11\/ColetaDOBem.png\"><img loading=\"lazy\" decoding=\"async\" class=\"wp-image-11596 size-medium\" src=\"https:\/\/dioceseteixeiradefreitas.com.br\/wp-content\/uploads\/2020\/11\/ColetaDOBem-300x172.png\" alt=\"\" width=\"300\" height=\"172\" srcset=\"https:\/\/dioceseteixeiradefreitas.com.br\/wp-content\/uploads\/2020\/11\/ColetaDOBem-300x172.png 300w, https:\/\/dioceseteixeiradefreitas.com.br\/wp-content\/uploads\/2020\/11\/ColetaDOBem-600x344.png 600w, https:\/\/dioceseteixeiradefreitas.com.br\/wp-content\/uploads\/2020\/11\/ColetaDOBem.png 747w\" sizes=\"auto, (max-width: 300px) 100vw, 300px\" \/><\/a><figcaption id=\"caption-attachment-11596\" class=\"wp-caption-text\">Coleta do Bem &#8211; Imagem: CNBB Brasil\/Reprodu\u00e7\u00e3o<\/figcaption><\/figure>\n<p>&nbsp;<\/p>\n<p>No pr\u00f3ximo domingo, dia <strong>22 de novembro<\/strong>, os fi\u00e9is cat\u00f3licos da Igreja do Brasil s\u00e3o convidados a fazer seu gesto concreto da campanha &#8220;\u00c9 Tempo de Cuidar da Evangeliza\u00e7\u00e3o&#8221; contribuindo com a Coleta do Bem.<\/p>\n<p>As doa\u00e7\u00f5es podem ser feitas de tr\u00eas maneiras:<\/p>\n<p>1) Nas comunidades e par\u00f3quias nas celebra\u00e7\u00f5es do fim de semana no qual a Igreja celebra a solenidade de Cristo Rei, nos dias 21 e 22 de novembro;<\/p>\n<p>2) Pelo site\u00a0<a href=\"https:\/\/doe.cnbb.org.br\/\">https:\/\/doe.cnbb.org.br\/;\u00a0<\/a><\/p>\n<p>3) Por meio de dep\u00f3sito banc\u00e1rio: Banco Bradesco \u2013 Ag\u00eancia 0484-7 Conta Corrente 20027-1, favorecida Confer\u00eancia Nacional dos Bispos do Brasil \u2013 CNPJ 33.685.686\/0001-50.<\/p>\n<p>Conforme informado no site da CNBB Brasil &#8220;As doa\u00e7\u00f5es s\u00e3o investidas em apoio a projetos de desenvolvimento comunit\u00e1rio, de gera\u00e7\u00e3o de renda, supera\u00e7\u00e3o da vulnerabilidade e tamb\u00e9m na sustenta\u00e7\u00e3o da obra de Evangeliza\u00e7\u00e3o da Igreja no Brasil inteiro, incluindo seus projetos mission\u00e1rios em outros pa\u00edses&#8221;.<\/p>\n<figure id=\"attachment_11595\" aria-describedby=\"caption-attachment-11595\" style=\"width: 300px\" class=\"wp-caption aligncenter\"><a href=\"https:\/\/dioceseteixeiradefreitas.com.br\/wp-content\/uploads\/2020\/11\/ColetadoBem.jpeg\"><img loading=\"lazy\" decoding=\"async\" class=\"wp-image-11595 size-medium\" src=\"https:\/\/dioceseteixeiradefreitas.com.br\/wp-content\/uploads\/2020\/11\/ColetadoBem-300x192.jpeg\" alt=\"\" width=\"300\" height=\"192\" srcset=\"https:\/\/dioceseteixeiradefreitas.com.br\/wp-content\/uploads\/2020\/11\/ColetadoBem-300x192.jpeg 300w, https:\/\/dioceseteixeiradefreitas.com.br\/wp-content\/uploads\/2020\/11\/ColetadoBem-1024x656.jpeg 1024w, https:\/\/dioceseteixeiradefreitas.com.br\/wp-content\/uploads\/2020\/11\/ColetadoBem-768x492.jpeg 768w, https:\/\/dioceseteixeiradefreitas.com.br\/wp-content\/uploads\/2020\/11\/ColetadoBem-780x500.jpeg 780w, https:\/\/dioceseteixeiradefreitas.com.br\/wp-content\/uploads\/2020\/11\/ColetadoBem-600x384.jpeg 600w, https:\/\/dioceseteixeiradefreitas.com.br\/wp-content\/uploads\/2020\/11\/ColetadoBem.jpeg 1280w\" sizes=\"auto, (max-width: 300px) 100vw, 300px\" \/><\/a><figcaption id=\"caption-attachment-11595\" class=\"wp-caption-text\">Coleta do Bem &#8211; Imagem: CNBB Brasil\/Reprodu\u00e7\u00e3o<\/figcaption><\/figure>\n<p><strong>Convite do Pe. Le\u00f4nidas:<\/strong><\/p>\n<div style=\"width: 1280px;\" class=\"wp-video\"><video class=\"wp-video-shortcode\" id=\"video-11594-1\" width=\"1280\" height=\"720\" preload=\"metadata\" controls=\"controls\"><source type=\"video\/mp4\" src=\"https:\/\/dioceseteixeiradefreitas.com.br\/wp-content\/uploads\/2020\/11\/VideoConvitePeLeonidas.mp4?_=1\" \/><a href=\"https:\/\/dioceseteixeiradefreitas.com.br\/wp-content\/uploads\/2020\/11\/VideoConvitePeLeonidas.mp4\">https:\/\/dioceseteixeiradefreitas.com.br\/wp-content\/uploads\/2020\/11\/VideoConvitePeLeonidas.mp4<\/a><\/video><\/div>\n<p>&nbsp;<\/p>\n<p><strong>Mensagem aos crist\u00e3os cat\u00f3licos do Brasil o secret\u00e1rio-geral da Confer\u00eancia, dom Joel Portella Amado, e o secret\u00e1rio executivo de campanhas da CNBB, padre Patriky Samuel Batista:<\/strong><\/p>\n<p><em>Estimados irm\u00e3os e irm\u00e3s em Jesus Cristo.<\/em><\/p>\n<p><em>Gra\u00e7a e paz!<\/em><\/p>\n<p><em>Este fim de semana viveremos um tempo especial na liturgia da Igreja no Brasil. Celebramos a Solenidade de Cristo Rei, solenidade lit\u00fargica institu\u00edda pelo Papa Pio XI, em 1925. Um sinal de que Cristo reina em nossas vidas \u00e9 nossa ades\u00e3o a ele que se d\u00e1, como nos diz a Liturgia da Palavra, quando cuidamos uns dos outros: \u201cEu estava com fome e me destes de comer; eu estava com sede e me destes de beber; eu era estrangeiro e me recebestes em casa; eu estava nu e me vestistes; eu estava doente e cuidastes de mim; eu estava na pris\u00e3o e fostes me visitar. \u201d (Mt 25,35-36) Cuidar do outro \u00e9 cuidar do pr\u00f3prio Cristo, que, em sua realeza, identifica-se com os mais pobres e vulner\u00e1veis.<\/em><\/p>\n<p><em>Nestes dias, a Igreja no Brasil nos convida a conhecer a \u201cgenerosidade de Cristo\u201d, por meio da campanha \u201c\u00c9 Tempo de Cuidar da Evangeliza\u00e7\u00e3o\u201d. Participar \u00e9 cuidar das obras de Evangeliza\u00e7\u00e3o e caridade da Igreja no Brasil. O grande gesto concreto \u00e9 contribuir com Coleta do Bem que, neste ano de modo extraordin\u00e1rio devido a pandemia, unifica a coleta da evangeliza\u00e7\u00e3o e da solidariedade em uma s\u00f3 coleta.<\/em><\/p>\n<p><em>Desde in\u00edcio da pandemia do novo coronav\u00edrus, a Igreja esteve atenta \u00e0s urg\u00eancias de todos, em especial dos mais pobres. Em 12 de abril, domingo de P\u00e1scoa, a CNBB e a C\u00e1ritas Brasileira lan\u00e7aram juntas\u00a0 a campanha \u201c\u00c9 Tempo de Cuidar\u201d. Esta a\u00e7\u00e3o se tornou a maior a\u00e7\u00e3o emergencial da hist\u00f3ria recente da Igreja no Brasil que permitiu cuidar de milhares de irm\u00e3os e irm\u00e3s espalhados pelas 278 circunscri\u00e7\u00f5es eclesi\u00e1sticas do nosso pa\u00eds, beneficiando mais de 1,1 milh\u00e3o de pessoas. Foram mais de 5 milh\u00f5es e 700 mil toneladas de alimentos distribu\u00eddos para as popula\u00e7\u00f5es mais empobrecidas do Brasil. Al\u00e9m de alimentos, kits de higiene pessoal e diversos outros itens foram doados. Neste tempo, a Igreja no Brasil cuidou do povo brasileiro numa grande ciranda de solidariedade crist\u00e3.<\/em><\/p>\n<p><em>A campanha \u00c9 Tempo de Cuidar da Evangeliza\u00e7\u00e3o continuar\u00e1 estas iniciativas, atrav\u00e9s de v\u00e1rios projetos de solidariedade e evangeliza\u00e7\u00e3o, miss\u00e3o e caridade no pa\u00eds. Este \u00e9 o convite feito a cada um de n\u00f3s, pois \u00e9 tempo de, pela gra\u00e7a do Batismo, assumirmos nossa corresponsabilidade pela obra evangelizadora da Igreja no Brasil, que, em sua anima\u00e7\u00e3o e miss\u00e3o pastoral e servi\u00e7os, precisa de sua ajuda. \u00c0 luz da amizade social proposta pelo Papa Francisco em sua Enc\u00edclica Fratelli Tutti, queremos apoiar as iniciativas de cuidado com a vida, e com os pobres, a\u00e7\u00f5es que asseguram o An\u00fancio da Palavra a cada pessoa.<\/em><\/p>\n<p><em>O mundo mudou, mas nossa miss\u00e3o continua! \u00c9 hora de cuidarmos da Evangeliza\u00e7\u00e3o! Agora \u00e9 hora de participarmos do gesto concreto desta campanha: sua participa\u00e7\u00e3o e doa\u00e7\u00e3o fazem a diferen\u00e7a em 2020. Um gesto de amor que contribui diretamente na transforma\u00e7\u00e3o de muitas vidas.<\/em><\/p>\n<p><em>Venha, participe conosco e renove a alegria do Evangelho no cora\u00e7\u00e3o!<\/em><\/p>\n<p><em>Nossa gratid\u00e3o pelo seu compromisso e comunh\u00e3o com a Igreja.<\/em><\/p>\n<p><em>Que Deus aben\u00e7oe voc\u00ea, sua fam\u00edlia e comunidade.<\/em><\/p>\n<p><em>Fraternamente,<\/em><\/p>\n<p><em>Em comunh\u00e3o de ora\u00e7\u00f5es e preces,<\/em><\/p>\n<p style=\"text-align: center;\"><em>Dom Joel Portela Amado<br \/>\n<\/em><em>Secret\u00e1rio Geral da CNBB<\/em><\/p>\n<p style=\"text-align: center;\"><em>Pe. Patriky Samuel Batista<br \/>\n<\/em><em>Secret\u00e1rio Executivo do Setor Campanhas<\/em><\/p>\n<p>&nbsp;<\/p>\n<p>&nbsp;<\/p>\n","protected":false},"excerpt":{"rendered":"<p>&nbsp; No pr\u00f3ximo domingo, dia 22 de novembro, os fi\u00e9is cat\u00f3licos da Igreja do Brasil s\u00e3o convidados a fazer seu gesto concreto da campanha &#8220;\u00c9 Tempo de Cuidar da Evangeliza\u00e7\u00e3o&#8221; contribuindo com a Coleta do Bem. As doa\u00e7\u00f5es podem ser feitas de tr\u00eas maneiras: 1) Nas comunidades e par\u00f3quias nas celebra\u00e7\u00f5es do fim de semana &hellip;<\/p>\n","protected":false},"author":24,"featured_media":11596,"comment_status":"closed","ping_status":"closed","sticky":false,"template":"","format":"standard","meta":{"footnotes":""},"categories":[100],"tags":[191,700],"class_list":["post-11594","post","type-post","status-publish","format-standard","has-post-thumbnail","hentry","category-noticias-diocesanas","tag-cnbb","tag-coleta-do-bem"],"_links":{"self":[{"href":"https:\/\/dioceseteixeiradefreitas.com.br\/index.php?rest_route=\/wp\/v2\/posts\/11594","targetHints":{"allow":["GET"]}}],"collection":[{"href":"https:\/\/dioceseteixeiradefreitas.com.br\/index.php?rest_route=\/wp\/v2\/posts"}],"about":[{"href":"https:\/\/dioceseteixeiradefreitas.com.br\/index.php?rest_route=\/wp\/v2\/types\/post"}],"author":[{"embeddable":true,"href":"https:\/\/dioceseteixeiradefreitas.com.br\/index.php?rest_route=\/wp\/v2\/users\/24"}],"replies":[{"embeddable":true,"href":"https:\/\/dioceseteixeiradefreitas.com.br\/index.php?rest_route=%2Fwp%2Fv2%2Fcomments&post=11594"}],"version-history":[{"count":3,"href":"https:\/\/dioceseteixeiradefreitas.com.br\/index.php?rest_route=\/wp\/v2\/posts\/11594\/revisions"}],"predecessor-version":[{"id":11600,"href":"https:\/\/dioceseteixeiradefreitas.com.br\/index.php?rest_route=\/wp\/v2\/posts\/11594\/revisions\/11600"}],"wp:featuredmedia":[{"embeddable":true,"href":"https:\/\/dioceseteixeiradefreitas.com.br\/index.php?rest_route=\/wp\/v2\/media\/11596"}],"wp:attachment":[{"href":"https:\/\/dioceseteixeiradefreitas.com.br\/index.php?rest_route=%2Fwp%2Fv2%2Fmedia&parent=11594"}],"wp:term":[{"taxonomy":"category","embeddable":true,"href":"https:\/\/dioceseteixeiradefreitas.com.br\/index.php?rest_route=%2Fwp%2Fv2%2Fcategories&post=11594"},{"taxonomy":"post_tag","embeddable":true,"href":"https:\/\/dioceseteixeiradefreitas.com.br\/index.php?rest_route=%2Fwp%2Fv2%2Ftags&post=11594"}],"curies":[{"name":"wp","href":"https:\/\/api.w.org\/{rel}","templated":true}]}}