{"id":11632,"date":"2020-11-26T17:13:32","date_gmt":"2020-11-26T20:13:32","guid":{"rendered":"https:\/\/dioceseteixeiradefreitas.com.br\/?p=11632"},"modified":"2020-11-26T17:20:57","modified_gmt":"2020-11-26T20:20:57","slug":"encontrao-para-jovens-e-realizado-na-comunidade-sao-miguel","status":"publish","type":"post","link":"https:\/\/dioceseteixeiradefreitas.com.br\/?p=11632","title":{"rendered":"Encontr\u00e3o para Jovens \u00e9 realizado na Comunidade S\u00e3o Miguel"},"content":{"rendered":"<figure id=\"attachment_11640\" aria-describedby=\"caption-attachment-11640\" style=\"width: 1280px\" class=\"wp-caption aligncenter\"><img loading=\"lazy\" decoding=\"async\" class=\"wp-image-11640 size-full\" src=\"https:\/\/dioceseteixeiradefreitas.com.br\/wp-content\/uploads\/2020\/11\/1187f5e7-4a79-458f-8164-8c41beba4a4d.jpg\" alt=\"\" width=\"1280\" height=\"960\" srcset=\"https:\/\/dioceseteixeiradefreitas.com.br\/wp-content\/uploads\/2020\/11\/1187f5e7-4a79-458f-8164-8c41beba4a4d.jpg 1280w, https:\/\/dioceseteixeiradefreitas.com.br\/wp-content\/uploads\/2020\/11\/1187f5e7-4a79-458f-8164-8c41beba4a4d-300x225.jpg 300w, https:\/\/dioceseteixeiradefreitas.com.br\/wp-content\/uploads\/2020\/11\/1187f5e7-4a79-458f-8164-8c41beba4a4d-1024x768.jpg 1024w, https:\/\/dioceseteixeiradefreitas.com.br\/wp-content\/uploads\/2020\/11\/1187f5e7-4a79-458f-8164-8c41beba4a4d-768x576.jpg 768w, https:\/\/dioceseteixeiradefreitas.com.br\/wp-content\/uploads\/2020\/11\/1187f5e7-4a79-458f-8164-8c41beba4a4d-600x450.jpg 600w\" sizes=\"auto, (max-width: 1280px) 100vw, 1280px\" \/><figcaption id=\"caption-attachment-11640\" class=\"wp-caption-text\">Jovens participando de uma din\u00e2mica &#8211; Foto: Irm\u00e3s Servas Adoradoras da Miseric\u00f3rdia\/Reprodu\u00e7\u00e3o<\/figcaption><\/figure>\n<p>Aconteceu no dia 21 de novembro de 2020, o Encontr\u00e3o para Jovens realizado pelas Irm\u00e3s Servas Adoradoras da Miseric\u00f3rdia. O encontro teve in\u00edcio \u00e0s 14h, na Comunidade S\u00e3o Miguel (Catedral S\u00e3o Pedro).<\/p>\n<p>Dezenas de jovens presentes participaram de momentos de louvor, din\u00e2mica, ora\u00e7\u00e3o, reflex\u00e3o e adora\u00e7\u00e3o ao Sant\u00edssimo. Segundo as irm\u00e3s idealizadoras do encontro, a palavra rezada que ficou muito forte no convite a cada jovem foi &#8220;<em>Deixar a indisciplina pra melhor caminhar, para verdadeiramente voar na vontade de Deus. N\u00e3o existe santidade sem disciplina<\/em>&#8220;, Isa\u00edas 5,18.<\/p>\n<blockquote><p>&#8220;<em>Que a miseric\u00f3rdia seja glorificada por nossa linda juventude onde querem fazer a diferen\u00e7a e ser feliz \u00e9 ser de Deus<\/em>&#8221; disse uma das organizadoras.<\/p><\/blockquote>\n<p>Por Irm\u00e3s Servas Adoradoras da Miseric\u00f3rdia | Reda\u00e7\u00e3o<\/p>\n<p>[su_note note_color=&#8221;#1890f3&#8243; text_color=&#8221;#ffffff&#8221;]Confira a galeria:[\/su_note]<\/p>\n<div id='gallery-1' class='gallery galleryid-11632 gallery-columns-3 gallery-size-medium'><figure class='gallery-item'>\n\t\t\t<div class='gallery-icon landscape'>\n\t\t\t\t<a href='https:\/\/dioceseteixeiradefreitas.com.br\/wp-content\/uploads\/2020\/11\/1187f5e7-4a79-458f-8164-8c41beba4a4d.jpg'><img loading=\"lazy\" decoding=\"async\" width=\"300\" height=\"225\" src=\"https:\/\/dioceseteixeiradefreitas.com.br\/wp-content\/uploads\/2020\/11\/1187f5e7-4a79-458f-8164-8c41beba4a4d-300x225.jpg\" class=\"attachment-medium size-medium\" alt=\"\" srcset=\"https:\/\/dioceseteixeiradefreitas.com.br\/wp-content\/uploads\/2020\/11\/1187f5e7-4a79-458f-8164-8c41beba4a4d-300x225.jpg 300w, https:\/\/dioceseteixeiradefreitas.com.br\/wp-content\/uploads\/2020\/11\/1187f5e7-4a79-458f-8164-8c41beba4a4d-1024x768.jpg 1024w, https:\/\/dioceseteixeiradefreitas.com.br\/wp-content\/uploads\/2020\/11\/1187f5e7-4a79-458f-8164-8c41beba4a4d-768x576.jpg 768w, https:\/\/dioceseteixeiradefreitas.com.br\/wp-content\/uploads\/2020\/11\/1187f5e7-4a79-458f-8164-8c41beba4a4d-600x450.jpg 600w, https:\/\/dioceseteixeiradefreitas.com.br\/wp-content\/uploads\/2020\/11\/1187f5e7-4a79-458f-8164-8c41beba4a4d.jpg 1280w\" sizes=\"auto, (max-width: 300px) 100vw, 300px\" \/><\/a>\n\t\t\t<\/div><\/figure><figure class='gallery-item'>\n\t\t\t<div class='gallery-icon landscape'>\n\t\t\t\t<a href='https:\/\/dioceseteixeiradefreitas.com.br\/wp-content\/uploads\/2020\/11\/b9cff8c4-acff-413c-9e8d-16017bfa0f47.jpg'><img loading=\"lazy\" decoding=\"async\" width=\"300\" height=\"225\" src=\"https:\/\/dioceseteixeiradefreitas.com.br\/wp-content\/uploads\/2020\/11\/b9cff8c4-acff-413c-9e8d-16017bfa0f47-300x225.jpg\" class=\"attachment-medium size-medium\" alt=\"\" srcset=\"https:\/\/dioceseteixeiradefreitas.com.br\/wp-content\/uploads\/2020\/11\/b9cff8c4-acff-413c-9e8d-16017bfa0f47-300x225.jpg 300w, https:\/\/dioceseteixeiradefreitas.com.br\/wp-content\/uploads\/2020\/11\/b9cff8c4-acff-413c-9e8d-16017bfa0f47-1024x768.jpg 1024w, https:\/\/dioceseteixeiradefreitas.com.br\/wp-content\/uploads\/2020\/11\/b9cff8c4-acff-413c-9e8d-16017bfa0f47-768x576.jpg 768w, https:\/\/dioceseteixeiradefreitas.com.br\/wp-content\/uploads\/2020\/11\/b9cff8c4-acff-413c-9e8d-16017bfa0f47-600x450.jpg 600w, https:\/\/dioceseteixeiradefreitas.com.br\/wp-content\/uploads\/2020\/11\/b9cff8c4-acff-413c-9e8d-16017bfa0f47.jpg 1280w\" sizes=\"auto, (max-width: 300px) 100vw, 300px\" \/><\/a>\n\t\t\t<\/div><\/figure><figure class='gallery-item'>\n\t\t\t<div class='gallery-icon portrait'>\n\t\t\t\t<a href='https:\/\/dioceseteixeiradefreitas.com.br\/wp-content\/uploads\/2020\/11\/da23cfea-fded-403b-89a2-2f4c6453b23d.jpg'><img loading=\"lazy\" decoding=\"async\" width=\"225\" height=\"300\" src=\"https:\/\/dioceseteixeiradefreitas.com.br\/wp-content\/uploads\/2020\/11\/da23cfea-fded-403b-89a2-2f4c6453b23d-225x300.jpg\" class=\"attachment-medium size-medium\" alt=\"\" srcset=\"https:\/\/dioceseteixeiradefreitas.com.br\/wp-content\/uploads\/2020\/11\/da23cfea-fded-403b-89a2-2f4c6453b23d-225x300.jpg 225w, https:\/\/dioceseteixeiradefreitas.com.br\/wp-content\/uploads\/2020\/11\/da23cfea-fded-403b-89a2-2f4c6453b23d-768x1024.jpg 768w, https:\/\/dioceseteixeiradefreitas.com.br\/wp-content\/uploads\/2020\/11\/da23cfea-fded-403b-89a2-2f4c6453b23d-600x800.jpg 600w, https:\/\/dioceseteixeiradefreitas.com.br\/wp-content\/uploads\/2020\/11\/da23cfea-fded-403b-89a2-2f4c6453b23d.jpg 960w\" sizes=\"auto, (max-width: 225px) 100vw, 225px\" \/><\/a>\n\t\t\t<\/div><\/figure><figure class='gallery-item'>\n\t\t\t<div class='gallery-icon landscape'>\n\t\t\t\t<a href='https:\/\/dioceseteixeiradefreitas.com.br\/wp-content\/uploads\/2020\/11\/dfbd18c1-fecb-465a-9994-42cb08f374e3.jpg'><img loading=\"lazy\" decoding=\"async\" width=\"300\" height=\"225\" src=\"https:\/\/dioceseteixeiradefreitas.com.br\/wp-content\/uploads\/2020\/11\/dfbd18c1-fecb-465a-9994-42cb08f374e3-300x225.jpg\" class=\"attachment-medium size-medium\" alt=\"\" srcset=\"https:\/\/dioceseteixeiradefreitas.com.br\/wp-content\/uploads\/2020\/11\/dfbd18c1-fecb-465a-9994-42cb08f374e3-300x225.jpg 300w, https:\/\/dioceseteixeiradefreitas.com.br\/wp-content\/uploads\/2020\/11\/dfbd18c1-fecb-465a-9994-42cb08f374e3-1024x768.jpg 1024w, https:\/\/dioceseteixeiradefreitas.com.br\/wp-content\/uploads\/2020\/11\/dfbd18c1-fecb-465a-9994-42cb08f374e3-768x576.jpg 768w, https:\/\/dioceseteixeiradefreitas.com.br\/wp-content\/uploads\/2020\/11\/dfbd18c1-fecb-465a-9994-42cb08f374e3-600x450.jpg 600w, https:\/\/dioceseteixeiradefreitas.com.br\/wp-content\/uploads\/2020\/11\/dfbd18c1-fecb-465a-9994-42cb08f374e3.jpg 1280w\" sizes=\"auto, (max-width: 300px) 100vw, 300px\" \/><\/a>\n\t\t\t<\/div><\/figure><figure class='gallery-item'>\n\t\t\t<div class='gallery-icon landscape'>\n\t\t\t\t<a href='https:\/\/dioceseteixeiradefreitas.com.br\/wp-content\/uploads\/2020\/11\/f94e561e-e1f8-4dfd-be1c-bbaa2aeab9e0.jpg'><img loading=\"lazy\" decoding=\"async\" width=\"300\" height=\"225\" src=\"https:\/\/dioceseteixeiradefreitas.com.br\/wp-content\/uploads\/2020\/11\/f94e561e-e1f8-4dfd-be1c-bbaa2aeab9e0-300x225.jpg\" class=\"attachment-medium size-medium\" alt=\"\" srcset=\"https:\/\/dioceseteixeiradefreitas.com.br\/wp-content\/uploads\/2020\/11\/f94e561e-e1f8-4dfd-be1c-bbaa2aeab9e0-300x225.jpg 300w, https:\/\/dioceseteixeiradefreitas.com.br\/wp-content\/uploads\/2020\/11\/f94e561e-e1f8-4dfd-be1c-bbaa2aeab9e0-1024x768.jpg 1024w, https:\/\/dioceseteixeiradefreitas.com.br\/wp-content\/uploads\/2020\/11\/f94e561e-e1f8-4dfd-be1c-bbaa2aeab9e0-768x576.jpg 768w, https:\/\/dioceseteixeiradefreitas.com.br\/wp-content\/uploads\/2020\/11\/f94e561e-e1f8-4dfd-be1c-bbaa2aeab9e0-600x450.jpg 600w, https:\/\/dioceseteixeiradefreitas.com.br\/wp-content\/uploads\/2020\/11\/f94e561e-e1f8-4dfd-be1c-bbaa2aeab9e0.jpg 1280w\" sizes=\"auto, (max-width: 300px) 100vw, 300px\" \/><\/a>\n\t\t\t<\/div><\/figure><figure class='gallery-item'>\n\t\t\t<div class='gallery-icon portrait'>\n\t\t\t\t<a href='https:\/\/dioceseteixeiradefreitas.com.br\/wp-content\/uploads\/2020\/11\/fdf0d8a6-9628-4633-8a09-abcbd3a586e8.jpg'><img loading=\"lazy\" decoding=\"async\" width=\"225\" height=\"300\" src=\"https:\/\/dioceseteixeiradefreitas.com.br\/wp-content\/uploads\/2020\/11\/fdf0d8a6-9628-4633-8a09-abcbd3a586e8-225x300.jpg\" class=\"attachment-medium size-medium\" alt=\"\" srcset=\"https:\/\/dioceseteixeiradefreitas.com.br\/wp-content\/uploads\/2020\/11\/fdf0d8a6-9628-4633-8a09-abcbd3a586e8-225x300.jpg 225w, https:\/\/dioceseteixeiradefreitas.com.br\/wp-content\/uploads\/2020\/11\/fdf0d8a6-9628-4633-8a09-abcbd3a586e8-768x1024.jpg 768w, https:\/\/dioceseteixeiradefreitas.com.br\/wp-content\/uploads\/2020\/11\/fdf0d8a6-9628-4633-8a09-abcbd3a586e8-600x800.jpg 600w, https:\/\/dioceseteixeiradefreitas.com.br\/wp-content\/uploads\/2020\/11\/fdf0d8a6-9628-4633-8a09-abcbd3a586e8.jpg 960w\" sizes=\"auto, (max-width: 225px) 100vw, 225px\" \/><\/a>\n\t\t\t<\/div><\/figure><figure class='gallery-item'>\n\t\t\t<div class='gallery-icon landscape'>\n\t\t\t\t<a href='https:\/\/dioceseteixeiradefreitas.com.br\/wp-content\/uploads\/2020\/11\/ffec8550-41e1-48c6-9a99-6a6367e6435c.jpg'><img loading=\"lazy\" decoding=\"async\" width=\"300\" height=\"225\" src=\"https:\/\/dioceseteixeiradefreitas.com.br\/wp-content\/uploads\/2020\/11\/ffec8550-41e1-48c6-9a99-6a6367e6435c-300x225.jpg\" class=\"attachment-medium size-medium\" alt=\"\" srcset=\"https:\/\/dioceseteixeiradefreitas.com.br\/wp-content\/uploads\/2020\/11\/ffec8550-41e1-48c6-9a99-6a6367e6435c-300x225.jpg 300w, https:\/\/dioceseteixeiradefreitas.com.br\/wp-content\/uploads\/2020\/11\/ffec8550-41e1-48c6-9a99-6a6367e6435c-1024x768.jpg 1024w, https:\/\/dioceseteixeiradefreitas.com.br\/wp-content\/uploads\/2020\/11\/ffec8550-41e1-48c6-9a99-6a6367e6435c-768x576.jpg 768w, https:\/\/dioceseteixeiradefreitas.com.br\/wp-content\/uploads\/2020\/11\/ffec8550-41e1-48c6-9a99-6a6367e6435c-600x450.jpg 600w, https:\/\/dioceseteixeiradefreitas.com.br\/wp-content\/uploads\/2020\/11\/ffec8550-41e1-48c6-9a99-6a6367e6435c.jpg 1280w\" sizes=\"auto, (max-width: 300px) 100vw, 300px\" \/><\/a>\n\t\t\t<\/div><\/figure><figure class='gallery-item'>\n\t\t\t<div class='gallery-icon landscape'>\n\t\t\t\t<a href='https:\/\/dioceseteixeiradefreitas.com.br\/wp-content\/uploads\/2020\/11\/4d3af04b-e443-4ad4-9a94-665010c01c81.jpg'><img loading=\"lazy\" decoding=\"async\" width=\"300\" height=\"225\" src=\"https:\/\/dioceseteixeiradefreitas.com.br\/wp-content\/uploads\/2020\/11\/4d3af04b-e443-4ad4-9a94-665010c01c81-300x225.jpg\" class=\"attachment-medium size-medium\" alt=\"\" srcset=\"https:\/\/dioceseteixeiradefreitas.com.br\/wp-content\/uploads\/2020\/11\/4d3af04b-e443-4ad4-9a94-665010c01c81-300x225.jpg 300w, https:\/\/dioceseteixeiradefreitas.com.br\/wp-content\/uploads\/2020\/11\/4d3af04b-e443-4ad4-9a94-665010c01c81-1024x768.jpg 1024w, https:\/\/dioceseteixeiradefreitas.com.br\/wp-content\/uploads\/2020\/11\/4d3af04b-e443-4ad4-9a94-665010c01c81-768x576.jpg 768w, https:\/\/dioceseteixeiradefreitas.com.br\/wp-content\/uploads\/2020\/11\/4d3af04b-e443-4ad4-9a94-665010c01c81-600x450.jpg 600w, https:\/\/dioceseteixeiradefreitas.com.br\/wp-content\/uploads\/2020\/11\/4d3af04b-e443-4ad4-9a94-665010c01c81.jpg 1280w\" sizes=\"auto, (max-width: 300px) 100vw, 300px\" \/><\/a>\n\t\t\t<\/div><\/figure><figure class='gallery-item'>\n\t\t\t<div class='gallery-icon landscape'>\n\t\t\t\t<a href='https:\/\/dioceseteixeiradefreitas.com.br\/wp-content\/uploads\/2020\/11\/e2148f18-4fc6-4ede-b230-2ce897164e39.jpg'><img loading=\"lazy\" decoding=\"async\" width=\"300\" height=\"225\" src=\"https:\/\/dioceseteixeiradefreitas.com.br\/wp-content\/uploads\/2020\/11\/e2148f18-4fc6-4ede-b230-2ce897164e39-300x225.jpg\" class=\"attachment-medium size-medium\" alt=\"\" srcset=\"https:\/\/dioceseteixeiradefreitas.com.br\/wp-content\/uploads\/2020\/11\/e2148f18-4fc6-4ede-b230-2ce897164e39-300x225.jpg 300w, https:\/\/dioceseteixeiradefreitas.com.br\/wp-content\/uploads\/2020\/11\/e2148f18-4fc6-4ede-b230-2ce897164e39-1024x768.jpg 1024w, https:\/\/dioceseteixeiradefreitas.com.br\/wp-content\/uploads\/2020\/11\/e2148f18-4fc6-4ede-b230-2ce897164e39-768x576.jpg 768w, https:\/\/dioceseteixeiradefreitas.com.br\/wp-content\/uploads\/2020\/11\/e2148f18-4fc6-4ede-b230-2ce897164e39-600x450.jpg 600w, https:\/\/dioceseteixeiradefreitas.com.br\/wp-content\/uploads\/2020\/11\/e2148f18-4fc6-4ede-b230-2ce897164e39.jpg 1280w\" sizes=\"auto, (max-width: 300px) 100vw, 300px\" \/><\/a>\n\t\t\t<\/div><\/figure><figure class='gallery-item'>\n\t\t\t<div class='gallery-icon landscape'>\n\t\t\t\t<a href='https:\/\/dioceseteixeiradefreitas.com.br\/wp-content\/uploads\/2020\/11\/fbf84808-5dd9-4dbb-9d4a-e2e2eceedb5f.jpg'><img loading=\"lazy\" decoding=\"async\" width=\"300\" height=\"225\" src=\"https:\/\/dioceseteixeiradefreitas.com.br\/wp-content\/uploads\/2020\/11\/fbf84808-5dd9-4dbb-9d4a-e2e2eceedb5f-300x225.jpg\" class=\"attachment-medium size-medium\" alt=\"\" srcset=\"https:\/\/dioceseteixeiradefreitas.com.br\/wp-content\/uploads\/2020\/11\/fbf84808-5dd9-4dbb-9d4a-e2e2eceedb5f-300x225.jpg 300w, https:\/\/dioceseteixeiradefreitas.com.br\/wp-content\/uploads\/2020\/11\/fbf84808-5dd9-4dbb-9d4a-e2e2eceedb5f-1024x768.jpg 1024w, https:\/\/dioceseteixeiradefreitas.com.br\/wp-content\/uploads\/2020\/11\/fbf84808-5dd9-4dbb-9d4a-e2e2eceedb5f-768x576.jpg 768w, https:\/\/dioceseteixeiradefreitas.com.br\/wp-content\/uploads\/2020\/11\/fbf84808-5dd9-4dbb-9d4a-e2e2eceedb5f-600x450.jpg 600w, https:\/\/dioceseteixeiradefreitas.com.br\/wp-content\/uploads\/2020\/11\/fbf84808-5dd9-4dbb-9d4a-e2e2eceedb5f.jpg 1280w\" sizes=\"auto, (max-width: 300px) 100vw, 300px\" \/><\/a>\n\t\t\t<\/div><\/figure><figure class='gallery-item'>\n\t\t\t<div class='gallery-icon portrait'>\n\t\t\t\t<a href='https:\/\/dioceseteixeiradefreitas.com.br\/wp-content\/uploads\/2020\/11\/0304b32d-4fa7-4e7c-8a4b-9d16f0f754ee.jpg'><img loading=\"lazy\" decoding=\"async\" width=\"225\" height=\"300\" src=\"https:\/\/dioceseteixeiradefreitas.com.br\/wp-content\/uploads\/2020\/11\/0304b32d-4fa7-4e7c-8a4b-9d16f0f754ee-225x300.jpg\" class=\"attachment-medium size-medium\" alt=\"\" srcset=\"https:\/\/dioceseteixeiradefreitas.com.br\/wp-content\/uploads\/2020\/11\/0304b32d-4fa7-4e7c-8a4b-9d16f0f754ee-225x300.jpg 225w, https:\/\/dioceseteixeiradefreitas.com.br\/wp-content\/uploads\/2020\/11\/0304b32d-4fa7-4e7c-8a4b-9d16f0f754ee-768x1024.jpg 768w, https:\/\/dioceseteixeiradefreitas.com.br\/wp-content\/uploads\/2020\/11\/0304b32d-4fa7-4e7c-8a4b-9d16f0f754ee-600x800.jpg 600w, https:\/\/dioceseteixeiradefreitas.com.br\/wp-content\/uploads\/2020\/11\/0304b32d-4fa7-4e7c-8a4b-9d16f0f754ee.jpg 960w\" sizes=\"auto, (max-width: 225px) 100vw, 225px\" \/><\/a>\n\t\t\t<\/div><\/figure>\n\t\t<\/div>\n\n","protected":false},"excerpt":{"rendered":"<p>Aconteceu no dia 21 de novembro de 2020, o Encontr\u00e3o para Jovens realizado pelas Irm\u00e3s Servas Adoradoras da Miseric\u00f3rdia. O encontro teve in\u00edcio \u00e0s 14h, na Comunidade S\u00e3o Miguel (Catedral S\u00e3o Pedro). Dezenas de jovens presentes participaram de momentos de louvor, din\u00e2mica, ora\u00e7\u00e3o, reflex\u00e3o e adora\u00e7\u00e3o ao Sant\u00edssimo. Segundo as irm\u00e3s idealizadoras do encontro, a &hellip;<\/p>\n","protected":false},"author":1,"featured_media":11640,"comment_status":"closed","ping_status":"closed","sticky":false,"template":"","format":"standard","meta":{"footnotes":""},"categories":[310],"tags":[59,699,57,704,365],"class_list":["post-11632","post","type-post","status-publish","format-standard","has-post-thumbnail","hentry","category-noticias-paroquiais","tag-catedral-sao-pedro","tag-comunidade-sao-miguel","tag-forania-sao-pedro","tag-irmas-servas-adoradoras-da-misericordia","tag-teixeira-de-freitas"],"_links":{"self":[{"href":"https:\/\/dioceseteixeiradefreitas.com.br\/index.php?rest_route=\/wp\/v2\/posts\/11632","targetHints":{"allow":["GET"]}}],"collection":[{"href":"https:\/\/dioceseteixeiradefreitas.com.br\/index.php?rest_route=\/wp\/v2\/posts"}],"about":[{"href":"https:\/\/dioceseteixeiradefreitas.com.br\/index.php?rest_route=\/wp\/v2\/types\/post"}],"author":[{"embeddable":true,"href":"https:\/\/dioceseteixeiradefreitas.com.br\/index.php?rest_route=\/wp\/v2\/users\/1"}],"replies":[{"embeddable":true,"href":"https:\/\/dioceseteixeiradefreitas.com.br\/index.php?rest_route=%2Fwp%2Fv2%2Fcomments&post=11632"}],"version-history":[{"count":6,"href":"https:\/\/dioceseteixeiradefreitas.com.br\/index.php?rest_route=\/wp\/v2\/posts\/11632\/revisions"}],"predecessor-version":[{"id":11653,"href":"https:\/\/dioceseteixeiradefreitas.com.br\/index.php?rest_route=\/wp\/v2\/posts\/11632\/revisions\/11653"}],"wp:featuredmedia":[{"embeddable":true,"href":"https:\/\/dioceseteixeiradefreitas.com.br\/index.php?rest_route=\/wp\/v2\/media\/11640"}],"wp:attachment":[{"href":"https:\/\/dioceseteixeiradefreitas.com.br\/index.php?rest_route=%2Fwp%2Fv2%2Fmedia&parent=11632"}],"wp:term":[{"taxonomy":"category","embeddable":true,"href":"https:\/\/dioceseteixeiradefreitas.com.br\/index.php?rest_route=%2Fwp%2Fv2%2Fcategories&post=11632"},{"taxonomy":"post_tag","embeddable":true,"href":"https:\/\/dioceseteixeiradefreitas.com.br\/index.php?rest_route=%2Fwp%2Fv2%2Ftags&post=11632"}],"curies":[{"name":"wp","href":"https:\/\/api.w.org\/{rel}","templated":true}]}}