{"id":11635,"date":"2020-11-26T08:46:04","date_gmt":"2020-11-26T11:46:04","guid":{"rendered":"https:\/\/dioceseteixeiradefreitas.com.br\/?p=11635"},"modified":"2020-11-26T08:46:04","modified_gmt":"2020-11-26T11:46:04","slug":"em-mensagem-ao-povo-de-deus-cnbb-reforca-a-esperanca-a-caridade-e-missao-da-igreja-no-brasil-no-contexto-da-pandemia","status":"publish","type":"post","link":"https:\/\/dioceseteixeiradefreitas.com.br\/?p=11635","title":{"rendered":"Em mensagem ao povo de Deus, CNBB refor\u00e7a a Esperan\u00e7a, a Caridade e Miss\u00e3o da Igreja no Brasil no contexto da Pandemia"},"content":{"rendered":"<figure id=\"attachment_11636\" aria-describedby=\"caption-attachment-11636\" style=\"width: 747px\" class=\"wp-caption aligncenter\"><img loading=\"lazy\" decoding=\"async\" class=\"size-full wp-image-11636\" src=\"https:\/\/dioceseteixeiradefreitas.com.br\/wp-content\/uploads\/2020\/11\/Mensagem-ao-Povo-Brasileiro-em-tempo-de-pandemia-oyydp7xl4hxf2o67x2mb15zkh9tkitzgpn296degs8.jpg\" alt=\"\" width=\"747\" height=\"428\" srcset=\"https:\/\/dioceseteixeiradefreitas.com.br\/wp-content\/uploads\/2020\/11\/Mensagem-ao-Povo-Brasileiro-em-tempo-de-pandemia-oyydp7xl4hxf2o67x2mb15zkh9tkitzgpn296degs8.jpg 747w, https:\/\/dioceseteixeiradefreitas.com.br\/wp-content\/uploads\/2020\/11\/Mensagem-ao-Povo-Brasileiro-em-tempo-de-pandemia-oyydp7xl4hxf2o67x2mb15zkh9tkitzgpn296degs8-300x172.jpg 300w, https:\/\/dioceseteixeiradefreitas.com.br\/wp-content\/uploads\/2020\/11\/Mensagem-ao-Povo-Brasileiro-em-tempo-de-pandemia-oyydp7xl4hxf2o67x2mb15zkh9tkitzgpn296degs8-600x344.jpg 600w\" sizes=\"auto, (max-width: 747px) 100vw, 747px\" \/><figcaption id=\"caption-attachment-11636\" class=\"wp-caption-text\">Mensagem ao povo brasileiro em tempo de pandemia &#8211; Imagem: CNBB\/Reprodu\u00e7\u00e3o<\/figcaption><\/figure>\n<p>A Confer\u00eancia Nacional dos Bispos do Brasil (CNBB) emitiu, como resultado da reuni\u00e3o realizada nesta quarta-feira, 25 de novembro, uma Mensagem ao Povo Brasileiro em tempo de pandemia. O documento foi referendado pelos mais de 200 bispos, num total de 297 pessoas, compreendendo assessores das comiss\u00f5es episcopais e representantes de pastorais e organismos vinculados \u00e0 CNBB que participaram da reuni\u00e3o.<\/p>\n<p>A mensagem busca refletir sobre a presen\u00e7a e miss\u00e3o da Igreja na realidade brasileira e expressar uma mensagem de esperan\u00e7a e proximidade no contexto do novo Coronav\u00edrus. O documento destaca ainda que a Igreja no Brasil \u00e9 impelida a perseverar na caridade, dando continuidade, nas par\u00f3quias, comunidades eclesiais mission\u00e1rias e institui\u00e7\u00f5es religiosas de todo pa\u00eds, das redes de solidariedade em defesa da vida que se multiplicaram-se neste ano em raz\u00e3o da pandemia.<\/p>\n<h3 style=\"text-align: center;\">Confira, a seguir em formato pdf, a \u00edntegra da mensagem: <a href=\"https:\/\/dioceseteixeiradefreitas.com.br\/wp-content\/uploads\/2020\/11\/046620-Mensagem-ao-Povo-Brasileiro-em-tempo-de-pandemia.pdf\" target=\"_blank\" rel=\"noopener noreferrer\"><span style=\"color: #0000ff;\">AQUI<\/span><\/a><\/h3>\n<p>&nbsp;<\/p>\n","protected":false},"excerpt":{"rendered":"<p>A Confer\u00eancia Nacional dos Bispos do Brasil (CNBB) emitiu, como resultado da reuni\u00e3o realizada nesta quarta-feira, 25 de novembro, uma Mensagem ao Povo Brasileiro em tempo de pandemia. O documento foi referendado pelos mais de 200 bispos, num total de 297 pessoas, compreendendo assessores das comiss\u00f5es episcopais e representantes de pastorais e organismos vinculados \u00e0 &hellip;<\/p>\n","protected":false},"author":1,"featured_media":11636,"comment_status":"closed","ping_status":"closed","sticky":false,"template":"","format":"standard","meta":{"footnotes":""},"categories":[104],"tags":[706,191,705,511],"class_list":["post-11635","post","type-post","status-publish","format-standard","has-post-thumbnail","hentry","category-noticias-da-cnbb","tag-bispos-do-brasil","tag-cnbb","tag-mensagem-ao-povo-brasileiro","tag-pandemia"],"_links":{"self":[{"href":"https:\/\/dioceseteixeiradefreitas.com.br\/index.php?rest_route=\/wp\/v2\/posts\/11635","targetHints":{"allow":["GET"]}}],"collection":[{"href":"https:\/\/dioceseteixeiradefreitas.com.br\/index.php?rest_route=\/wp\/v2\/posts"}],"about":[{"href":"https:\/\/dioceseteixeiradefreitas.com.br\/index.php?rest_route=\/wp\/v2\/types\/post"}],"author":[{"embeddable":true,"href":"https:\/\/dioceseteixeiradefreitas.com.br\/index.php?rest_route=\/wp\/v2\/users\/1"}],"replies":[{"embeddable":true,"href":"https:\/\/dioceseteixeiradefreitas.com.br\/index.php?rest_route=%2Fwp%2Fv2%2Fcomments&post=11635"}],"version-history":[{"count":1,"href":"https:\/\/dioceseteixeiradefreitas.com.br\/index.php?rest_route=\/wp\/v2\/posts\/11635\/revisions"}],"predecessor-version":[{"id":11638,"href":"https:\/\/dioceseteixeiradefreitas.com.br\/index.php?rest_route=\/wp\/v2\/posts\/11635\/revisions\/11638"}],"wp:featuredmedia":[{"embeddable":true,"href":"https:\/\/dioceseteixeiradefreitas.com.br\/index.php?rest_route=\/wp\/v2\/media\/11636"}],"wp:attachment":[{"href":"https:\/\/dioceseteixeiradefreitas.com.br\/index.php?rest_route=%2Fwp%2Fv2%2Fmedia&parent=11635"}],"wp:term":[{"taxonomy":"category","embeddable":true,"href":"https:\/\/dioceseteixeiradefreitas.com.br\/index.php?rest_route=%2Fwp%2Fv2%2Fcategories&post=11635"},{"taxonomy":"post_tag","embeddable":true,"href":"https:\/\/dioceseteixeiradefreitas.com.br\/index.php?rest_route=%2Fwp%2Fv2%2Ftags&post=11635"}],"curies":[{"name":"wp","href":"https:\/\/api.w.org\/{rel}","templated":true}]}}