{"id":11720,"date":"2021-05-31T17:08:15","date_gmt":"2021-05-31T20:08:15","guid":{"rendered":"https:\/\/dioceseteixeiradefreitas.com.br\/?p=11720"},"modified":"2021-06-01T22:14:42","modified_gmt":"2021-06-02T01:14:42","slug":"diocese-divulga-oracao-em-preparacao-para-o-jubileu-de-diamante","status":"publish","type":"post","link":"https:\/\/dioceseteixeiradefreitas.com.br\/?p=11720","title":{"rendered":"Diocese divulga Ora\u00e7\u00e3o em prepara\u00e7\u00e3o ao Jubileu de Diamante"},"content":{"rendered":"\r\n<p>A Diocese de Teixeira de Freitas\/Caravelas, em prepara\u00e7\u00e3o para as comemora\u00e7\u00f5es de seus 60 anos de cria\u00e7\u00e3o, apresenta a todos os irm\u00e3os e irm\u00e3s a ora\u00e7\u00e3o oficial do Jubileu de Diamante, que dever\u00e1 ser utilizada nas celebra\u00e7\u00f5es durante todo o Ano Jubilar.<br \/><br \/><strong>Confira a ora\u00e7\u00e3o na \u00edntegra:<\/strong><\/p>\r\n<p><img loading=\"lazy\" decoding=\"async\" class=\"aligncenter wp-image-13448 size-full\" src=\"https:\/\/dioceseteixeiradefreitas.com.br\/wp-content\/uploads\/2021\/05\/ORA\u00c7\u00c3O-DO-JUBILEU.png\" alt=\"\" width=\"1582\" height=\"1185\" srcset=\"https:\/\/dioceseteixeiradefreitas.com.br\/wp-content\/uploads\/2021\/05\/ORA\u00c7\u00c3O-DO-JUBILEU.png 1582w, https:\/\/dioceseteixeiradefreitas.com.br\/wp-content\/uploads\/2021\/05\/ORA\u00c7\u00c3O-DO-JUBILEU-300x225.png 300w, https:\/\/dioceseteixeiradefreitas.com.br\/wp-content\/uploads\/2021\/05\/ORA\u00c7\u00c3O-DO-JUBILEU-1024x767.png 1024w, https:\/\/dioceseteixeiradefreitas.com.br\/wp-content\/uploads\/2021\/05\/ORA\u00c7\u00c3O-DO-JUBILEU-768x575.png 768w, https:\/\/dioceseteixeiradefreitas.com.br\/wp-content\/uploads\/2021\/05\/ORA\u00c7\u00c3O-DO-JUBILEU-1536x1151.png 1536w, https:\/\/dioceseteixeiradefreitas.com.br\/wp-content\/uploads\/2021\/05\/ORA\u00c7\u00c3O-DO-JUBILEU-600x449.png 600w\" sizes=\"auto, (max-width: 1582px) 100vw, 1582px\" \/><br \/>Fa\u00e7a o <strong>Download<\/strong> da Ora\u00e7\u00e3o do Jubileu <strong><a href=\"https:\/\/dioceseteixeiradefreitas.com.br\/wp-content\/uploads\/2021\/05\/Ora\u00e7\u00e3o-do-Jubileu.pdf\" target=\"_blank\" rel=\"noopener noreferrer\">(AQUI)<\/a><\/strong><\/p>\r\n","protected":false},"excerpt":{"rendered":"<p>A Diocese de Teixeira de Freitas\/Caravelas, em prepara\u00e7\u00e3o para as comemora\u00e7\u00f5es de seus 60 anos de cria\u00e7\u00e3o, apresenta a todos os irm\u00e3os e irm\u00e3s a ora\u00e7\u00e3o oficial do Jubileu de Diamante, que dever\u00e1 ser utilizada nas celebra\u00e7\u00f5es durante todo o Ano Jubilar.Confira a ora\u00e7\u00e3o na \u00edntegra: Fa\u00e7a o Download da Ora\u00e7\u00e3o do Jubileu (AQUI)<\/p>\n","protected":false},"author":1,"featured_media":13448,"comment_status":"closed","ping_status":"closed","sticky":false,"template":"","format":"standard","meta":{"footnotes":""},"categories":[100],"tags":[451,806,771,863],"class_list":["post-11720","post","type-post","status-publish","format-standard","has-post-thumbnail","hentry","category-noticias-diocesanas","tag-diocese-de-teixeira-de-freitas-caravelas","tag-jubileu-dos-60-anos-da-diocese","tag-oracao","tag-oracao-do-jubileu"],"_links":{"self":[{"href":"https:\/\/dioceseteixeiradefreitas.com.br\/index.php?rest_route=\/wp\/v2\/posts\/11720","targetHints":{"allow":["GET"]}}],"collection":[{"href":"https:\/\/dioceseteixeiradefreitas.com.br\/index.php?rest_route=\/wp\/v2\/posts"}],"about":[{"href":"https:\/\/dioceseteixeiradefreitas.com.br\/index.php?rest_route=\/wp\/v2\/types\/post"}],"author":[{"embeddable":true,"href":"https:\/\/dioceseteixeiradefreitas.com.br\/index.php?rest_route=\/wp\/v2\/users\/1"}],"replies":[{"embeddable":true,"href":"https:\/\/dioceseteixeiradefreitas.com.br\/index.php?rest_route=%2Fwp%2Fv2%2Fcomments&post=11720"}],"version-history":[{"count":7,"href":"https:\/\/dioceseteixeiradefreitas.com.br\/index.php?rest_route=\/wp\/v2\/posts\/11720\/revisions"}],"predecessor-version":[{"id":13466,"href":"https:\/\/dioceseteixeiradefreitas.com.br\/index.php?rest_route=\/wp\/v2\/posts\/11720\/revisions\/13466"}],"wp:featuredmedia":[{"embeddable":true,"href":"https:\/\/dioceseteixeiradefreitas.com.br\/index.php?rest_route=\/wp\/v2\/media\/13448"}],"wp:attachment":[{"href":"https:\/\/dioceseteixeiradefreitas.com.br\/index.php?rest_route=%2Fwp%2Fv2%2Fmedia&parent=11720"}],"wp:term":[{"taxonomy":"category","embeddable":true,"href":"https:\/\/dioceseteixeiradefreitas.com.br\/index.php?rest_route=%2Fwp%2Fv2%2Fcategories&post=11720"},{"taxonomy":"post_tag","embeddable":true,"href":"https:\/\/dioceseteixeiradefreitas.com.br\/index.php?rest_route=%2Fwp%2Fv2%2Ftags&post=11720"}],"curies":[{"name":"wp","href":"https:\/\/api.w.org\/{rel}","templated":true}]}}