{"id":11721,"date":"2020-12-11T11:15:23","date_gmt":"2020-12-11T14:15:23","guid":{"rendered":"https:\/\/dioceseteixeiradefreitas.com.br\/?p=11721"},"modified":"2020-12-11T22:22:28","modified_gmt":"2020-12-12T01:22:28","slug":"catedral-sao-pedro-realizara-no-dia-12-de-dezembro-cantata-de-natal","status":"publish","type":"post","link":"https:\/\/dioceseteixeiradefreitas.com.br\/?p=11721","title":{"rendered":"Catedral S\u00e3o Pedro realizar\u00e1 no dia 12 de dezembro, Cantata de Natal"},"content":{"rendered":"<p><img loading=\"lazy\" decoding=\"async\" class=\"aligncenter size-full wp-image-11722\" src=\"https:\/\/dioceseteixeiradefreitas.com.br\/wp-content\/uploads\/2020\/12\/c42cd208-8c2f-49e8-b0da-753f20bcd2e3.jpg\" alt=\"\" width=\"1241\" height=\"1249\" srcset=\"https:\/\/dioceseteixeiradefreitas.com.br\/wp-content\/uploads\/2020\/12\/c42cd208-8c2f-49e8-b0da-753f20bcd2e3.jpg 1241w, https:\/\/dioceseteixeiradefreitas.com.br\/wp-content\/uploads\/2020\/12\/c42cd208-8c2f-49e8-b0da-753f20bcd2e3-298x300.jpg 298w, https:\/\/dioceseteixeiradefreitas.com.br\/wp-content\/uploads\/2020\/12\/c42cd208-8c2f-49e8-b0da-753f20bcd2e3-1017x1024.jpg 1017w, https:\/\/dioceseteixeiradefreitas.com.br\/wp-content\/uploads\/2020\/12\/c42cd208-8c2f-49e8-b0da-753f20bcd2e3-150x150.jpg 150w, https:\/\/dioceseteixeiradefreitas.com.br\/wp-content\/uploads\/2020\/12\/c42cd208-8c2f-49e8-b0da-753f20bcd2e3-768x773.jpg 768w, https:\/\/dioceseteixeiradefreitas.com.br\/wp-content\/uploads\/2020\/12\/c42cd208-8c2f-49e8-b0da-753f20bcd2e3-600x604.jpg 600w, https:\/\/dioceseteixeiradefreitas.com.br\/wp-content\/uploads\/2020\/12\/c42cd208-8c2f-49e8-b0da-753f20bcd2e3-100x100.jpg 100w\" sizes=\"auto, (max-width: 1241px) 100vw, 1241px\" \/><\/p>\n<p>A Catedral S\u00e3o Pedro de Teixeira de Freitas realizar\u00e1 no s\u00e1bado, 12 de dezembro, a partir das 20h, uma Cantata de Natal. A apresenta\u00e7\u00e3o n\u00e3o ser\u00e1 aberta ao p\u00fablico, entretanto os fi\u00e9is poder\u00e3o acompanhar pelas redes sociais <a href=\"https:\/\/www.facebook.com\/catedralsaopedro\">da par\u00f3quia<\/a> e da Diocese.<\/p>\n<p>A cantata de Natal \u00e9 uma hist\u00f3ria contada do nascimento de Jesus Cristo por meio dos cantos recitados e refr\u00e3os com um coral de m\u00fasica.<\/p>\n<p>[su_note note_color=&#8221;#f3d318&#8243; text_color=&#8221;#ffffff&#8221;]Assista clicando no link abaixo:[\/su_note]<\/p>\n<p><iframe loading=\"lazy\" title=\"LIVE CANTATA DE NATAL - CATEDRAL S\u00c3O PEDRO\" width=\"500\" height=\"281\" src=\"https:\/\/www.youtube.com\/embed\/lq7Udv3-kMI?feature=oembed\" frameborder=\"0\" allow=\"accelerometer; autoplay; clipboard-write; encrypted-media; gyroscope; picture-in-picture; web-share\" referrerpolicy=\"strict-origin-when-cross-origin\" allowfullscreen><\/iframe><\/p>\n<p>&nbsp;<\/p>\n","protected":false},"excerpt":{"rendered":"<p>A Catedral S\u00e3o Pedro de Teixeira de Freitas realizar\u00e1 no s\u00e1bado, 12 de dezembro, a partir das 20h, uma Cantata de Natal. A apresenta\u00e7\u00e3o n\u00e3o ser\u00e1 aberta ao p\u00fablico, entretanto os fi\u00e9is poder\u00e3o acompanhar pelas redes sociais da par\u00f3quia e da Diocese. A cantata de Natal \u00e9 uma hist\u00f3ria contada do nascimento de Jesus Cristo &hellip;<\/p>\n","protected":false},"author":1,"featured_media":11722,"comment_status":"closed","ping_status":"closed","sticky":false,"template":"","format":"standard","meta":{"footnotes":""},"categories":[310],"tags":[721,59,57,722,365],"class_list":["post-11721","post","type-post","status-publish","format-standard","has-post-thumbnail","hentry","category-noticias-paroquiais","tag-cantata-de-natal","tag-catedral-sao-pedro","tag-forania-sao-pedro","tag-natal","tag-teixeira-de-freitas"],"_links":{"self":[{"href":"https:\/\/dioceseteixeiradefreitas.com.br\/index.php?rest_route=\/wp\/v2\/posts\/11721","targetHints":{"allow":["GET"]}}],"collection":[{"href":"https:\/\/dioceseteixeiradefreitas.com.br\/index.php?rest_route=\/wp\/v2\/posts"}],"about":[{"href":"https:\/\/dioceseteixeiradefreitas.com.br\/index.php?rest_route=\/wp\/v2\/types\/post"}],"author":[{"embeddable":true,"href":"https:\/\/dioceseteixeiradefreitas.com.br\/index.php?rest_route=\/wp\/v2\/users\/1"}],"replies":[{"embeddable":true,"href":"https:\/\/dioceseteixeiradefreitas.com.br\/index.php?rest_route=%2Fwp%2Fv2%2Fcomments&post=11721"}],"version-history":[{"count":5,"href":"https:\/\/dioceseteixeiradefreitas.com.br\/index.php?rest_route=\/wp\/v2\/posts\/11721\/revisions"}],"predecessor-version":[{"id":11756,"href":"https:\/\/dioceseteixeiradefreitas.com.br\/index.php?rest_route=\/wp\/v2\/posts\/11721\/revisions\/11756"}],"wp:featuredmedia":[{"embeddable":true,"href":"https:\/\/dioceseteixeiradefreitas.com.br\/index.php?rest_route=\/wp\/v2\/media\/11722"}],"wp:attachment":[{"href":"https:\/\/dioceseteixeiradefreitas.com.br\/index.php?rest_route=%2Fwp%2Fv2%2Fmedia&parent=11721"}],"wp:term":[{"taxonomy":"category","embeddable":true,"href":"https:\/\/dioceseteixeiradefreitas.com.br\/index.php?rest_route=%2Fwp%2Fv2%2Fcategories&post=11721"},{"taxonomy":"post_tag","embeddable":true,"href":"https:\/\/dioceseteixeiradefreitas.com.br\/index.php?rest_route=%2Fwp%2Fv2%2Ftags&post=11721"}],"curies":[{"name":"wp","href":"https:\/\/api.w.org\/{rel}","templated":true}]}}