{"id":11853,"date":"2020-12-22T12:39:59","date_gmt":"2020-12-22T15:39:59","guid":{"rendered":"https:\/\/dioceseteixeiradefreitas.com.br\/?p=11853"},"modified":"2020-12-25T21:31:02","modified_gmt":"2020-12-26T00:31:02","slug":"no-4o-domingo-do-advento-celebramos-a-admissao-dos-seminaristas-diocesanos-aos-ministerios-de-leitorado-e-acolitato","status":"publish","type":"post","link":"https:\/\/dioceseteixeiradefreitas.com.br\/?p=11853","title":{"rendered":"No 4\u00ba Domingo do Advento celebramos a admiss\u00e3o dos seminaristas diocesanos aos Minist\u00e9rios de Leitorado e Acolitato"},"content":{"rendered":"<figure id=\"attachment_12060\" aria-describedby=\"caption-attachment-12060\" style=\"width: 1024px\" class=\"wp-caption aligncenter\"><img loading=\"lazy\" decoding=\"async\" class=\"wp-image-12060 size-full\" src=\"https:\/\/dioceseteixeiradefreitas.com.br\/wp-content\/uploads\/2020\/12\/DSC_1788.jpg\" alt=\"\" width=\"1024\" height=\"683\" srcset=\"https:\/\/dioceseteixeiradefreitas.com.br\/wp-content\/uploads\/2020\/12\/DSC_1788.jpg 1024w, https:\/\/dioceseteixeiradefreitas.com.br\/wp-content\/uploads\/2020\/12\/DSC_1788-300x200.jpg 300w, https:\/\/dioceseteixeiradefreitas.com.br\/wp-content\/uploads\/2020\/12\/DSC_1788-768x512.jpg 768w, https:\/\/dioceseteixeiradefreitas.com.br\/wp-content\/uploads\/2020\/12\/DSC_1788-600x400.jpg 600w\" sizes=\"auto, (max-width: 1024px) 100vw, 1024px\" \/><figcaption id=\"caption-attachment-12060\" class=\"wp-caption-text\">Seminaristas que receberam a admiss\u00e3o de Leitorado &#8211; Foto: Jorge Rafael (PASCOM\/Divulga\u00e7\u00e3o)<\/figcaption><\/figure>\n<p>Aconteceu neste domingo, 20 de Dezembro de 2020, na Catedral S\u00e3o Pedro em Teixeira de Freitas &#8211; BA, na Celebra\u00e7\u00e3o Eucar\u00edstica do 4\u00ba Domingo do Advento, a admiss\u00e3o ao minist\u00e9rio de Leitorado dos seminaristas Kayo Campeche Barros, Manoel Freire de Oliveira Neto, Mathaus Sampaio Sales, S\u00e1vio Marques Fiorot e Vitor Alves de Aguilar, e ao minist\u00e9rio de Acolitato dos seminaristas Emanoel Silva dos Santos e Marcos Viana Silva.<\/p>\n<p>A Celebra\u00e7\u00e3o foi presidida pelo bispo diocesano, Dom Jailton de Oliveira Lino e concelebrada pelos n\u00e9o-di\u00e1conos e sacerdotes da Diocese. Tamb\u00e9m fizeram-se presentes os seminaristas diocesanos, religiosos e religiosas, fi\u00e9is, amigos e familiares dos seminaristas.<\/p>\n<p>Ap\u00f3s a proclama\u00e7\u00e3o do Evangelho, os seminaristas candidatos a admiss\u00e3o aos minist\u00e9rios foram apresentados ao Bispo Diocesano pelo Reverend\u00edssimo Padre Isael, Reitor do Semin\u00e1rio Maior S\u00e3o Jo\u00e3o Paulo II.<\/p>\n<figure id=\"attachment_12018\" aria-describedby=\"caption-attachment-12018\" style=\"width: 1024px\" class=\"wp-caption aligncenter\"><img loading=\"lazy\" decoding=\"async\" class=\"wp-image-12018 size-full\" src=\"https:\/\/dioceseteixeiradefreitas.com.br\/wp-content\/uploads\/2020\/12\/DSC_1616.jpg\" alt=\"\" width=\"1024\" height=\"683\" srcset=\"https:\/\/dioceseteixeiradefreitas.com.br\/wp-content\/uploads\/2020\/12\/DSC_1616.jpg 1024w, https:\/\/dioceseteixeiradefreitas.com.br\/wp-content\/uploads\/2020\/12\/DSC_1616-300x200.jpg 300w, https:\/\/dioceseteixeiradefreitas.com.br\/wp-content\/uploads\/2020\/12\/DSC_1616-768x512.jpg 768w, https:\/\/dioceseteixeiradefreitas.com.br\/wp-content\/uploads\/2020\/12\/DSC_1616-600x400.jpg 600w\" sizes=\"auto, (max-width: 1024px) 100vw, 1024px\" \/><figcaption id=\"caption-attachment-12018\" class=\"wp-caption-text\">Dom Jailton na homilia &#8211; Foto: Jorge Rafael (PASCOM)\/Divulga\u00e7\u00e3o<\/figcaption><\/figure>\n<p>Dom Jailton iniciou sua homilia, acolhendo os presentes, em especial, os seminaristas candidatos a admiss\u00e3o aos minist\u00e9rios de leitorado e acolitato. Falou das personagens que surgem na liturgia durante este tempo do Advento, a exemplo de Maria, M\u00e3e de Jesus. <em>&#8220;Quem dera n\u00f3s lev\u00e1ssemos tamb\u00e9m essa consci\u00eancia que o Senhor est\u00e1 conosco. O olhar de Deus n\u00e3o se voltou para as cidades famosas da Judeia, mas, para um povoado pobre e insignificante da galileia, Nazar\u00e9. A alegria de Maria, n\u00e3o nasce da soberba nem da ostenta\u00e7\u00e3o, mas, sobre tudo, porque o Senhor est\u00e1 com ela, antes mesmo de conceber. O Senhor est\u00e1 conosco? O que podemos fazer para que o Senhor esteja conosco? A alegria do Natal s\u00f3 pode ser plena se o Senhor estiver conosco. O Natal \u00e9 acima de tudo Cristo que est\u00e1 conosco. O fa\u00e7a-se de Deus, criou do nada todas as coisas. O fa\u00e7a-se de Deus cria do nada o inimagin\u00e1vel. O fa\u00e7a-se de Maria tornou poss\u00edvel a reden\u00e7\u00e3o. Maria, por tanto, com seu fa\u00e7a-se torna-se a arca da nova alian\u00e7a. Se Maria \u00e9 a arca, Jesus \u00e9 o Templo o qual habita, no Templo o qual \u00e9 habitado por Maria. O Evangelho deste domingo nos mostra que Deus ama a humanidade, e tem um projeto de vida plena para vos oferecer atrav\u00e9s de Jesus Cristo. Que Maria mostra como \u00e9 poss\u00edvel fazer Jesus no mundo. E n\u00f3s tamb\u00e9m podemos fazer Jesus no mundo atrav\u00e9s do meu SIM, do seu SIM. Maria torna-se instrumento de Deus. Deus faz maravilha nos humildes, nos simples. E qual \u00e9 a nossa resposta aos apelos de Deus? Maria respondeu com um sim total e incondicional. A exemplo dela, tamb\u00e9m devemos dar nosso SIM generoso a Deus. Demos a gra\u00e7a Deus pelo SIM dos seminaristas que ser\u00e3o admitidos aos minist\u00e9rios de leitores e ac\u00f3litos. Rezamos por voc\u00eas. Rezamos pela vossa perseveran\u00e7a<\/em>&#8221; disse o Bispo.<\/p>\n<blockquote><p>Ap\u00f3s a homilia iniciaram-se os ritos lit\u00fargicos da admiss\u00e3o dos seminaristas ao Leitorado. Na institui\u00e7\u00e3o desse minist\u00e9rio, o Bispo entregou aos institu\u00eddos a B\u00edblia. Logo ap\u00f3s, se deu a admiss\u00e3o dos seminaristas ao Acolitato. Na ocasi\u00e3o, o bispo entregou a Patena com o P\u00e3o.<\/p><\/blockquote>\n<p>Antes do final da celebra\u00e7\u00e3o, o Reverend\u00edssimo Padre Roberto, Reitor do Semin\u00e1rio Proped\u00eautico, anunciou os seminaristas aprovados no Semin\u00e1rio Proped\u00eautico deste ano de 2020, e anunciou os novos seminaristas do Semin\u00e1rio Proped\u00eautico para o ano de 2021. Dom Jailton agradeceu a todos que cooperam no processo de forma\u00e7\u00e3o e manuten\u00e7\u00e3o dos semin\u00e1rios.<\/p>\n<blockquote><p>\u201c<em>O leitor \u00e9 institu\u00eddo para o minist\u00e9rio que lhe \u00e9 pr\u00f3prio, o qual \u00e9 fazer a leitura da Palavra de Deus na assembleia lit\u00fargica. E assim, tanto na missa como nos outros atos sagrados, \u00e9 ele quem profere as leituras da Sagrada Escritura, exceto o Evangelho. O ac\u00f3lito \u00e9 institu\u00eddo para cuidar do altar e auxiliar o di\u00e1cono e o sacerdote nas a\u00e7\u00f5es lit\u00fargicas, sobretudo na celebra\u00e7\u00e3o da Missa. Pertence-lhe ainda, como ministro extraordin\u00e1rio, distribuir a Sagrada Comunh\u00e3o. Al\u00e9m disso, em circunst\u00e2ncias extraordin\u00e1rias, pode ser encarregado de expor e repor a Sagrada Eucaristia para adora\u00e7\u00e3o p\u00fablica dos fi\u00e9is, mas n\u00e3o de dar a b\u00ean\u00e7\u00e3o com o Sant\u00edssimo Sacramento<\/em>\u201d. (Cerimonial dos Bispos).<\/p><\/blockquote>\n<p>Esses minist\u00e9rios s\u00e3o conferidos aos jovens por um certo per\u00edodo, para que em breve transcorram a mais um passo ao presbit\u00e9rio da Igreja, o primeiro grau do Sacramento da Ordem: o Diaconato, e em seguida o Presbiterado.<\/p>\n<p>A Diocese de Teixeira de Freitas &#8211; Caravelas\/Ba louva a Deus pela vida e pelo sim dos seminaristas.<\/p>\n<p>Por: Fotos e Texto: PASCOM Diocesana e Catedral S\u00e3o Pedro<\/p>\n<p>[su_note note_color=&#8221;#f3d318&#8243; text_color=&#8221;#ffffff&#8221;]Confira a galeria:[\/su_note]<\/p>\n<div id='gallery-1' class='gallery galleryid-11853 gallery-columns-5 gallery-size-medium'><figure class='gallery-item'>\n\t\t\t<div class='gallery-icon landscape'>\n\t\t\t\t<a href='https:\/\/dioceseteixeiradefreitas.com.br\/wp-content\/uploads\/2020\/12\/DSC_1552.jpg'><img loading=\"lazy\" decoding=\"async\" width=\"300\" height=\"200\" src=\"https:\/\/dioceseteixeiradefreitas.com.br\/wp-content\/uploads\/2020\/12\/DSC_1552-300x200.jpg\" class=\"attachment-medium size-medium\" alt=\"\" srcset=\"https:\/\/dioceseteixeiradefreitas.com.br\/wp-content\/uploads\/2020\/12\/DSC_1552-300x200.jpg 300w, https:\/\/dioceseteixeiradefreitas.com.br\/wp-content\/uploads\/2020\/12\/DSC_1552-768x512.jpg 768w, https:\/\/dioceseteixeiradefreitas.com.br\/wp-content\/uploads\/2020\/12\/DSC_1552-600x400.jpg 600w, https:\/\/dioceseteixeiradefreitas.com.br\/wp-content\/uploads\/2020\/12\/DSC_1552.jpg 1024w\" sizes=\"auto, (max-width: 300px) 100vw, 300px\" \/><\/a>\n\t\t\t<\/div><\/figure><figure class='gallery-item'>\n\t\t\t<div class='gallery-icon landscape'>\n\t\t\t\t<a href='https:\/\/dioceseteixeiradefreitas.com.br\/wp-content\/uploads\/2020\/12\/DSC_1557.jpg'><img loading=\"lazy\" decoding=\"async\" width=\"300\" height=\"265\" src=\"https:\/\/dioceseteixeiradefreitas.com.br\/wp-content\/uploads\/2020\/12\/DSC_1557-300x265.jpg\" class=\"attachment-medium size-medium\" alt=\"\" srcset=\"https:\/\/dioceseteixeiradefreitas.com.br\/wp-content\/uploads\/2020\/12\/DSC_1557-300x265.jpg 300w, https:\/\/dioceseteixeiradefreitas.com.br\/wp-content\/uploads\/2020\/12\/DSC_1557-768x679.jpg 768w, https:\/\/dioceseteixeiradefreitas.com.br\/wp-content\/uploads\/2020\/12\/DSC_1557-600x531.jpg 600w, https:\/\/dioceseteixeiradefreitas.com.br\/wp-content\/uploads\/2020\/12\/DSC_1557.jpg 772w\" sizes=\"auto, (max-width: 300px) 100vw, 300px\" \/><\/a>\n\t\t\t<\/div><\/figure><figure class='gallery-item'>\n\t\t\t<div class='gallery-icon landscape'>\n\t\t\t\t<a href='https:\/\/dioceseteixeiradefreitas.com.br\/wp-content\/uploads\/2020\/12\/DSC_1558.jpg'><img loading=\"lazy\" decoding=\"async\" width=\"300\" height=\"200\" src=\"https:\/\/dioceseteixeiradefreitas.com.br\/wp-content\/uploads\/2020\/12\/DSC_1558-300x200.jpg\" class=\"attachment-medium size-medium\" alt=\"\" srcset=\"https:\/\/dioceseteixeiradefreitas.com.br\/wp-content\/uploads\/2020\/12\/DSC_1558-300x200.jpg 300w, https:\/\/dioceseteixeiradefreitas.com.br\/wp-content\/uploads\/2020\/12\/DSC_1558-768x512.jpg 768w, https:\/\/dioceseteixeiradefreitas.com.br\/wp-content\/uploads\/2020\/12\/DSC_1558-600x400.jpg 600w, https:\/\/dioceseteixeiradefreitas.com.br\/wp-content\/uploads\/2020\/12\/DSC_1558.jpg 1024w\" sizes=\"auto, (max-width: 300px) 100vw, 300px\" \/><\/a>\n\t\t\t<\/div><\/figure><figure class='gallery-item'>\n\t\t\t<div class='gallery-icon landscape'>\n\t\t\t\t<a href='https:\/\/dioceseteixeiradefreitas.com.br\/wp-content\/uploads\/2020\/12\/DSC_1561.jpg'><img loading=\"lazy\" decoding=\"async\" width=\"300\" height=\"200\" src=\"https:\/\/dioceseteixeiradefreitas.com.br\/wp-content\/uploads\/2020\/12\/DSC_1561-300x200.jpg\" class=\"attachment-medium size-medium\" alt=\"\" srcset=\"https:\/\/dioceseteixeiradefreitas.com.br\/wp-content\/uploads\/2020\/12\/DSC_1561-300x200.jpg 300w, https:\/\/dioceseteixeiradefreitas.com.br\/wp-content\/uploads\/2020\/12\/DSC_1561-768x512.jpg 768w, https:\/\/dioceseteixeiradefreitas.com.br\/wp-content\/uploads\/2020\/12\/DSC_1561-600x400.jpg 600w, https:\/\/dioceseteixeiradefreitas.com.br\/wp-content\/uploads\/2020\/12\/DSC_1561.jpg 1024w\" sizes=\"auto, (max-width: 300px) 100vw, 300px\" \/><\/a>\n\t\t\t<\/div><\/figure><figure class='gallery-item'>\n\t\t\t<div class='gallery-icon landscape'>\n\t\t\t\t<a href='https:\/\/dioceseteixeiradefreitas.com.br\/wp-content\/uploads\/2020\/12\/DSC_1563.jpg'><img loading=\"lazy\" decoding=\"async\" width=\"300\" height=\"200\" src=\"https:\/\/dioceseteixeiradefreitas.com.br\/wp-content\/uploads\/2020\/12\/DSC_1563-300x200.jpg\" class=\"attachment-medium size-medium\" alt=\"\" srcset=\"https:\/\/dioceseteixeiradefreitas.com.br\/wp-content\/uploads\/2020\/12\/DSC_1563-300x200.jpg 300w, https:\/\/dioceseteixeiradefreitas.com.br\/wp-content\/uploads\/2020\/12\/DSC_1563-768x512.jpg 768w, https:\/\/dioceseteixeiradefreitas.com.br\/wp-content\/uploads\/2020\/12\/DSC_1563-600x400.jpg 600w, https:\/\/dioceseteixeiradefreitas.com.br\/wp-content\/uploads\/2020\/12\/DSC_1563.jpg 1024w\" sizes=\"auto, (max-width: 300px) 100vw, 300px\" \/><\/a>\n\t\t\t<\/div><\/figure><figure class='gallery-item'>\n\t\t\t<div class='gallery-icon landscape'>\n\t\t\t\t<a href='https:\/\/dioceseteixeiradefreitas.com.br\/wp-content\/uploads\/2020\/12\/DSC_1568.jpg'><img loading=\"lazy\" decoding=\"async\" width=\"300\" height=\"200\" src=\"https:\/\/dioceseteixeiradefreitas.com.br\/wp-content\/uploads\/2020\/12\/DSC_1568-300x200.jpg\" class=\"attachment-medium size-medium\" alt=\"\" srcset=\"https:\/\/dioceseteixeiradefreitas.com.br\/wp-content\/uploads\/2020\/12\/DSC_1568-300x200.jpg 300w, https:\/\/dioceseteixeiradefreitas.com.br\/wp-content\/uploads\/2020\/12\/DSC_1568-768x512.jpg 768w, https:\/\/dioceseteixeiradefreitas.com.br\/wp-content\/uploads\/2020\/12\/DSC_1568-600x400.jpg 600w, https:\/\/dioceseteixeiradefreitas.com.br\/wp-content\/uploads\/2020\/12\/DSC_1568.jpg 1024w\" sizes=\"auto, (max-width: 300px) 100vw, 300px\" \/><\/a>\n\t\t\t<\/div><\/figure><figure class='gallery-item'>\n\t\t\t<div class='gallery-icon landscape'>\n\t\t\t\t<a href='https:\/\/dioceseteixeiradefreitas.com.br\/wp-content\/uploads\/2020\/12\/DSC_1571.jpg'><img loading=\"lazy\" decoding=\"async\" width=\"300\" height=\"200\" src=\"https:\/\/dioceseteixeiradefreitas.com.br\/wp-content\/uploads\/2020\/12\/DSC_1571-300x200.jpg\" class=\"attachment-medium size-medium\" alt=\"\" srcset=\"https:\/\/dioceseteixeiradefreitas.com.br\/wp-content\/uploads\/2020\/12\/DSC_1571-300x200.jpg 300w, https:\/\/dioceseteixeiradefreitas.com.br\/wp-content\/uploads\/2020\/12\/DSC_1571-768x512.jpg 768w, https:\/\/dioceseteixeiradefreitas.com.br\/wp-content\/uploads\/2020\/12\/DSC_1571-600x400.jpg 600w, https:\/\/dioceseteixeiradefreitas.com.br\/wp-content\/uploads\/2020\/12\/DSC_1571.jpg 1024w\" sizes=\"auto, (max-width: 300px) 100vw, 300px\" \/><\/a>\n\t\t\t<\/div><\/figure><figure class='gallery-item'>\n\t\t\t<div class='gallery-icon landscape'>\n\t\t\t\t<a href='https:\/\/dioceseteixeiradefreitas.com.br\/wp-content\/uploads\/2020\/12\/DSC_1589.jpg'><img loading=\"lazy\" decoding=\"async\" width=\"300\" height=\"200\" src=\"https:\/\/dioceseteixeiradefreitas.com.br\/wp-content\/uploads\/2020\/12\/DSC_1589-300x200.jpg\" class=\"attachment-medium size-medium\" alt=\"\" srcset=\"https:\/\/dioceseteixeiradefreitas.com.br\/wp-content\/uploads\/2020\/12\/DSC_1589-300x200.jpg 300w, https:\/\/dioceseteixeiradefreitas.com.br\/wp-content\/uploads\/2020\/12\/DSC_1589-768x512.jpg 768w, https:\/\/dioceseteixeiradefreitas.com.br\/wp-content\/uploads\/2020\/12\/DSC_1589-600x400.jpg 600w, https:\/\/dioceseteixeiradefreitas.com.br\/wp-content\/uploads\/2020\/12\/DSC_1589.jpg 1024w\" sizes=\"auto, (max-width: 300px) 100vw, 300px\" \/><\/a>\n\t\t\t<\/div><\/figure><figure class='gallery-item'>\n\t\t\t<div class='gallery-icon landscape'>\n\t\t\t\t<a href='https:\/\/dioceseteixeiradefreitas.com.br\/wp-content\/uploads\/2020\/12\/DSC_1596.jpg'><img loading=\"lazy\" decoding=\"async\" width=\"300\" height=\"200\" src=\"https:\/\/dioceseteixeiradefreitas.com.br\/wp-content\/uploads\/2020\/12\/DSC_1596-300x200.jpg\" class=\"attachment-medium size-medium\" alt=\"\" srcset=\"https:\/\/dioceseteixeiradefreitas.com.br\/wp-content\/uploads\/2020\/12\/DSC_1596-300x200.jpg 300w, https:\/\/dioceseteixeiradefreitas.com.br\/wp-content\/uploads\/2020\/12\/DSC_1596-768x512.jpg 768w, https:\/\/dioceseteixeiradefreitas.com.br\/wp-content\/uploads\/2020\/12\/DSC_1596-600x400.jpg 600w, https:\/\/dioceseteixeiradefreitas.com.br\/wp-content\/uploads\/2020\/12\/DSC_1596.jpg 1024w\" sizes=\"auto, (max-width: 300px) 100vw, 300px\" \/><\/a>\n\t\t\t<\/div><\/figure><figure class='gallery-item'>\n\t\t\t<div class='gallery-icon landscape'>\n\t\t\t\t<a href='https:\/\/dioceseteixeiradefreitas.com.br\/wp-content\/uploads\/2020\/12\/DSC_1599.jpg'><img loading=\"lazy\" decoding=\"async\" width=\"300\" height=\"200\" src=\"https:\/\/dioceseteixeiradefreitas.com.br\/wp-content\/uploads\/2020\/12\/DSC_1599-300x200.jpg\" class=\"attachment-medium size-medium\" alt=\"\" srcset=\"https:\/\/dioceseteixeiradefreitas.com.br\/wp-content\/uploads\/2020\/12\/DSC_1599-300x200.jpg 300w, https:\/\/dioceseteixeiradefreitas.com.br\/wp-content\/uploads\/2020\/12\/DSC_1599-768x512.jpg 768w, https:\/\/dioceseteixeiradefreitas.com.br\/wp-content\/uploads\/2020\/12\/DSC_1599-600x400.jpg 600w, https:\/\/dioceseteixeiradefreitas.com.br\/wp-content\/uploads\/2020\/12\/DSC_1599.jpg 1024w\" sizes=\"auto, (max-width: 300px) 100vw, 300px\" \/><\/a>\n\t\t\t<\/div><\/figure><figure class='gallery-item'>\n\t\t\t<div class='gallery-icon landscape'>\n\t\t\t\t<a href='https:\/\/dioceseteixeiradefreitas.com.br\/wp-content\/uploads\/2020\/12\/DSC_1601.jpg'><img loading=\"lazy\" decoding=\"async\" width=\"300\" height=\"200\" src=\"https:\/\/dioceseteixeiradefreitas.com.br\/wp-content\/uploads\/2020\/12\/DSC_1601-300x200.jpg\" class=\"attachment-medium size-medium\" alt=\"\" srcset=\"https:\/\/dioceseteixeiradefreitas.com.br\/wp-content\/uploads\/2020\/12\/DSC_1601-300x200.jpg 300w, https:\/\/dioceseteixeiradefreitas.com.br\/wp-content\/uploads\/2020\/12\/DSC_1601-768x512.jpg 768w, https:\/\/dioceseteixeiradefreitas.com.br\/wp-content\/uploads\/2020\/12\/DSC_1601-600x400.jpg 600w, https:\/\/dioceseteixeiradefreitas.com.br\/wp-content\/uploads\/2020\/12\/DSC_1601.jpg 1024w\" sizes=\"auto, (max-width: 300px) 100vw, 300px\" \/><\/a>\n\t\t\t<\/div><\/figure><figure class='gallery-item'>\n\t\t\t<div class='gallery-icon landscape'>\n\t\t\t\t<a href='https:\/\/dioceseteixeiradefreitas.com.br\/wp-content\/uploads\/2020\/12\/DSC_1603.jpg'><img loading=\"lazy\" decoding=\"async\" width=\"300\" height=\"200\" src=\"https:\/\/dioceseteixeiradefreitas.com.br\/wp-content\/uploads\/2020\/12\/DSC_1603-300x200.jpg\" class=\"attachment-medium size-medium\" alt=\"\" srcset=\"https:\/\/dioceseteixeiradefreitas.com.br\/wp-content\/uploads\/2020\/12\/DSC_1603-300x200.jpg 300w, https:\/\/dioceseteixeiradefreitas.com.br\/wp-content\/uploads\/2020\/12\/DSC_1603-768x512.jpg 768w, https:\/\/dioceseteixeiradefreitas.com.br\/wp-content\/uploads\/2020\/12\/DSC_1603-600x400.jpg 600w, https:\/\/dioceseteixeiradefreitas.com.br\/wp-content\/uploads\/2020\/12\/DSC_1603.jpg 1024w\" sizes=\"auto, (max-width: 300px) 100vw, 300px\" \/><\/a>\n\t\t\t<\/div><\/figure><figure class='gallery-item'>\n\t\t\t<div class='gallery-icon landscape'>\n\t\t\t\t<a href='https:\/\/dioceseteixeiradefreitas.com.br\/wp-content\/uploads\/2020\/12\/DSC_1607.jpg'><img loading=\"lazy\" decoding=\"async\" width=\"300\" height=\"200\" src=\"https:\/\/dioceseteixeiradefreitas.com.br\/wp-content\/uploads\/2020\/12\/DSC_1607-300x200.jpg\" class=\"attachment-medium size-medium\" alt=\"\" srcset=\"https:\/\/dioceseteixeiradefreitas.com.br\/wp-content\/uploads\/2020\/12\/DSC_1607-300x200.jpg 300w, https:\/\/dioceseteixeiradefreitas.com.br\/wp-content\/uploads\/2020\/12\/DSC_1607-768x512.jpg 768w, https:\/\/dioceseteixeiradefreitas.com.br\/wp-content\/uploads\/2020\/12\/DSC_1607-600x400.jpg 600w, https:\/\/dioceseteixeiradefreitas.com.br\/wp-content\/uploads\/2020\/12\/DSC_1607.jpg 1024w\" sizes=\"auto, (max-width: 300px) 100vw, 300px\" \/><\/a>\n\t\t\t<\/div><\/figure><figure class='gallery-item'>\n\t\t\t<div class='gallery-icon landscape'>\n\t\t\t\t<a href='https:\/\/dioceseteixeiradefreitas.com.br\/wp-content\/uploads\/2020\/12\/DSC_1615.jpg'><img loading=\"lazy\" decoding=\"async\" width=\"300\" height=\"200\" src=\"https:\/\/dioceseteixeiradefreitas.com.br\/wp-content\/uploads\/2020\/12\/DSC_1615-300x200.jpg\" class=\"attachment-medium size-medium\" alt=\"\" srcset=\"https:\/\/dioceseteixeiradefreitas.com.br\/wp-content\/uploads\/2020\/12\/DSC_1615-300x200.jpg 300w, https:\/\/dioceseteixeiradefreitas.com.br\/wp-content\/uploads\/2020\/12\/DSC_1615-768x512.jpg 768w, https:\/\/dioceseteixeiradefreitas.com.br\/wp-content\/uploads\/2020\/12\/DSC_1615-600x400.jpg 600w, https:\/\/dioceseteixeiradefreitas.com.br\/wp-content\/uploads\/2020\/12\/DSC_1615.jpg 1024w\" sizes=\"auto, (max-width: 300px) 100vw, 300px\" \/><\/a>\n\t\t\t<\/div><\/figure><figure class='gallery-item'>\n\t\t\t<div class='gallery-icon landscape'>\n\t\t\t\t<a href='https:\/\/dioceseteixeiradefreitas.com.br\/wp-content\/uploads\/2020\/12\/DSC_1616.jpg'><img loading=\"lazy\" decoding=\"async\" width=\"300\" height=\"200\" src=\"https:\/\/dioceseteixeiradefreitas.com.br\/wp-content\/uploads\/2020\/12\/DSC_1616-300x200.jpg\" class=\"attachment-medium size-medium\" alt=\"\" srcset=\"https:\/\/dioceseteixeiradefreitas.com.br\/wp-content\/uploads\/2020\/12\/DSC_1616-300x200.jpg 300w, https:\/\/dioceseteixeiradefreitas.com.br\/wp-content\/uploads\/2020\/12\/DSC_1616-768x512.jpg 768w, https:\/\/dioceseteixeiradefreitas.com.br\/wp-content\/uploads\/2020\/12\/DSC_1616-600x400.jpg 600w, https:\/\/dioceseteixeiradefreitas.com.br\/wp-content\/uploads\/2020\/12\/DSC_1616.jpg 1024w\" sizes=\"auto, (max-width: 300px) 100vw, 300px\" \/><\/a>\n\t\t\t<\/div><\/figure><figure class='gallery-item'>\n\t\t\t<div class='gallery-icon landscape'>\n\t\t\t\t<a href='https:\/\/dioceseteixeiradefreitas.com.br\/wp-content\/uploads\/2020\/12\/DSC_1619.jpg'><img loading=\"lazy\" decoding=\"async\" width=\"300\" height=\"200\" src=\"https:\/\/dioceseteixeiradefreitas.com.br\/wp-content\/uploads\/2020\/12\/DSC_1619-300x200.jpg\" class=\"attachment-medium size-medium\" alt=\"\" srcset=\"https:\/\/dioceseteixeiradefreitas.com.br\/wp-content\/uploads\/2020\/12\/DSC_1619-300x200.jpg 300w, https:\/\/dioceseteixeiradefreitas.com.br\/wp-content\/uploads\/2020\/12\/DSC_1619-768x512.jpg 768w, https:\/\/dioceseteixeiradefreitas.com.br\/wp-content\/uploads\/2020\/12\/DSC_1619-600x400.jpg 600w, https:\/\/dioceseteixeiradefreitas.com.br\/wp-content\/uploads\/2020\/12\/DSC_1619.jpg 1024w\" sizes=\"auto, (max-width: 300px) 100vw, 300px\" \/><\/a>\n\t\t\t<\/div><\/figure><figure class='gallery-item'>\n\t\t\t<div class='gallery-icon landscape'>\n\t\t\t\t<a href='https:\/\/dioceseteixeiradefreitas.com.br\/wp-content\/uploads\/2020\/12\/DSC_1623.jpg'><img loading=\"lazy\" decoding=\"async\" width=\"300\" height=\"200\" src=\"https:\/\/dioceseteixeiradefreitas.com.br\/wp-content\/uploads\/2020\/12\/DSC_1623-300x200.jpg\" class=\"attachment-medium size-medium\" alt=\"\" srcset=\"https:\/\/dioceseteixeiradefreitas.com.br\/wp-content\/uploads\/2020\/12\/DSC_1623-300x200.jpg 300w, https:\/\/dioceseteixeiradefreitas.com.br\/wp-content\/uploads\/2020\/12\/DSC_1623-768x512.jpg 768w, https:\/\/dioceseteixeiradefreitas.com.br\/wp-content\/uploads\/2020\/12\/DSC_1623-600x400.jpg 600w, https:\/\/dioceseteixeiradefreitas.com.br\/wp-content\/uploads\/2020\/12\/DSC_1623.jpg 1024w\" sizes=\"auto, (max-width: 300px) 100vw, 300px\" \/><\/a>\n\t\t\t<\/div><\/figure><figure class='gallery-item'>\n\t\t\t<div class='gallery-icon landscape'>\n\t\t\t\t<a href='https:\/\/dioceseteixeiradefreitas.com.br\/wp-content\/uploads\/2020\/12\/DSC_1629.jpg'><img loading=\"lazy\" decoding=\"async\" width=\"300\" height=\"200\" src=\"https:\/\/dioceseteixeiradefreitas.com.br\/wp-content\/uploads\/2020\/12\/DSC_1629-300x200.jpg\" class=\"attachment-medium size-medium\" alt=\"\" srcset=\"https:\/\/dioceseteixeiradefreitas.com.br\/wp-content\/uploads\/2020\/12\/DSC_1629-300x200.jpg 300w, https:\/\/dioceseteixeiradefreitas.com.br\/wp-content\/uploads\/2020\/12\/DSC_1629-768x512.jpg 768w, https:\/\/dioceseteixeiradefreitas.com.br\/wp-content\/uploads\/2020\/12\/DSC_1629-600x400.jpg 600w, https:\/\/dioceseteixeiradefreitas.com.br\/wp-content\/uploads\/2020\/12\/DSC_1629.jpg 1024w\" sizes=\"auto, (max-width: 300px) 100vw, 300px\" \/><\/a>\n\t\t\t<\/div><\/figure><figure class='gallery-item'>\n\t\t\t<div class='gallery-icon landscape'>\n\t\t\t\t<a href='https:\/\/dioceseteixeiradefreitas.com.br\/wp-content\/uploads\/2020\/12\/DSC_1647.jpg'><img loading=\"lazy\" decoding=\"async\" width=\"300\" height=\"200\" src=\"https:\/\/dioceseteixeiradefreitas.com.br\/wp-content\/uploads\/2020\/12\/DSC_1647-300x200.jpg\" class=\"attachment-medium size-medium\" alt=\"\" srcset=\"https:\/\/dioceseteixeiradefreitas.com.br\/wp-content\/uploads\/2020\/12\/DSC_1647-300x200.jpg 300w, https:\/\/dioceseteixeiradefreitas.com.br\/wp-content\/uploads\/2020\/12\/DSC_1647-768x512.jpg 768w, https:\/\/dioceseteixeiradefreitas.com.br\/wp-content\/uploads\/2020\/12\/DSC_1647-600x400.jpg 600w, https:\/\/dioceseteixeiradefreitas.com.br\/wp-content\/uploads\/2020\/12\/DSC_1647.jpg 1024w\" sizes=\"auto, (max-width: 300px) 100vw, 300px\" \/><\/a>\n\t\t\t<\/div><\/figure><figure class='gallery-item'>\n\t\t\t<div class='gallery-icon landscape'>\n\t\t\t\t<a href='https:\/\/dioceseteixeiradefreitas.com.br\/wp-content\/uploads\/2020\/12\/DSC_1649.jpg'><img loading=\"lazy\" decoding=\"async\" width=\"300\" height=\"200\" src=\"https:\/\/dioceseteixeiradefreitas.com.br\/wp-content\/uploads\/2020\/12\/DSC_1649-300x200.jpg\" class=\"attachment-medium size-medium\" alt=\"\" srcset=\"https:\/\/dioceseteixeiradefreitas.com.br\/wp-content\/uploads\/2020\/12\/DSC_1649-300x200.jpg 300w, https:\/\/dioceseteixeiradefreitas.com.br\/wp-content\/uploads\/2020\/12\/DSC_1649-768x512.jpg 768w, https:\/\/dioceseteixeiradefreitas.com.br\/wp-content\/uploads\/2020\/12\/DSC_1649-600x400.jpg 600w, https:\/\/dioceseteixeiradefreitas.com.br\/wp-content\/uploads\/2020\/12\/DSC_1649.jpg 1024w\" sizes=\"auto, (max-width: 300px) 100vw, 300px\" \/><\/a>\n\t\t\t<\/div><\/figure><figure class='gallery-item'>\n\t\t\t<div class='gallery-icon landscape'>\n\t\t\t\t<a href='https:\/\/dioceseteixeiradefreitas.com.br\/wp-content\/uploads\/2020\/12\/DSC_1652.jpg'><img loading=\"lazy\" decoding=\"async\" width=\"300\" height=\"200\" src=\"https:\/\/dioceseteixeiradefreitas.com.br\/wp-content\/uploads\/2020\/12\/DSC_1652-300x200.jpg\" class=\"attachment-medium size-medium\" alt=\"\" srcset=\"https:\/\/dioceseteixeiradefreitas.com.br\/wp-content\/uploads\/2020\/12\/DSC_1652-300x200.jpg 300w, https:\/\/dioceseteixeiradefreitas.com.br\/wp-content\/uploads\/2020\/12\/DSC_1652-768x512.jpg 768w, https:\/\/dioceseteixeiradefreitas.com.br\/wp-content\/uploads\/2020\/12\/DSC_1652-600x400.jpg 600w, https:\/\/dioceseteixeiradefreitas.com.br\/wp-content\/uploads\/2020\/12\/DSC_1652.jpg 1024w\" sizes=\"auto, (max-width: 300px) 100vw, 300px\" \/><\/a>\n\t\t\t<\/div><\/figure><figure class='gallery-item'>\n\t\t\t<div class='gallery-icon landscape'>\n\t\t\t\t<a href='https:\/\/dioceseteixeiradefreitas.com.br\/wp-content\/uploads\/2020\/12\/DSC_1654.jpg'><img loading=\"lazy\" decoding=\"async\" width=\"300\" height=\"200\" src=\"https:\/\/dioceseteixeiradefreitas.com.br\/wp-content\/uploads\/2020\/12\/DSC_1654-300x200.jpg\" class=\"attachment-medium size-medium\" alt=\"\" srcset=\"https:\/\/dioceseteixeiradefreitas.com.br\/wp-content\/uploads\/2020\/12\/DSC_1654-300x200.jpg 300w, https:\/\/dioceseteixeiradefreitas.com.br\/wp-content\/uploads\/2020\/12\/DSC_1654-768x512.jpg 768w, https:\/\/dioceseteixeiradefreitas.com.br\/wp-content\/uploads\/2020\/12\/DSC_1654-600x400.jpg 600w, https:\/\/dioceseteixeiradefreitas.com.br\/wp-content\/uploads\/2020\/12\/DSC_1654.jpg 1024w\" sizes=\"auto, (max-width: 300px) 100vw, 300px\" \/><\/a>\n\t\t\t<\/div><\/figure><figure class='gallery-item'>\n\t\t\t<div class='gallery-icon landscape'>\n\t\t\t\t<a href='https:\/\/dioceseteixeiradefreitas.com.br\/wp-content\/uploads\/2020\/12\/DSC_1656.jpg'><img loading=\"lazy\" decoding=\"async\" width=\"300\" height=\"200\" src=\"https:\/\/dioceseteixeiradefreitas.com.br\/wp-content\/uploads\/2020\/12\/DSC_1656-300x200.jpg\" class=\"attachment-medium size-medium\" alt=\"\" srcset=\"https:\/\/dioceseteixeiradefreitas.com.br\/wp-content\/uploads\/2020\/12\/DSC_1656-300x200.jpg 300w, https:\/\/dioceseteixeiradefreitas.com.br\/wp-content\/uploads\/2020\/12\/DSC_1656-768x512.jpg 768w, https:\/\/dioceseteixeiradefreitas.com.br\/wp-content\/uploads\/2020\/12\/DSC_1656-600x400.jpg 600w, https:\/\/dioceseteixeiradefreitas.com.br\/wp-content\/uploads\/2020\/12\/DSC_1656.jpg 1024w\" sizes=\"auto, (max-width: 300px) 100vw, 300px\" \/><\/a>\n\t\t\t<\/div><\/figure><figure class='gallery-item'>\n\t\t\t<div class='gallery-icon landscape'>\n\t\t\t\t<a href='https:\/\/dioceseteixeiradefreitas.com.br\/wp-content\/uploads\/2020\/12\/DSC_1659.jpg'><img loading=\"lazy\" decoding=\"async\" width=\"300\" height=\"200\" src=\"https:\/\/dioceseteixeiradefreitas.com.br\/wp-content\/uploads\/2020\/12\/DSC_1659-300x200.jpg\" class=\"attachment-medium size-medium\" alt=\"\" srcset=\"https:\/\/dioceseteixeiradefreitas.com.br\/wp-content\/uploads\/2020\/12\/DSC_1659-300x200.jpg 300w, https:\/\/dioceseteixeiradefreitas.com.br\/wp-content\/uploads\/2020\/12\/DSC_1659-768x512.jpg 768w, https:\/\/dioceseteixeiradefreitas.com.br\/wp-content\/uploads\/2020\/12\/DSC_1659-600x400.jpg 600w, https:\/\/dioceseteixeiradefreitas.com.br\/wp-content\/uploads\/2020\/12\/DSC_1659.jpg 1024w\" sizes=\"auto, (max-width: 300px) 100vw, 300px\" \/><\/a>\n\t\t\t<\/div><\/figure><figure class='gallery-item'>\n\t\t\t<div class='gallery-icon landscape'>\n\t\t\t\t<a href='https:\/\/dioceseteixeiradefreitas.com.br\/wp-content\/uploads\/2020\/12\/DSC_1660.jpg'><img loading=\"lazy\" decoding=\"async\" width=\"300\" height=\"200\" src=\"https:\/\/dioceseteixeiradefreitas.com.br\/wp-content\/uploads\/2020\/12\/DSC_1660-300x200.jpg\" class=\"attachment-medium size-medium\" alt=\"\" srcset=\"https:\/\/dioceseteixeiradefreitas.com.br\/wp-content\/uploads\/2020\/12\/DSC_1660-300x200.jpg 300w, https:\/\/dioceseteixeiradefreitas.com.br\/wp-content\/uploads\/2020\/12\/DSC_1660-768x512.jpg 768w, https:\/\/dioceseteixeiradefreitas.com.br\/wp-content\/uploads\/2020\/12\/DSC_1660-600x400.jpg 600w, https:\/\/dioceseteixeiradefreitas.com.br\/wp-content\/uploads\/2020\/12\/DSC_1660.jpg 1024w\" sizes=\"auto, (max-width: 300px) 100vw, 300px\" \/><\/a>\n\t\t\t<\/div><\/figure><figure class='gallery-item'>\n\t\t\t<div class='gallery-icon landscape'>\n\t\t\t\t<a href='https:\/\/dioceseteixeiradefreitas.com.br\/wp-content\/uploads\/2020\/12\/DSC_1662.jpg'><img loading=\"lazy\" decoding=\"async\" width=\"300\" height=\"200\" src=\"https:\/\/dioceseteixeiradefreitas.com.br\/wp-content\/uploads\/2020\/12\/DSC_1662-300x200.jpg\" class=\"attachment-medium size-medium\" alt=\"\" srcset=\"https:\/\/dioceseteixeiradefreitas.com.br\/wp-content\/uploads\/2020\/12\/DSC_1662-300x200.jpg 300w, https:\/\/dioceseteixeiradefreitas.com.br\/wp-content\/uploads\/2020\/12\/DSC_1662-768x512.jpg 768w, https:\/\/dioceseteixeiradefreitas.com.br\/wp-content\/uploads\/2020\/12\/DSC_1662-600x400.jpg 600w, https:\/\/dioceseteixeiradefreitas.com.br\/wp-content\/uploads\/2020\/12\/DSC_1662.jpg 1024w\" sizes=\"auto, (max-width: 300px) 100vw, 300px\" \/><\/a>\n\t\t\t<\/div><\/figure><figure class='gallery-item'>\n\t\t\t<div class='gallery-icon landscape'>\n\t\t\t\t<a href='https:\/\/dioceseteixeiradefreitas.com.br\/wp-content\/uploads\/2020\/12\/DSC_1664.jpg'><img loading=\"lazy\" decoding=\"async\" width=\"300\" height=\"226\" src=\"https:\/\/dioceseteixeiradefreitas.com.br\/wp-content\/uploads\/2020\/12\/DSC_1664-300x226.jpg\" class=\"attachment-medium size-medium\" alt=\"\" srcset=\"https:\/\/dioceseteixeiradefreitas.com.br\/wp-content\/uploads\/2020\/12\/DSC_1664-300x226.jpg 300w, https:\/\/dioceseteixeiradefreitas.com.br\/wp-content\/uploads\/2020\/12\/DSC_1664-768x578.jpg 768w, https:\/\/dioceseteixeiradefreitas.com.br\/wp-content\/uploads\/2020\/12\/DSC_1664-600x451.jpg 600w, https:\/\/dioceseteixeiradefreitas.com.br\/wp-content\/uploads\/2020\/12\/DSC_1664.jpg 908w\" sizes=\"auto, (max-width: 300px) 100vw, 300px\" \/><\/a>\n\t\t\t<\/div><\/figure><figure class='gallery-item'>\n\t\t\t<div class='gallery-icon landscape'>\n\t\t\t\t<a href='https:\/\/dioceseteixeiradefreitas.com.br\/wp-content\/uploads\/2020\/12\/DSC_1666.jpg'><img loading=\"lazy\" decoding=\"async\" width=\"300\" height=\"200\" src=\"https:\/\/dioceseteixeiradefreitas.com.br\/wp-content\/uploads\/2020\/12\/DSC_1666-300x200.jpg\" class=\"attachment-medium size-medium\" alt=\"\" srcset=\"https:\/\/dioceseteixeiradefreitas.com.br\/wp-content\/uploads\/2020\/12\/DSC_1666-300x200.jpg 300w, https:\/\/dioceseteixeiradefreitas.com.br\/wp-content\/uploads\/2020\/12\/DSC_1666-768x512.jpg 768w, https:\/\/dioceseteixeiradefreitas.com.br\/wp-content\/uploads\/2020\/12\/DSC_1666-600x400.jpg 600w, https:\/\/dioceseteixeiradefreitas.com.br\/wp-content\/uploads\/2020\/12\/DSC_1666.jpg 1024w\" sizes=\"auto, (max-width: 300px) 100vw, 300px\" \/><\/a>\n\t\t\t<\/div><\/figure><figure class='gallery-item'>\n\t\t\t<div class='gallery-icon landscape'>\n\t\t\t\t<a href='https:\/\/dioceseteixeiradefreitas.com.br\/wp-content\/uploads\/2020\/12\/DSC_1669.jpg'><img loading=\"lazy\" decoding=\"async\" width=\"300\" height=\"200\" src=\"https:\/\/dioceseteixeiradefreitas.com.br\/wp-content\/uploads\/2020\/12\/DSC_1669-300x200.jpg\" class=\"attachment-medium size-medium\" alt=\"\" srcset=\"https:\/\/dioceseteixeiradefreitas.com.br\/wp-content\/uploads\/2020\/12\/DSC_1669-300x200.jpg 300w, https:\/\/dioceseteixeiradefreitas.com.br\/wp-content\/uploads\/2020\/12\/DSC_1669-768x512.jpg 768w, https:\/\/dioceseteixeiradefreitas.com.br\/wp-content\/uploads\/2020\/12\/DSC_1669-600x400.jpg 600w, https:\/\/dioceseteixeiradefreitas.com.br\/wp-content\/uploads\/2020\/12\/DSC_1669.jpg 1024w\" sizes=\"auto, (max-width: 300px) 100vw, 300px\" \/><\/a>\n\t\t\t<\/div><\/figure><figure class='gallery-item'>\n\t\t\t<div class='gallery-icon landscape'>\n\t\t\t\t<a href='https:\/\/dioceseteixeiradefreitas.com.br\/wp-content\/uploads\/2020\/12\/DSC_1670.jpg'><img loading=\"lazy\" decoding=\"async\" width=\"300\" height=\"200\" src=\"https:\/\/dioceseteixeiradefreitas.com.br\/wp-content\/uploads\/2020\/12\/DSC_1670-300x200.jpg\" class=\"attachment-medium size-medium\" alt=\"\" srcset=\"https:\/\/dioceseteixeiradefreitas.com.br\/wp-content\/uploads\/2020\/12\/DSC_1670-300x200.jpg 300w, https:\/\/dioceseteixeiradefreitas.com.br\/wp-content\/uploads\/2020\/12\/DSC_1670-768x512.jpg 768w, https:\/\/dioceseteixeiradefreitas.com.br\/wp-content\/uploads\/2020\/12\/DSC_1670-600x400.jpg 600w, https:\/\/dioceseteixeiradefreitas.com.br\/wp-content\/uploads\/2020\/12\/DSC_1670.jpg 1024w\" sizes=\"auto, (max-width: 300px) 100vw, 300px\" \/><\/a>\n\t\t\t<\/div><\/figure><figure class='gallery-item'>\n\t\t\t<div class='gallery-icon landscape'>\n\t\t\t\t<a href='https:\/\/dioceseteixeiradefreitas.com.br\/wp-content\/uploads\/2020\/12\/DSC_1673.jpg'><img loading=\"lazy\" decoding=\"async\" width=\"300\" height=\"200\" src=\"https:\/\/dioceseteixeiradefreitas.com.br\/wp-content\/uploads\/2020\/12\/DSC_1673-300x200.jpg\" class=\"attachment-medium size-medium\" alt=\"\" srcset=\"https:\/\/dioceseteixeiradefreitas.com.br\/wp-content\/uploads\/2020\/12\/DSC_1673-300x200.jpg 300w, https:\/\/dioceseteixeiradefreitas.com.br\/wp-content\/uploads\/2020\/12\/DSC_1673-768x512.jpg 768w, https:\/\/dioceseteixeiradefreitas.com.br\/wp-content\/uploads\/2020\/12\/DSC_1673-600x400.jpg 600w, https:\/\/dioceseteixeiradefreitas.com.br\/wp-content\/uploads\/2020\/12\/DSC_1673.jpg 1024w\" sizes=\"auto, (max-width: 300px) 100vw, 300px\" \/><\/a>\n\t\t\t<\/div><\/figure><figure class='gallery-item'>\n\t\t\t<div class='gallery-icon landscape'>\n\t\t\t\t<a href='https:\/\/dioceseteixeiradefreitas.com.br\/wp-content\/uploads\/2020\/12\/DSC_1676.jpg'><img loading=\"lazy\" decoding=\"async\" width=\"300\" height=\"200\" src=\"https:\/\/dioceseteixeiradefreitas.com.br\/wp-content\/uploads\/2020\/12\/DSC_1676-300x200.jpg\" class=\"attachment-medium size-medium\" alt=\"\" srcset=\"https:\/\/dioceseteixeiradefreitas.com.br\/wp-content\/uploads\/2020\/12\/DSC_1676-300x200.jpg 300w, https:\/\/dioceseteixeiradefreitas.com.br\/wp-content\/uploads\/2020\/12\/DSC_1676-768x512.jpg 768w, https:\/\/dioceseteixeiradefreitas.com.br\/wp-content\/uploads\/2020\/12\/DSC_1676-600x400.jpg 600w, https:\/\/dioceseteixeiradefreitas.com.br\/wp-content\/uploads\/2020\/12\/DSC_1676.jpg 1024w\" sizes=\"auto, (max-width: 300px) 100vw, 300px\" \/><\/a>\n\t\t\t<\/div><\/figure><figure class='gallery-item'>\n\t\t\t<div class='gallery-icon landscape'>\n\t\t\t\t<a href='https:\/\/dioceseteixeiradefreitas.com.br\/wp-content\/uploads\/2020\/12\/DSC_1680.jpg'><img loading=\"lazy\" decoding=\"async\" width=\"300\" height=\"200\" src=\"https:\/\/dioceseteixeiradefreitas.com.br\/wp-content\/uploads\/2020\/12\/DSC_1680-300x200.jpg\" class=\"attachment-medium size-medium\" alt=\"\" srcset=\"https:\/\/dioceseteixeiradefreitas.com.br\/wp-content\/uploads\/2020\/12\/DSC_1680-300x200.jpg 300w, https:\/\/dioceseteixeiradefreitas.com.br\/wp-content\/uploads\/2020\/12\/DSC_1680-768x512.jpg 768w, https:\/\/dioceseteixeiradefreitas.com.br\/wp-content\/uploads\/2020\/12\/DSC_1680-600x400.jpg 600w, https:\/\/dioceseteixeiradefreitas.com.br\/wp-content\/uploads\/2020\/12\/DSC_1680.jpg 1024w\" sizes=\"auto, (max-width: 300px) 100vw, 300px\" \/><\/a>\n\t\t\t<\/div><\/figure><figure class='gallery-item'>\n\t\t\t<div class='gallery-icon landscape'>\n\t\t\t\t<a href='https:\/\/dioceseteixeiradefreitas.com.br\/wp-content\/uploads\/2020\/12\/DSC_1681.jpg'><img loading=\"lazy\" decoding=\"async\" width=\"300\" height=\"200\" src=\"https:\/\/dioceseteixeiradefreitas.com.br\/wp-content\/uploads\/2020\/12\/DSC_1681-300x200.jpg\" class=\"attachment-medium size-medium\" alt=\"\" srcset=\"https:\/\/dioceseteixeiradefreitas.com.br\/wp-content\/uploads\/2020\/12\/DSC_1681-300x200.jpg 300w, https:\/\/dioceseteixeiradefreitas.com.br\/wp-content\/uploads\/2020\/12\/DSC_1681-768x512.jpg 768w, https:\/\/dioceseteixeiradefreitas.com.br\/wp-content\/uploads\/2020\/12\/DSC_1681-600x400.jpg 600w, https:\/\/dioceseteixeiradefreitas.com.br\/wp-content\/uploads\/2020\/12\/DSC_1681.jpg 1024w\" sizes=\"auto, (max-width: 300px) 100vw, 300px\" \/><\/a>\n\t\t\t<\/div><\/figure><figure class='gallery-item'>\n\t\t\t<div class='gallery-icon landscape'>\n\t\t\t\t<a href='https:\/\/dioceseteixeiradefreitas.com.br\/wp-content\/uploads\/2020\/12\/DSC_1682.jpg'><img loading=\"lazy\" decoding=\"async\" width=\"300\" height=\"200\" src=\"https:\/\/dioceseteixeiradefreitas.com.br\/wp-content\/uploads\/2020\/12\/DSC_1682-300x200.jpg\" class=\"attachment-medium size-medium\" alt=\"\" srcset=\"https:\/\/dioceseteixeiradefreitas.com.br\/wp-content\/uploads\/2020\/12\/DSC_1682-300x200.jpg 300w, https:\/\/dioceseteixeiradefreitas.com.br\/wp-content\/uploads\/2020\/12\/DSC_1682-768x512.jpg 768w, https:\/\/dioceseteixeiradefreitas.com.br\/wp-content\/uploads\/2020\/12\/DSC_1682-600x400.jpg 600w, https:\/\/dioceseteixeiradefreitas.com.br\/wp-content\/uploads\/2020\/12\/DSC_1682.jpg 1024w\" sizes=\"auto, (max-width: 300px) 100vw, 300px\" \/><\/a>\n\t\t\t<\/div><\/figure><figure class='gallery-item'>\n\t\t\t<div class='gallery-icon landscape'>\n\t\t\t\t<a href='https:\/\/dioceseteixeiradefreitas.com.br\/wp-content\/uploads\/2020\/12\/DSC_1684.jpg'><img loading=\"lazy\" decoding=\"async\" width=\"300\" height=\"200\" src=\"https:\/\/dioceseteixeiradefreitas.com.br\/wp-content\/uploads\/2020\/12\/DSC_1684-300x200.jpg\" class=\"attachment-medium size-medium\" alt=\"\" srcset=\"https:\/\/dioceseteixeiradefreitas.com.br\/wp-content\/uploads\/2020\/12\/DSC_1684-300x200.jpg 300w, https:\/\/dioceseteixeiradefreitas.com.br\/wp-content\/uploads\/2020\/12\/DSC_1684-768x512.jpg 768w, https:\/\/dioceseteixeiradefreitas.com.br\/wp-content\/uploads\/2020\/12\/DSC_1684-600x400.jpg 600w, https:\/\/dioceseteixeiradefreitas.com.br\/wp-content\/uploads\/2020\/12\/DSC_1684.jpg 1024w\" sizes=\"auto, (max-width: 300px) 100vw, 300px\" \/><\/a>\n\t\t\t<\/div><\/figure><figure class='gallery-item'>\n\t\t\t<div class='gallery-icon landscape'>\n\t\t\t\t<a href='https:\/\/dioceseteixeiradefreitas.com.br\/wp-content\/uploads\/2020\/12\/DSC_1705.jpg'><img loading=\"lazy\" decoding=\"async\" width=\"300\" height=\"200\" src=\"https:\/\/dioceseteixeiradefreitas.com.br\/wp-content\/uploads\/2020\/12\/DSC_1705-300x200.jpg\" class=\"attachment-medium size-medium\" alt=\"\" srcset=\"https:\/\/dioceseteixeiradefreitas.com.br\/wp-content\/uploads\/2020\/12\/DSC_1705-300x200.jpg 300w, https:\/\/dioceseteixeiradefreitas.com.br\/wp-content\/uploads\/2020\/12\/DSC_1705-768x512.jpg 768w, https:\/\/dioceseteixeiradefreitas.com.br\/wp-content\/uploads\/2020\/12\/DSC_1705-600x400.jpg 600w, https:\/\/dioceseteixeiradefreitas.com.br\/wp-content\/uploads\/2020\/12\/DSC_1705.jpg 1024w\" sizes=\"auto, (max-width: 300px) 100vw, 300px\" \/><\/a>\n\t\t\t<\/div><\/figure><figure class='gallery-item'>\n\t\t\t<div class='gallery-icon landscape'>\n\t\t\t\t<a href='https:\/\/dioceseteixeiradefreitas.com.br\/wp-content\/uploads\/2020\/12\/DSC_1715.jpg'><img loading=\"lazy\" decoding=\"async\" width=\"300\" height=\"200\" src=\"https:\/\/dioceseteixeiradefreitas.com.br\/wp-content\/uploads\/2020\/12\/DSC_1715-300x200.jpg\" class=\"attachment-medium size-medium\" alt=\"\" srcset=\"https:\/\/dioceseteixeiradefreitas.com.br\/wp-content\/uploads\/2020\/12\/DSC_1715-300x200.jpg 300w, https:\/\/dioceseteixeiradefreitas.com.br\/wp-content\/uploads\/2020\/12\/DSC_1715-768x512.jpg 768w, https:\/\/dioceseteixeiradefreitas.com.br\/wp-content\/uploads\/2020\/12\/DSC_1715-600x400.jpg 600w, https:\/\/dioceseteixeiradefreitas.com.br\/wp-content\/uploads\/2020\/12\/DSC_1715.jpg 1024w\" sizes=\"auto, (max-width: 300px) 100vw, 300px\" \/><\/a>\n\t\t\t<\/div><\/figure><figure class='gallery-item'>\n\t\t\t<div class='gallery-icon landscape'>\n\t\t\t\t<a href='https:\/\/dioceseteixeiradefreitas.com.br\/wp-content\/uploads\/2020\/12\/DSC_1717.jpg'><img loading=\"lazy\" decoding=\"async\" width=\"300\" height=\"200\" src=\"https:\/\/dioceseteixeiradefreitas.com.br\/wp-content\/uploads\/2020\/12\/DSC_1717-300x200.jpg\" class=\"attachment-medium size-medium\" alt=\"\" srcset=\"https:\/\/dioceseteixeiradefreitas.com.br\/wp-content\/uploads\/2020\/12\/DSC_1717-300x200.jpg 300w, https:\/\/dioceseteixeiradefreitas.com.br\/wp-content\/uploads\/2020\/12\/DSC_1717-768x512.jpg 768w, https:\/\/dioceseteixeiradefreitas.com.br\/wp-content\/uploads\/2020\/12\/DSC_1717-600x400.jpg 600w, https:\/\/dioceseteixeiradefreitas.com.br\/wp-content\/uploads\/2020\/12\/DSC_1717.jpg 1024w\" sizes=\"auto, (max-width: 300px) 100vw, 300px\" \/><\/a>\n\t\t\t<\/div><\/figure><figure class='gallery-item'>\n\t\t\t<div class='gallery-icon landscape'>\n\t\t\t\t<a href='https:\/\/dioceseteixeiradefreitas.com.br\/wp-content\/uploads\/2020\/12\/DSC_1721.jpg'><img loading=\"lazy\" decoding=\"async\" width=\"300\" height=\"192\" src=\"https:\/\/dioceseteixeiradefreitas.com.br\/wp-content\/uploads\/2020\/12\/DSC_1721-300x192.jpg\" class=\"attachment-medium size-medium\" alt=\"\" srcset=\"https:\/\/dioceseteixeiradefreitas.com.br\/wp-content\/uploads\/2020\/12\/DSC_1721-300x192.jpg 300w, https:\/\/dioceseteixeiradefreitas.com.br\/wp-content\/uploads\/2020\/12\/DSC_1721-768x492.jpg 768w, https:\/\/dioceseteixeiradefreitas.com.br\/wp-content\/uploads\/2020\/12\/DSC_1721-780x500.jpg 780w, https:\/\/dioceseteixeiradefreitas.com.br\/wp-content\/uploads\/2020\/12\/DSC_1721-600x384.jpg 600w, https:\/\/dioceseteixeiradefreitas.com.br\/wp-content\/uploads\/2020\/12\/DSC_1721.jpg 1024w\" sizes=\"auto, (max-width: 300px) 100vw, 300px\" \/><\/a>\n\t\t\t<\/div><\/figure><figure class='gallery-item'>\n\t\t\t<div class='gallery-icon landscape'>\n\t\t\t\t<a href='https:\/\/dioceseteixeiradefreitas.com.br\/wp-content\/uploads\/2020\/12\/DSC_1726.jpg'><img loading=\"lazy\" decoding=\"async\" width=\"300\" height=\"200\" src=\"https:\/\/dioceseteixeiradefreitas.com.br\/wp-content\/uploads\/2020\/12\/DSC_1726-300x200.jpg\" class=\"attachment-medium size-medium\" alt=\"\" srcset=\"https:\/\/dioceseteixeiradefreitas.com.br\/wp-content\/uploads\/2020\/12\/DSC_1726-300x200.jpg 300w, https:\/\/dioceseteixeiradefreitas.com.br\/wp-content\/uploads\/2020\/12\/DSC_1726-768x512.jpg 768w, https:\/\/dioceseteixeiradefreitas.com.br\/wp-content\/uploads\/2020\/12\/DSC_1726-600x400.jpg 600w, https:\/\/dioceseteixeiradefreitas.com.br\/wp-content\/uploads\/2020\/12\/DSC_1726.jpg 1024w\" sizes=\"auto, (max-width: 300px) 100vw, 300px\" \/><\/a>\n\t\t\t<\/div><\/figure><figure class='gallery-item'>\n\t\t\t<div class='gallery-icon landscape'>\n\t\t\t\t<a href='https:\/\/dioceseteixeiradefreitas.com.br\/wp-content\/uploads\/2020\/12\/DSC_1731.jpg'><img loading=\"lazy\" decoding=\"async\" width=\"300\" height=\"200\" src=\"https:\/\/dioceseteixeiradefreitas.com.br\/wp-content\/uploads\/2020\/12\/DSC_1731-300x200.jpg\" class=\"attachment-medium size-medium\" alt=\"\" srcset=\"https:\/\/dioceseteixeiradefreitas.com.br\/wp-content\/uploads\/2020\/12\/DSC_1731-300x200.jpg 300w, https:\/\/dioceseteixeiradefreitas.com.br\/wp-content\/uploads\/2020\/12\/DSC_1731-768x512.jpg 768w, https:\/\/dioceseteixeiradefreitas.com.br\/wp-content\/uploads\/2020\/12\/DSC_1731-600x400.jpg 600w, https:\/\/dioceseteixeiradefreitas.com.br\/wp-content\/uploads\/2020\/12\/DSC_1731.jpg 1024w\" sizes=\"auto, (max-width: 300px) 100vw, 300px\" \/><\/a>\n\t\t\t<\/div><\/figure><figure class='gallery-item'>\n\t\t\t<div class='gallery-icon landscape'>\n\t\t\t\t<a href='https:\/\/dioceseteixeiradefreitas.com.br\/wp-content\/uploads\/2020\/12\/DSC_1742.jpg'><img loading=\"lazy\" decoding=\"async\" width=\"300\" height=\"200\" src=\"https:\/\/dioceseteixeiradefreitas.com.br\/wp-content\/uploads\/2020\/12\/DSC_1742-300x200.jpg\" class=\"attachment-medium size-medium\" alt=\"\" srcset=\"https:\/\/dioceseteixeiradefreitas.com.br\/wp-content\/uploads\/2020\/12\/DSC_1742-300x200.jpg 300w, https:\/\/dioceseteixeiradefreitas.com.br\/wp-content\/uploads\/2020\/12\/DSC_1742-768x512.jpg 768w, https:\/\/dioceseteixeiradefreitas.com.br\/wp-content\/uploads\/2020\/12\/DSC_1742-600x400.jpg 600w, https:\/\/dioceseteixeiradefreitas.com.br\/wp-content\/uploads\/2020\/12\/DSC_1742.jpg 1024w\" sizes=\"auto, (max-width: 300px) 100vw, 300px\" \/><\/a>\n\t\t\t<\/div><\/figure><figure class='gallery-item'>\n\t\t\t<div class='gallery-icon landscape'>\n\t\t\t\t<a href='https:\/\/dioceseteixeiradefreitas.com.br\/wp-content\/uploads\/2020\/12\/DSC_1743.jpg'><img loading=\"lazy\" decoding=\"async\" width=\"300\" height=\"200\" src=\"https:\/\/dioceseteixeiradefreitas.com.br\/wp-content\/uploads\/2020\/12\/DSC_1743-300x200.jpg\" class=\"attachment-medium size-medium\" alt=\"\" srcset=\"https:\/\/dioceseteixeiradefreitas.com.br\/wp-content\/uploads\/2020\/12\/DSC_1743-300x200.jpg 300w, https:\/\/dioceseteixeiradefreitas.com.br\/wp-content\/uploads\/2020\/12\/DSC_1743-768x512.jpg 768w, https:\/\/dioceseteixeiradefreitas.com.br\/wp-content\/uploads\/2020\/12\/DSC_1743-600x400.jpg 600w, https:\/\/dioceseteixeiradefreitas.com.br\/wp-content\/uploads\/2020\/12\/DSC_1743.jpg 1024w\" sizes=\"auto, (max-width: 300px) 100vw, 300px\" \/><\/a>\n\t\t\t<\/div><\/figure><figure class='gallery-item'>\n\t\t\t<div class='gallery-icon landscape'>\n\t\t\t\t<a href='https:\/\/dioceseteixeiradefreitas.com.br\/wp-content\/uploads\/2020\/12\/DSC_1745.jpg'><img loading=\"lazy\" decoding=\"async\" width=\"300\" height=\"200\" src=\"https:\/\/dioceseteixeiradefreitas.com.br\/wp-content\/uploads\/2020\/12\/DSC_1745-300x200.jpg\" class=\"attachment-medium size-medium\" alt=\"\" srcset=\"https:\/\/dioceseteixeiradefreitas.com.br\/wp-content\/uploads\/2020\/12\/DSC_1745-300x200.jpg 300w, https:\/\/dioceseteixeiradefreitas.com.br\/wp-content\/uploads\/2020\/12\/DSC_1745-768x512.jpg 768w, https:\/\/dioceseteixeiradefreitas.com.br\/wp-content\/uploads\/2020\/12\/DSC_1745-600x400.jpg 600w, https:\/\/dioceseteixeiradefreitas.com.br\/wp-content\/uploads\/2020\/12\/DSC_1745.jpg 1024w\" sizes=\"auto, (max-width: 300px) 100vw, 300px\" \/><\/a>\n\t\t\t<\/div><\/figure><figure class='gallery-item'>\n\t\t\t<div class='gallery-icon landscape'>\n\t\t\t\t<a href='https:\/\/dioceseteixeiradefreitas.com.br\/wp-content\/uploads\/2020\/12\/DSC_1749.jpg'><img loading=\"lazy\" decoding=\"async\" width=\"300\" height=\"200\" src=\"https:\/\/dioceseteixeiradefreitas.com.br\/wp-content\/uploads\/2020\/12\/DSC_1749-300x200.jpg\" class=\"attachment-medium size-medium\" alt=\"\" srcset=\"https:\/\/dioceseteixeiradefreitas.com.br\/wp-content\/uploads\/2020\/12\/DSC_1749-300x200.jpg 300w, https:\/\/dioceseteixeiradefreitas.com.br\/wp-content\/uploads\/2020\/12\/DSC_1749-768x512.jpg 768w, https:\/\/dioceseteixeiradefreitas.com.br\/wp-content\/uploads\/2020\/12\/DSC_1749-600x400.jpg 600w, https:\/\/dioceseteixeiradefreitas.com.br\/wp-content\/uploads\/2020\/12\/DSC_1749.jpg 1024w\" sizes=\"auto, (max-width: 300px) 100vw, 300px\" \/><\/a>\n\t\t\t<\/div><\/figure><figure class='gallery-item'>\n\t\t\t<div class='gallery-icon landscape'>\n\t\t\t\t<a href='https:\/\/dioceseteixeiradefreitas.com.br\/wp-content\/uploads\/2020\/12\/DSC_1761.jpg'><img loading=\"lazy\" decoding=\"async\" width=\"300\" height=\"200\" src=\"https:\/\/dioceseteixeiradefreitas.com.br\/wp-content\/uploads\/2020\/12\/DSC_1761-300x200.jpg\" class=\"attachment-medium size-medium\" alt=\"\" srcset=\"https:\/\/dioceseteixeiradefreitas.com.br\/wp-content\/uploads\/2020\/12\/DSC_1761-300x200.jpg 300w, https:\/\/dioceseteixeiradefreitas.com.br\/wp-content\/uploads\/2020\/12\/DSC_1761-768x512.jpg 768w, https:\/\/dioceseteixeiradefreitas.com.br\/wp-content\/uploads\/2020\/12\/DSC_1761-600x400.jpg 600w, https:\/\/dioceseteixeiradefreitas.com.br\/wp-content\/uploads\/2020\/12\/DSC_1761.jpg 1024w\" sizes=\"auto, (max-width: 300px) 100vw, 300px\" \/><\/a>\n\t\t\t<\/div><\/figure><figure class='gallery-item'>\n\t\t\t<div class='gallery-icon landscape'>\n\t\t\t\t<a href='https:\/\/dioceseteixeiradefreitas.com.br\/wp-content\/uploads\/2020\/12\/DSC_1763.jpg'><img loading=\"lazy\" decoding=\"async\" width=\"300\" height=\"200\" src=\"https:\/\/dioceseteixeiradefreitas.com.br\/wp-content\/uploads\/2020\/12\/DSC_1763-300x200.jpg\" class=\"attachment-medium size-medium\" alt=\"\" srcset=\"https:\/\/dioceseteixeiradefreitas.com.br\/wp-content\/uploads\/2020\/12\/DSC_1763-300x200.jpg 300w, https:\/\/dioceseteixeiradefreitas.com.br\/wp-content\/uploads\/2020\/12\/DSC_1763-768x512.jpg 768w, https:\/\/dioceseteixeiradefreitas.com.br\/wp-content\/uploads\/2020\/12\/DSC_1763-600x400.jpg 600w, https:\/\/dioceseteixeiradefreitas.com.br\/wp-content\/uploads\/2020\/12\/DSC_1763.jpg 1024w\" sizes=\"auto, (max-width: 300px) 100vw, 300px\" \/><\/a>\n\t\t\t<\/div><\/figure><figure class='gallery-item'>\n\t\t\t<div class='gallery-icon portrait'>\n\t\t\t\t<a href='https:\/\/dioceseteixeiradefreitas.com.br\/wp-content\/uploads\/2020\/12\/DSC_1765.jpg'><img loading=\"lazy\" decoding=\"async\" width=\"200\" height=\"300\" src=\"https:\/\/dioceseteixeiradefreitas.com.br\/wp-content\/uploads\/2020\/12\/DSC_1765-200x300.jpg\" class=\"attachment-medium size-medium\" alt=\"\" srcset=\"https:\/\/dioceseteixeiradefreitas.com.br\/wp-content\/uploads\/2020\/12\/DSC_1765-200x300.jpg 200w, https:\/\/dioceseteixeiradefreitas.com.br\/wp-content\/uploads\/2020\/12\/DSC_1765-600x900.jpg 600w, https:\/\/dioceseteixeiradefreitas.com.br\/wp-content\/uploads\/2020\/12\/DSC_1765.jpg 683w\" sizes=\"auto, (max-width: 200px) 100vw, 200px\" \/><\/a>\n\t\t\t<\/div><\/figure><figure class='gallery-item'>\n\t\t\t<div class='gallery-icon portrait'>\n\t\t\t\t<a href='https:\/\/dioceseteixeiradefreitas.com.br\/wp-content\/uploads\/2020\/12\/DSC_1767.jpg'><img loading=\"lazy\" decoding=\"async\" width=\"200\" height=\"300\" src=\"https:\/\/dioceseteixeiradefreitas.com.br\/wp-content\/uploads\/2020\/12\/DSC_1767-200x300.jpg\" class=\"attachment-medium size-medium\" alt=\"\" srcset=\"https:\/\/dioceseteixeiradefreitas.com.br\/wp-content\/uploads\/2020\/12\/DSC_1767-200x300.jpg 200w, https:\/\/dioceseteixeiradefreitas.com.br\/wp-content\/uploads\/2020\/12\/DSC_1767-600x900.jpg 600w, https:\/\/dioceseteixeiradefreitas.com.br\/wp-content\/uploads\/2020\/12\/DSC_1767.jpg 683w\" sizes=\"auto, (max-width: 200px) 100vw, 200px\" \/><\/a>\n\t\t\t<\/div><\/figure><figure class='gallery-item'>\n\t\t\t<div class='gallery-icon portrait'>\n\t\t\t\t<a href='https:\/\/dioceseteixeiradefreitas.com.br\/wp-content\/uploads\/2020\/12\/DSC_1768.jpg'><img loading=\"lazy\" decoding=\"async\" width=\"200\" height=\"300\" src=\"https:\/\/dioceseteixeiradefreitas.com.br\/wp-content\/uploads\/2020\/12\/DSC_1768-200x300.jpg\" class=\"attachment-medium size-medium\" alt=\"\" srcset=\"https:\/\/dioceseteixeiradefreitas.com.br\/wp-content\/uploads\/2020\/12\/DSC_1768-200x300.jpg 200w, https:\/\/dioceseteixeiradefreitas.com.br\/wp-content\/uploads\/2020\/12\/DSC_1768-600x900.jpg 600w, https:\/\/dioceseteixeiradefreitas.com.br\/wp-content\/uploads\/2020\/12\/DSC_1768.jpg 683w\" sizes=\"auto, (max-width: 200px) 100vw, 200px\" \/><\/a>\n\t\t\t<\/div><\/figure><figure class='gallery-item'>\n\t\t\t<div class='gallery-icon portrait'>\n\t\t\t\t<a href='https:\/\/dioceseteixeiradefreitas.com.br\/wp-content\/uploads\/2020\/12\/DSC_1770.jpg'><img loading=\"lazy\" decoding=\"async\" width=\"200\" height=\"300\" src=\"https:\/\/dioceseteixeiradefreitas.com.br\/wp-content\/uploads\/2020\/12\/DSC_1770-200x300.jpg\" class=\"attachment-medium size-medium\" alt=\"\" srcset=\"https:\/\/dioceseteixeiradefreitas.com.br\/wp-content\/uploads\/2020\/12\/DSC_1770-200x300.jpg 200w, https:\/\/dioceseteixeiradefreitas.com.br\/wp-content\/uploads\/2020\/12\/DSC_1770-600x900.jpg 600w, https:\/\/dioceseteixeiradefreitas.com.br\/wp-content\/uploads\/2020\/12\/DSC_1770.jpg 683w\" sizes=\"auto, (max-width: 200px) 100vw, 200px\" \/><\/a>\n\t\t\t<\/div><\/figure><figure class='gallery-item'>\n\t\t\t<div class='gallery-icon portrait'>\n\t\t\t\t<a href='https:\/\/dioceseteixeiradefreitas.com.br\/wp-content\/uploads\/2020\/12\/DSC_1772.jpg'><img loading=\"lazy\" decoding=\"async\" width=\"200\" height=\"300\" src=\"https:\/\/dioceseteixeiradefreitas.com.br\/wp-content\/uploads\/2020\/12\/DSC_1772-200x300.jpg\" class=\"attachment-medium size-medium\" alt=\"\" srcset=\"https:\/\/dioceseteixeiradefreitas.com.br\/wp-content\/uploads\/2020\/12\/DSC_1772-200x300.jpg 200w, https:\/\/dioceseteixeiradefreitas.com.br\/wp-content\/uploads\/2020\/12\/DSC_1772-600x900.jpg 600w, https:\/\/dioceseteixeiradefreitas.com.br\/wp-content\/uploads\/2020\/12\/DSC_1772.jpg 683w\" sizes=\"auto, (max-width: 200px) 100vw, 200px\" \/><\/a>\n\t\t\t<\/div><\/figure><figure class='gallery-item'>\n\t\t\t<div class='gallery-icon portrait'>\n\t\t\t\t<a href='https:\/\/dioceseteixeiradefreitas.com.br\/wp-content\/uploads\/2020\/12\/DSC_1774.jpg'><img loading=\"lazy\" decoding=\"async\" width=\"200\" height=\"300\" src=\"https:\/\/dioceseteixeiradefreitas.com.br\/wp-content\/uploads\/2020\/12\/DSC_1774-200x300.jpg\" class=\"attachment-medium size-medium\" alt=\"\" srcset=\"https:\/\/dioceseteixeiradefreitas.com.br\/wp-content\/uploads\/2020\/12\/DSC_1774-200x300.jpg 200w, https:\/\/dioceseteixeiradefreitas.com.br\/wp-content\/uploads\/2020\/12\/DSC_1774-600x900.jpg 600w, https:\/\/dioceseteixeiradefreitas.com.br\/wp-content\/uploads\/2020\/12\/DSC_1774.jpg 683w\" sizes=\"auto, (max-width: 200px) 100vw, 200px\" \/><\/a>\n\t\t\t<\/div><\/figure><figure class='gallery-item'>\n\t\t\t<div class='gallery-icon portrait'>\n\t\t\t\t<a href='https:\/\/dioceseteixeiradefreitas.com.br\/wp-content\/uploads\/2020\/12\/DSC_1776.jpg'><img loading=\"lazy\" decoding=\"async\" width=\"200\" height=\"300\" src=\"https:\/\/dioceseteixeiradefreitas.com.br\/wp-content\/uploads\/2020\/12\/DSC_1776-200x300.jpg\" class=\"attachment-medium size-medium\" alt=\"\" srcset=\"https:\/\/dioceseteixeiradefreitas.com.br\/wp-content\/uploads\/2020\/12\/DSC_1776-200x300.jpg 200w, https:\/\/dioceseteixeiradefreitas.com.br\/wp-content\/uploads\/2020\/12\/DSC_1776-600x900.jpg 600w, https:\/\/dioceseteixeiradefreitas.com.br\/wp-content\/uploads\/2020\/12\/DSC_1776.jpg 683w\" sizes=\"auto, (max-width: 200px) 100vw, 200px\" \/><\/a>\n\t\t\t<\/div><\/figure><figure class='gallery-item'>\n\t\t\t<div class='gallery-icon portrait'>\n\t\t\t\t<a href='https:\/\/dioceseteixeiradefreitas.com.br\/wp-content\/uploads\/2020\/12\/DSC_1778.jpg'><img loading=\"lazy\" decoding=\"async\" width=\"200\" height=\"300\" src=\"https:\/\/dioceseteixeiradefreitas.com.br\/wp-content\/uploads\/2020\/12\/DSC_1778-200x300.jpg\" class=\"attachment-medium size-medium\" alt=\"\" srcset=\"https:\/\/dioceseteixeiradefreitas.com.br\/wp-content\/uploads\/2020\/12\/DSC_1778-200x300.jpg 200w, https:\/\/dioceseteixeiradefreitas.com.br\/wp-content\/uploads\/2020\/12\/DSC_1778-600x900.jpg 600w, https:\/\/dioceseteixeiradefreitas.com.br\/wp-content\/uploads\/2020\/12\/DSC_1778.jpg 683w\" sizes=\"auto, (max-width: 200px) 100vw, 200px\" \/><\/a>\n\t\t\t<\/div><\/figure><figure class='gallery-item'>\n\t\t\t<div class='gallery-icon landscape'>\n\t\t\t\t<a href='https:\/\/dioceseteixeiradefreitas.com.br\/wp-content\/uploads\/2020\/12\/DSC_1788.jpg'><img loading=\"lazy\" decoding=\"async\" width=\"300\" height=\"200\" src=\"https:\/\/dioceseteixeiradefreitas.com.br\/wp-content\/uploads\/2020\/12\/DSC_1788-300x200.jpg\" class=\"attachment-medium size-medium\" alt=\"\" srcset=\"https:\/\/dioceseteixeiradefreitas.com.br\/wp-content\/uploads\/2020\/12\/DSC_1788-300x200.jpg 300w, https:\/\/dioceseteixeiradefreitas.com.br\/wp-content\/uploads\/2020\/12\/DSC_1788-768x512.jpg 768w, https:\/\/dioceseteixeiradefreitas.com.br\/wp-content\/uploads\/2020\/12\/DSC_1788-600x400.jpg 600w, https:\/\/dioceseteixeiradefreitas.com.br\/wp-content\/uploads\/2020\/12\/DSC_1788.jpg 1024w\" sizes=\"auto, (max-width: 300px) 100vw, 300px\" \/><\/a>\n\t\t\t<\/div><\/figure><figure class='gallery-item'>\n\t\t\t<div class='gallery-icon landscape'>\n\t\t\t\t<a href='https:\/\/dioceseteixeiradefreitas.com.br\/wp-content\/uploads\/2020\/12\/DSC_1789.jpg'><img loading=\"lazy\" decoding=\"async\" width=\"300\" height=\"200\" src=\"https:\/\/dioceseteixeiradefreitas.com.br\/wp-content\/uploads\/2020\/12\/DSC_1789-300x200.jpg\" class=\"attachment-medium size-medium\" alt=\"\" srcset=\"https:\/\/dioceseteixeiradefreitas.com.br\/wp-content\/uploads\/2020\/12\/DSC_1789-300x200.jpg 300w, https:\/\/dioceseteixeiradefreitas.com.br\/wp-content\/uploads\/2020\/12\/DSC_1789-768x512.jpg 768w, https:\/\/dioceseteixeiradefreitas.com.br\/wp-content\/uploads\/2020\/12\/DSC_1789-600x400.jpg 600w, https:\/\/dioceseteixeiradefreitas.com.br\/wp-content\/uploads\/2020\/12\/DSC_1789.jpg 1024w\" sizes=\"auto, (max-width: 300px) 100vw, 300px\" \/><\/a>\n\t\t\t<\/div><\/figure>\n\t\t<\/div>\n\n<p>&nbsp;<\/p>\n","protected":false},"excerpt":{"rendered":"<p>Aconteceu neste domingo, 20 de Dezembro de 2020, na Catedral S\u00e3o Pedro em Teixeira de Freitas &#8211; BA, na Celebra\u00e7\u00e3o Eucar\u00edstica do 4\u00ba Domingo do Advento, a admiss\u00e3o ao minist\u00e9rio de Leitorado dos seminaristas Kayo Campeche Barros, Manoel Freire de Oliveira Neto, Mathaus Sampaio Sales, S\u00e1vio Marques Fiorot e Vitor Alves de Aguilar, e ao &hellip;<\/p>\n","protected":false},"author":24,"featured_media":12060,"comment_status":"closed","ping_status":"closed","sticky":false,"template":"","format":"standard","meta":{"footnotes":""},"categories":[100],"tags":[384,731,335,385,160],"class_list":["post-11853","post","type-post","status-publish","format-standard","has-post-thumbnail","hentry","category-noticias-diocesanas","tag-acolitato","tag-admissao-aos-ministerios","tag-diocese-teixeira-de-freitas","tag-leitorado","tag-seminaristas"],"_links":{"self":[{"href":"https:\/\/dioceseteixeiradefreitas.com.br\/index.php?rest_route=\/wp\/v2\/posts\/11853","targetHints":{"allow":["GET"]}}],"collection":[{"href":"https:\/\/dioceseteixeiradefreitas.com.br\/index.php?rest_route=\/wp\/v2\/posts"}],"about":[{"href":"https:\/\/dioceseteixeiradefreitas.com.br\/index.php?rest_route=\/wp\/v2\/types\/post"}],"author":[{"embeddable":true,"href":"https:\/\/dioceseteixeiradefreitas.com.br\/index.php?rest_route=\/wp\/v2\/users\/24"}],"replies":[{"embeddable":true,"href":"https:\/\/dioceseteixeiradefreitas.com.br\/index.php?rest_route=%2Fwp%2Fv2%2Fcomments&post=11853"}],"version-history":[{"count":11,"href":"https:\/\/dioceseteixeiradefreitas.com.br\/index.php?rest_route=\/wp\/v2\/posts\/11853\/revisions"}],"predecessor-version":[{"id":12123,"href":"https:\/\/dioceseteixeiradefreitas.com.br\/index.php?rest_route=\/wp\/v2\/posts\/11853\/revisions\/12123"}],"wp:featuredmedia":[{"embeddable":true,"href":"https:\/\/dioceseteixeiradefreitas.com.br\/index.php?rest_route=\/wp\/v2\/media\/12060"}],"wp:attachment":[{"href":"https:\/\/dioceseteixeiradefreitas.com.br\/index.php?rest_route=%2Fwp%2Fv2%2Fmedia&parent=11853"}],"wp:term":[{"taxonomy":"category","embeddable":true,"href":"https:\/\/dioceseteixeiradefreitas.com.br\/index.php?rest_route=%2Fwp%2Fv2%2Fcategories&post=11853"},{"taxonomy":"post_tag","embeddable":true,"href":"https:\/\/dioceseteixeiradefreitas.com.br\/index.php?rest_route=%2Fwp%2Fv2%2Ftags&post=11853"}],"curies":[{"name":"wp","href":"https:\/\/api.w.org\/{rel}","templated":true}]}}