{"id":12151,"date":"2021-01-09T17:36:59","date_gmt":"2021-01-09T20:36:59","guid":{"rendered":"https:\/\/dioceseteixeiradefreitas.com.br\/?p=12151"},"modified":"2021-01-12T08:29:50","modified_gmt":"2021-01-12T11:29:50","slug":"festa-de-sao-sebastiao-2021-em-teixeira-de-freitas-participe","status":"publish","type":"post","link":"https:\/\/dioceseteixeiradefreitas.com.br\/?p=12151","title":{"rendered":"Festa de S\u00e3o Sebasti\u00e3o 2021 em Teixeira de Freitas, participe!"},"content":{"rendered":"<figure id=\"attachment_12152\" aria-describedby=\"caption-attachment-12152\" style=\"width: 1264px\" class=\"wp-caption aligncenter\"><img loading=\"lazy\" decoding=\"async\" class=\"wp-image-12152 size-full\" src=\"https:\/\/dioceseteixeiradefreitas.com.br\/wp-content\/uploads\/2021\/01\/Festa-do-padroeiro.jpg\" alt=\"\" width=\"1264\" height=\"1160\" srcset=\"https:\/\/dioceseteixeiradefreitas.com.br\/wp-content\/uploads\/2021\/01\/Festa-do-padroeiro.jpg 1264w, https:\/\/dioceseteixeiradefreitas.com.br\/wp-content\/uploads\/2021\/01\/Festa-do-padroeiro-300x275.jpg 300w, https:\/\/dioceseteixeiradefreitas.com.br\/wp-content\/uploads\/2021\/01\/Festa-do-padroeiro-1024x940.jpg 1024w, https:\/\/dioceseteixeiradefreitas.com.br\/wp-content\/uploads\/2021\/01\/Festa-do-padroeiro-768x705.jpg 768w, https:\/\/dioceseteixeiradefreitas.com.br\/wp-content\/uploads\/2021\/01\/Festa-do-padroeiro-600x551.jpg 600w\" sizes=\"auto, (max-width: 1264px) 100vw, 1264px\" \/><figcaption id=\"caption-attachment-12152\" class=\"wp-caption-text\">Cartaz da programa\u00e7\u00e3o da Festa de S\u00e3o Sebasti\u00e3o em Teixeira de Freitas \u2013 Imagem: PASCOM S\u00e3o Sebasti\u00e3o\/Divulga\u00e7\u00e3o<\/figcaption><\/figure>\n<p>Os fi\u00e9is da Par\u00f3quia S\u00e3o Sebasti\u00e3o de Teixeira de Freitas, j\u00e1 iniciaram a contagem regressiva para o in\u00edcio do Festa em honra ao padroeiro. A tradicional festa acontecer\u00e1 nos dias 17 a 20 de janeiro. O tema escolhido pela equipe de organiza\u00e7\u00e3o \u00e9 \u2018<em>Ano do P\u00e3o, Viva S\u00e3o Sebasti\u00e3o<\/em>\u2019. A abertura acontece no dia (17), com a Santa Missa presidida pelo p\u00e1roco, Pe. Mois\u00e9s Porcino. Todos os dias Santa Missa, celebrada por padres convidados da diocese.<\/p>\n<p>Para as celebra\u00e7\u00f5es, a Par\u00f3quia ir\u00e1 seguir os protocolos e os cuidados necess\u00e1rios para evitar o cont\u00e1gio do Coronav\u00edrus, por isso, para participar \u00e9 preciso fazer o agendamento na Secretaria Paroquial em hor\u00e1rio comercial.<\/p>\n<p><strong>PROGRAMA\u00c7\u00c3O<\/strong><\/p>\n<p><strong>17\/01 &#8211; 18h<\/strong> <strong>Santa Missa<\/strong><br \/>\nCelebrante: Pe. Mois\u00e9s<\/p>\n<p><strong>18\/01 &#8211; 19h<\/strong> <strong>Santa Missa<\/strong><br \/>\nCelebrante: Pe. Jaelson Cerqueira<\/p>\n<p><strong>19\/01 &#8211; 19h<\/strong> <strong>Santa Missa<\/strong><br \/>\nPresidida por Dom Jailton de Oliveira Lino<\/p>\n<p><strong>20\/01 &#8211; 19h<\/strong> <strong>Santa Missa<\/strong><br \/>\nCelebrante: Pe Mois\u00e9s<\/p>\n<p>Participe da Festa de S\u00e3o Sebasti\u00e3o em Teixeira de Freitas. Venha e traga sua fam\u00edlia! A Igreja Matriz fica localizada na Rua Joel Afonso de Farias, 28 \u2013 Vila Vargas.<\/p>\n","protected":false},"excerpt":{"rendered":"<p>Os fi\u00e9is da Par\u00f3quia S\u00e3o Sebasti\u00e3o de Teixeira de Freitas, j\u00e1 iniciaram a contagem regressiva para o in\u00edcio do Festa em honra ao padroeiro. A tradicional festa acontecer\u00e1 nos dias 17 a 20 de janeiro. O tema escolhido pela equipe de organiza\u00e7\u00e3o \u00e9 \u2018Ano do P\u00e3o, Viva S\u00e3o Sebasti\u00e3o\u2019. A abertura acontece no dia (17), &hellip;<\/p>\n","protected":false},"author":1,"featured_media":12152,"comment_status":"closed","ping_status":"closed","sticky":false,"template":"","format":"standard","meta":{"footnotes":""},"categories":[310],"tags":[410,57,740,30,365],"class_list":["post-12151","post","type-post","status-publish","format-standard","has-post-thumbnail","hentry","category-noticias-paroquiais","tag-festa-de-sao-sebastiao","tag-forania-sao-pedro","tag-padre-moises","tag-pascom-2","tag-teixeira-de-freitas"],"_links":{"self":[{"href":"https:\/\/dioceseteixeiradefreitas.com.br\/index.php?rest_route=\/wp\/v2\/posts\/12151","targetHints":{"allow":["GET"]}}],"collection":[{"href":"https:\/\/dioceseteixeiradefreitas.com.br\/index.php?rest_route=\/wp\/v2\/posts"}],"about":[{"href":"https:\/\/dioceseteixeiradefreitas.com.br\/index.php?rest_route=\/wp\/v2\/types\/post"}],"author":[{"embeddable":true,"href":"https:\/\/dioceseteixeiradefreitas.com.br\/index.php?rest_route=\/wp\/v2\/users\/1"}],"replies":[{"embeddable":true,"href":"https:\/\/dioceseteixeiradefreitas.com.br\/index.php?rest_route=%2Fwp%2Fv2%2Fcomments&post=12151"}],"version-history":[{"count":2,"href":"https:\/\/dioceseteixeiradefreitas.com.br\/index.php?rest_route=\/wp\/v2\/posts\/12151\/revisions"}],"predecessor-version":[{"id":12201,"href":"https:\/\/dioceseteixeiradefreitas.com.br\/index.php?rest_route=\/wp\/v2\/posts\/12151\/revisions\/12201"}],"wp:featuredmedia":[{"embeddable":true,"href":"https:\/\/dioceseteixeiradefreitas.com.br\/index.php?rest_route=\/wp\/v2\/media\/12152"}],"wp:attachment":[{"href":"https:\/\/dioceseteixeiradefreitas.com.br\/index.php?rest_route=%2Fwp%2Fv2%2Fmedia&parent=12151"}],"wp:term":[{"taxonomy":"category","embeddable":true,"href":"https:\/\/dioceseteixeiradefreitas.com.br\/index.php?rest_route=%2Fwp%2Fv2%2Fcategories&post=12151"},{"taxonomy":"post_tag","embeddable":true,"href":"https:\/\/dioceseteixeiradefreitas.com.br\/index.php?rest_route=%2Fwp%2Fv2%2Ftags&post=12151"}],"curies":[{"name":"wp","href":"https:\/\/api.w.org\/{rel}","templated":true}]}}