{"id":12155,"date":"2021-01-08T09:46:10","date_gmt":"2021-01-08T12:46:10","guid":{"rendered":"https:\/\/dioceseteixeiradefreitas.com.br\/?p=12155"},"modified":"2021-01-09T17:46:28","modified_gmt":"2021-01-09T20:46:28","slug":"novo-nuncio-apostolico-chega-ao-brasil-e-apresenta-credenciais","status":"publish","type":"post","link":"https:\/\/dioceseteixeiradefreitas.com.br\/?p=12155","title":{"rendered":"NOVO N\u00daNCIO APOST\u00d3LICO CHEGA AO BRASIL E APRESENTA CREDENCIAIS"},"content":{"rendered":"<figure id=\"attachment_12156\" aria-describedby=\"caption-attachment-12156\" style=\"width: 747px\" class=\"wp-caption aligncenter\"><img loading=\"lazy\" decoding=\"async\" class=\"wp-image-12156 size-full\" src=\"https:\/\/dioceseteixeiradefreitas.com.br\/wp-content\/uploads\/2021\/01\/dom-Giambatistta-Diquattro-assinatura-p12dfvulscqw9sspyz3ykwdx97l6sk7rpdbxgo8qrc.jpg\" alt=\"\" width=\"747\" height=\"428\" srcset=\"https:\/\/dioceseteixeiradefreitas.com.br\/wp-content\/uploads\/2021\/01\/dom-Giambatistta-Diquattro-assinatura-p12dfvulscqw9sspyz3ykwdx97l6sk7rpdbxgo8qrc.jpg 747w, https:\/\/dioceseteixeiradefreitas.com.br\/wp-content\/uploads\/2021\/01\/dom-Giambatistta-Diquattro-assinatura-p12dfvulscqw9sspyz3ykwdx97l6sk7rpdbxgo8qrc-300x172.jpg 300w, https:\/\/dioceseteixeiradefreitas.com.br\/wp-content\/uploads\/2021\/01\/dom-Giambatistta-Diquattro-assinatura-p12dfvulscqw9sspyz3ykwdx97l6sk7rpdbxgo8qrc-600x344.jpg 600w\" sizes=\"auto, (max-width: 747px) 100vw, 747px\" \/><figcaption id=\"caption-attachment-12156\" class=\"wp-caption-text\">Novo N\u00fancio Apost\u00f3lico Dom Giambattista &#8211; Foto: Isac N\u00f3brega\/PR<\/figcaption><\/figure>\n<p>O novo n\u00fancio apost\u00f3lico da Santa S\u00e9 no Brasil, dom Giambattista Diquattro, desembarcou em Bras\u00edlia (DF) na manh\u00e3 de quinta-feira, 7 de janeiro, e apresentou-se \u00e0 equipe da Nunciatura. Na parte da tarde, o embaixador da Santa S\u00e9 entregou a carta credencial ao presidente da Rep\u00fablica, Jair Bolsonaro, em cerim\u00f4nia que marcou o in\u00edcio de sua atua\u00e7\u00e3o diplom\u00e1tica no pa\u00eds.<\/p>\n<figure id=\"attachment_12158\" aria-describedby=\"caption-attachment-12158\" style=\"width: 1280px\" class=\"wp-caption aligncenter\"><img loading=\"lazy\" decoding=\"async\" class=\"wp-image-12158 size-full\" src=\"https:\/\/dioceseteixeiradefreitas.com.br\/wp-content\/uploads\/2021\/01\/ErJ5LcwXMAIS4uP.jpg\" alt=\"\" width=\"1280\" height=\"853\" srcset=\"https:\/\/dioceseteixeiradefreitas.com.br\/wp-content\/uploads\/2021\/01\/ErJ5LcwXMAIS4uP.jpg 1280w, https:\/\/dioceseteixeiradefreitas.com.br\/wp-content\/uploads\/2021\/01\/ErJ5LcwXMAIS4uP-300x200.jpg 300w, https:\/\/dioceseteixeiradefreitas.com.br\/wp-content\/uploads\/2021\/01\/ErJ5LcwXMAIS4uP-1024x682.jpg 1024w, https:\/\/dioceseteixeiradefreitas.com.br\/wp-content\/uploads\/2021\/01\/ErJ5LcwXMAIS4uP-768x512.jpg 768w, https:\/\/dioceseteixeiradefreitas.com.br\/wp-content\/uploads\/2021\/01\/ErJ5LcwXMAIS4uP-600x400.jpg 600w\" sizes=\"auto, (max-width: 1280px) 100vw, 1280px\" \/><figcaption id=\"caption-attachment-12158\" class=\"wp-caption-text\">Presidente Jair Bolsonaro recebe credenciais de Dom Giambattista &#8211; Foto: Isac N\u00f3brega\/PR<\/figcaption><\/figure>\n<p>Dom Giambattista Diquattro foi nomeado n\u00fancio apost\u00f3lico para o Brasil pelo Papa Francisco, em 29 de agosto de 2020.<\/p>\n<p>Nascido em Bolonha, Em\u00edlia-Romanha, It\u00e1lia, em 18 de mar\u00e7o de 1954, Giambattista Diquattro \u00e9 arcebispo, diplomata, te\u00f3logo e canonista. Foi ordenado sacerdote em 1981. \u00c9 mestre em Direito Civil pela Universidade de Cat\u00e2nia, e doutor em Direito Can\u00f4nico pela Pontif\u00edcia Universidade Lateranense de Roma, al\u00e9m de mestre em Teologia Dogm\u00e1tica pela Pontif\u00edcia Universidade Gregoriana de Roma.<\/p>\n<figure id=\"attachment_12157\" aria-describedby=\"caption-attachment-12157\" style=\"width: 1000px\" class=\"wp-caption aligncenter\"><img loading=\"lazy\" decoding=\"async\" class=\"wp-image-12157 size-full\" src=\"https:\/\/dioceseteixeiradefreitas.com.br\/wp-content\/uploads\/2021\/01\/cq5dam.thumbnail.cropped.1000.563.jpeg\" alt=\"\" width=\"1000\" height=\"563\" srcset=\"https:\/\/dioceseteixeiradefreitas.com.br\/wp-content\/uploads\/2021\/01\/cq5dam.thumbnail.cropped.1000.563.jpeg 1000w, https:\/\/dioceseteixeiradefreitas.com.br\/wp-content\/uploads\/2021\/01\/cq5dam.thumbnail.cropped.1000.563-300x169.jpeg 300w, https:\/\/dioceseteixeiradefreitas.com.br\/wp-content\/uploads\/2021\/01\/cq5dam.thumbnail.cropped.1000.563-768x432.jpeg 768w, https:\/\/dioceseteixeiradefreitas.com.br\/wp-content\/uploads\/2021\/01\/cq5dam.thumbnail.cropped.1000.563-390x220.jpeg 390w, https:\/\/dioceseteixeiradefreitas.com.br\/wp-content\/uploads\/2021\/01\/cq5dam.thumbnail.cropped.1000.563-600x338.jpeg 600w\" sizes=\"auto, (max-width: 1000px) 100vw, 1000px\" \/><figcaption id=\"caption-attachment-12157\" class=\"wp-caption-text\">Dom Giambattista | Foto: Isac N\u00f3brega\/PR<\/figcaption><\/figure>\n<p>Entrou para o Servi\u00e7o Diplom\u00e1tico da Santa S\u00e9 em 1\u00ba de maio de 1985, e serviu em miss\u00f5es diplom\u00e1ticas nas representa\u00e7\u00f5es pontif\u00edcias na Rep\u00fablica Centro-Africana, Rep\u00fablica Democr\u00e1tica do Congo e Chade, nas Na\u00e7\u00f5es Unidas em Nova York, e mais tarde na Secretaria de Estado do Vaticano, e na Nunciatura Apost\u00f3lica na It\u00e1lia. O Papa Jo\u00e3o Paulo II o nomeou n\u00fancio apost\u00f3lico no Panam\u00e1 em 2 de abril de 2005. Bento XVI o nomeou n\u00fancio apost\u00f3lico na Bol\u00edvia em 21 de novembro de 2008 e em 21 de janeiro de 2017. Mais recentemente, o Papa Francisco o nomeou n\u00fancio apost\u00f3lico na \u00cdndia e no Nepal.<\/p>\n<p>Fotos: Isac N\u00f3brega\/PR, via CNBB<\/p>\n","protected":false},"excerpt":{"rendered":"<p>O novo n\u00fancio apost\u00f3lico da Santa S\u00e9 no Brasil, dom Giambattista Diquattro, desembarcou em Bras\u00edlia (DF) na manh\u00e3 de quinta-feira, 7 de janeiro, e apresentou-se \u00e0 equipe da Nunciatura. Na parte da tarde, o embaixador da Santa S\u00e9 entregou a carta credencial ao presidente da Rep\u00fablica, Jair Bolsonaro, em cerim\u00f4nia que marcou o in\u00edcio de &hellip;<\/p>\n","protected":false},"author":1,"featured_media":12156,"comment_status":"closed","ping_status":"closed","sticky":false,"template":"","format":"standard","meta":{"footnotes":""},"categories":[104],"tags":[571,191,629,630],"class_list":["post-12155","post","type-post","status-publish","format-standard","has-post-thumbnail","hentry","category-noticias-da-cnbb","tag-brasilia","tag-cnbb","tag-dom-giambattista-diquattro","tag-novo-nuncio-apostolico-no-brasil"],"_links":{"self":[{"href":"https:\/\/dioceseteixeiradefreitas.com.br\/index.php?rest_route=\/wp\/v2\/posts\/12155","targetHints":{"allow":["GET"]}}],"collection":[{"href":"https:\/\/dioceseteixeiradefreitas.com.br\/index.php?rest_route=\/wp\/v2\/posts"}],"about":[{"href":"https:\/\/dioceseteixeiradefreitas.com.br\/index.php?rest_route=\/wp\/v2\/types\/post"}],"author":[{"embeddable":true,"href":"https:\/\/dioceseteixeiradefreitas.com.br\/index.php?rest_route=\/wp\/v2\/users\/1"}],"replies":[{"embeddable":true,"href":"https:\/\/dioceseteixeiradefreitas.com.br\/index.php?rest_route=%2Fwp%2Fv2%2Fcomments&post=12155"}],"version-history":[{"count":1,"href":"https:\/\/dioceseteixeiradefreitas.com.br\/index.php?rest_route=\/wp\/v2\/posts\/12155\/revisions"}],"predecessor-version":[{"id":12159,"href":"https:\/\/dioceseteixeiradefreitas.com.br\/index.php?rest_route=\/wp\/v2\/posts\/12155\/revisions\/12159"}],"wp:featuredmedia":[{"embeddable":true,"href":"https:\/\/dioceseteixeiradefreitas.com.br\/index.php?rest_route=\/wp\/v2\/media\/12156"}],"wp:attachment":[{"href":"https:\/\/dioceseteixeiradefreitas.com.br\/index.php?rest_route=%2Fwp%2Fv2%2Fmedia&parent=12155"}],"wp:term":[{"taxonomy":"category","embeddable":true,"href":"https:\/\/dioceseteixeiradefreitas.com.br\/index.php?rest_route=%2Fwp%2Fv2%2Fcategories&post=12155"},{"taxonomy":"post_tag","embeddable":true,"href":"https:\/\/dioceseteixeiradefreitas.com.br\/index.php?rest_route=%2Fwp%2Fv2%2Ftags&post=12155"}],"curies":[{"name":"wp","href":"https:\/\/api.w.org\/{rel}","templated":true}]}}