{"id":12160,"date":"2021-01-11T13:43:36","date_gmt":"2021-01-11T16:43:36","guid":{"rendered":"https:\/\/dioceseteixeiradefreitas.com.br\/?p=12160"},"modified":"2021-01-11T13:43:36","modified_gmt":"2021-01-11T16:43:36","slug":"participe-da-festa-de-sao-sebastiao-em-jucurucu","status":"publish","type":"post","link":"https:\/\/dioceseteixeiradefreitas.com.br\/?p=12160","title":{"rendered":"Participe da festa de S\u00e3o Sebasti\u00e3o em Jucuru\u00e7u"},"content":{"rendered":"<figure id=\"attachment_12161\" aria-describedby=\"caption-attachment-12161\" style=\"width: 598px\" class=\"wp-caption aligncenter\"><img loading=\"lazy\" decoding=\"async\" class=\"wp-image-12161\" src=\"https:\/\/dioceseteixeiradefreitas.com.br\/wp-content\/uploads\/2021\/01\/372ac0c9-47f3-46a7-9564-3dbdcd529286.jpg\" alt=\"\" width=\"598\" height=\"846\" srcset=\"https:\/\/dioceseteixeiradefreitas.com.br\/wp-content\/uploads\/2021\/01\/372ac0c9-47f3-46a7-9564-3dbdcd529286.jpg 707w, https:\/\/dioceseteixeiradefreitas.com.br\/wp-content\/uploads\/2021\/01\/372ac0c9-47f3-46a7-9564-3dbdcd529286-212x300.jpg 212w, https:\/\/dioceseteixeiradefreitas.com.br\/wp-content\/uploads\/2021\/01\/372ac0c9-47f3-46a7-9564-3dbdcd529286-600x849.jpg 600w\" sizes=\"auto, (max-width: 598px) 100vw, 598px\" \/><figcaption id=\"caption-attachment-12161\" class=\"wp-caption-text\">Par\u00f3quia S\u00e3o Sebasti\u00e3o \u2013 Diocese de Teixeira de Freitas Caravelas \u2013 Imagem: Pe. Gilson\/Divulga\u00e7\u00e3o<\/figcaption><\/figure>\n<p>A Par\u00f3quia S\u00e3o Sebasti\u00e3o em Jucuru\u00e7u vai realizar a tradicional festa em honra a seu padroeiro, S\u00e3o Sebasti\u00e3o, nos dias 17 a 20 de janeiro.<\/p>\n<p>A festa inicia-se no domingo (17) e vai at\u00e9 o dia 20 com celebra\u00e7\u00f5es, sempre \u00e0s 19h na Igreja Matriz, localizada na Pra\u00e7a Josino Eduardo Brito, s\/n. J\u00e1 no dia 20 de janeiro, dia do padroeiro, \u00e0s 19h, acontece a Missa Solene do M\u00e1rtir S\u00e3o Sebasti\u00e3o presidida pelo Bispo Dom Jailton.<\/p>\n<p>Participe com sua fam\u00edlia da festa do padroeiro de Jucuru\u00e7u.<\/p>\n<p><strong>PROGRAMA\u00c7\u00c3O:<\/strong><\/p>\n<p><strong>17\/01 &#8211; 19h: Missa<\/strong><br \/>\nCelebrante: Pe. D\u00e1cio Bai\u00e3o<\/p>\n<p><strong>18\/01 &#8211; 19h: Missa<\/strong><br \/>\nCelebrante: Pe. Aelson Neves<\/p>\n<p><strong>19\/01 &#8211; 19h: Missa<\/strong><br \/>\nCelebrante: Pe. Gilvan Lopes (Diocese de Eun\u00e1polis)<\/p>\n<p><strong>20\/01 &#8211; Dia do Padroeiro:<\/strong><br \/>\n10h &#8211; Missa Solene, presidida por Dom Jailton<br \/>\n19h &#8211; Missa, celebrada pelo Pe. Gilson Correia<\/p>\n","protected":false},"excerpt":{"rendered":"<p>A Par\u00f3quia S\u00e3o Sebasti\u00e3o em Jucuru\u00e7u vai realizar a tradicional festa em honra a seu padroeiro, S\u00e3o Sebasti\u00e3o, nos dias 17 a 20 de janeiro. A festa inicia-se no domingo (17) e vai at\u00e9 o dia 20 com celebra\u00e7\u00f5es, sempre \u00e0s 19h na Igreja Matriz, localizada na Pra\u00e7a Josino Eduardo Brito, s\/n. J\u00e1 no dia &hellip;<\/p>\n","protected":false},"author":1,"featured_media":12161,"comment_status":"closed","ping_status":"closed","sticky":false,"template":"","format":"standard","meta":{"footnotes":""},"categories":[310],"tags":[398,109,245,742,741],"class_list":["post-12160","post","type-post","status-publish","format-standard","has-post-thumbnail","hentry","category-noticias-paroquiais","tag-festa-de-sao-sebastiao-de-jucurucu","tag-forania-santo-antonio","tag-jucurucu","tag-padre-gilson-correia","tag-sao-sebastiao"],"_links":{"self":[{"href":"https:\/\/dioceseteixeiradefreitas.com.br\/index.php?rest_route=\/wp\/v2\/posts\/12160","targetHints":{"allow":["GET"]}}],"collection":[{"href":"https:\/\/dioceseteixeiradefreitas.com.br\/index.php?rest_route=\/wp\/v2\/posts"}],"about":[{"href":"https:\/\/dioceseteixeiradefreitas.com.br\/index.php?rest_route=\/wp\/v2\/types\/post"}],"author":[{"embeddable":true,"href":"https:\/\/dioceseteixeiradefreitas.com.br\/index.php?rest_route=\/wp\/v2\/users\/1"}],"replies":[{"embeddable":true,"href":"https:\/\/dioceseteixeiradefreitas.com.br\/index.php?rest_route=%2Fwp%2Fv2%2Fcomments&post=12160"}],"version-history":[{"count":2,"href":"https:\/\/dioceseteixeiradefreitas.com.br\/index.php?rest_route=\/wp\/v2\/posts\/12160\/revisions"}],"predecessor-version":[{"id":12193,"href":"https:\/\/dioceseteixeiradefreitas.com.br\/index.php?rest_route=\/wp\/v2\/posts\/12160\/revisions\/12193"}],"wp:featuredmedia":[{"embeddable":true,"href":"https:\/\/dioceseteixeiradefreitas.com.br\/index.php?rest_route=\/wp\/v2\/media\/12161"}],"wp:attachment":[{"href":"https:\/\/dioceseteixeiradefreitas.com.br\/index.php?rest_route=%2Fwp%2Fv2%2Fmedia&parent=12160"}],"wp:term":[{"taxonomy":"category","embeddable":true,"href":"https:\/\/dioceseteixeiradefreitas.com.br\/index.php?rest_route=%2Fwp%2Fv2%2Fcategories&post=12160"},{"taxonomy":"post_tag","embeddable":true,"href":"https:\/\/dioceseteixeiradefreitas.com.br\/index.php?rest_route=%2Fwp%2Fv2%2Ftags&post=12160"}],"curies":[{"name":"wp","href":"https:\/\/api.w.org\/{rel}","templated":true}]}}