{"id":12255,"date":"2021-01-22T11:05:41","date_gmt":"2021-01-22T14:05:41","guid":{"rendered":"https:\/\/dioceseteixeiradefreitas.com.br\/?p=12255"},"modified":"2021-01-22T11:05:41","modified_gmt":"2021-01-22T14:05:41","slug":"festa-de-sao-paulo-apostolo-2021-novenario-inicia-se-hoje","status":"publish","type":"post","link":"https:\/\/dioceseteixeiradefreitas.com.br\/?p=12255","title":{"rendered":"Festa de S\u00e3o Paulo Ap\u00f3stolo 2021, noven\u00e1rio inicia-se hoje!"},"content":{"rendered":"<p><img loading=\"lazy\" decoding=\"async\" class=\"aligncenter size-full wp-image-12256\" src=\"https:\/\/dioceseteixeiradefreitas.com.br\/wp-content\/uploads\/2021\/01\/54883a42-1d6c-4a27-a4f5-2a3430bb4706.jpg\" alt=\"\" width=\"1024\" height=\"1280\" srcset=\"https:\/\/dioceseteixeiradefreitas.com.br\/wp-content\/uploads\/2021\/01\/54883a42-1d6c-4a27-a4f5-2a3430bb4706.jpg 1024w, https:\/\/dioceseteixeiradefreitas.com.br\/wp-content\/uploads\/2021\/01\/54883a42-1d6c-4a27-a4f5-2a3430bb4706-240x300.jpg 240w, https:\/\/dioceseteixeiradefreitas.com.br\/wp-content\/uploads\/2021\/01\/54883a42-1d6c-4a27-a4f5-2a3430bb4706-819x1024.jpg 819w, https:\/\/dioceseteixeiradefreitas.com.br\/wp-content\/uploads\/2021\/01\/54883a42-1d6c-4a27-a4f5-2a3430bb4706-768x960.jpg 768w, https:\/\/dioceseteixeiradefreitas.com.br\/wp-content\/uploads\/2021\/01\/54883a42-1d6c-4a27-a4f5-2a3430bb4706-600x750.jpg 600w\" sizes=\"auto, (max-width: 1024px) 100vw, 1024px\" \/><\/p>\n<p>A Par\u00f3quia S\u00e3o Paulo Ap\u00f3stolo de Teixeira de Freitas inicia nesta sexta-feira (22), a programa\u00e7\u00e3o religiosa para a festa do seu padroeiro. Com o tema: \u201cTudo posso Naquele que me fortalece\u201d (Fl 4, 13), os fi\u00e9is participar\u00e3o do noven\u00e1rio.<\/p>\n<p>As celebra\u00e7\u00f5es iniciam sempre \u00e0s 19h30, exceto nos s\u00e1bados e domingos que ser\u00e3o \u00e0s 19h. Logo ap\u00f3s, quermesse em modalidade Drive Thru.<\/p>\n<p>No dia 31 de janeiro \u00e0s 17h30min\u00a0 comemorando o dia da Convers\u00e3o de S\u00e3o Paulo, ocorrer\u00e1 uma carreata saindo da Comunidade Bom Jesus (Rua Irlanda, n\u00ba 316, Ulisses Guimar\u00e3es) em dire\u00e7\u00e3o \u00e0 Igreja Matriz.<\/p>\n<p>Para as celebra\u00e7\u00f5es, a Par\u00f3quia ir\u00e1 seguir os protocolos e os cuidados necess\u00e1rios para evitar o cont\u00e1gio do Coronav\u00edrus, por isso, para participar \u00e9 preciso fazer o agendamento por meio do portal de agendamento da Diocese, atrav\u00e9s do link <span style=\"color: #ff0000;\"><strong><a style=\"color: #ff0000;\" href=\"https:\/\/dioceseteixeiradefreitas.com.br\/agendamento\/\" target=\"_blank\" rel=\"noopener noreferrer\">[CLIQUE AQUI]<\/a><\/strong><\/span>, ou na Secretaria Paroquial em hor\u00e1rio comercial.<\/p>\n<p>Participe com seus amigos e familiares!! A Par\u00f3quia S\u00e3o Paulo Ap\u00f3stolo est\u00e1 localizada na Avenida Almirante Barroso, N\u00famero 400 \u2013 Nova Teixeira, Teixeira de Freitas\/BA.<\/p>\n<p>[su_note note_color=&#8221;#f3d318&#8243; text_color=&#8221;#ffffff&#8221;]Confira a PROGRAMA\u00c7\u00c3O DA FESTA:[\/su_note]<\/p>\n<p><strong>22\/01 &#8211; 19h30 Santa Missa<\/strong><br \/>\nCelebrante: Pe. Jaelson Cerqueira<\/p>\n<p><strong>23\/01 &#8211; 19h Santa Missa<\/strong><br \/>\nCelebrante: Pe. Elvis Elizi\u00e1ria<\/p>\n<p><strong>24\/01 &#8211; 19h Santa Missa<\/strong><br \/>\nCelebrante: Pe. Gilberto Jesus<\/p>\n<p><strong>25\/01 &#8211; 19h30 Santa Missa<\/strong><br \/>\nCelebrante: Pe. Paulo Sales<\/p>\n<p><strong>26\/01 &#8211; 19h30 Santa Missa<\/strong><br \/>\nCelebrante: Pe. Ariston Domingues<\/p>\n<p><strong>27\/01 &#8211; 19h30 Santa Missa<\/strong><br \/>\nCelebrante: Pe. Valdir Vitorino<\/p>\n<p><strong>28\/01 &#8211; 19h30 Santa Missa<\/strong><br \/>\nCelebrante: Pe. Isael da Silva<\/p>\n<p><strong>29\/01 &#8211; 19h30 Santa Missa<\/strong><br \/>\nCelebrante: Pe. Edivaldo Oliveira<\/p>\n<p><strong>30\/01 &#8211; 19h Santa Missa<\/strong><br \/>\nCelebrante: Pe. Paulo C\u00e9sar<\/p>\n<p><strong>31\/01 &#8211; 19h Santa Missa<\/strong><br \/>\nPresidente: Dom Jailton<\/p>\n","protected":false},"excerpt":{"rendered":"<p>A Par\u00f3quia S\u00e3o Paulo Ap\u00f3stolo de Teixeira de Freitas inicia nesta sexta-feira (22), a programa\u00e7\u00e3o religiosa para a festa do seu padroeiro. Com o tema: \u201cTudo posso Naquele que me fortalece\u201d (Fl 4, 13), os fi\u00e9is participar\u00e3o do noven\u00e1rio. As celebra\u00e7\u00f5es iniciam sempre \u00e0s 19h30, exceto nos s\u00e1bados e domingos que ser\u00e3o \u00e0s 19h. Logo &hellip;<\/p>\n","protected":false},"author":1,"featured_media":12256,"comment_status":"closed","ping_status":"closed","sticky":false,"template":"","format":"standard","meta":{"footnotes":""},"categories":[310],"tags":[206,57,437],"class_list":["post-12255","post","type-post","status-publish","format-standard","has-post-thumbnail","hentry","category-noticias-paroquiais","tag-festa","tag-forania-sao-pedro","tag-paroquia-sao-paulo-apostolo"],"_links":{"self":[{"href":"https:\/\/dioceseteixeiradefreitas.com.br\/index.php?rest_route=\/wp\/v2\/posts\/12255","targetHints":{"allow":["GET"]}}],"collection":[{"href":"https:\/\/dioceseteixeiradefreitas.com.br\/index.php?rest_route=\/wp\/v2\/posts"}],"about":[{"href":"https:\/\/dioceseteixeiradefreitas.com.br\/index.php?rest_route=\/wp\/v2\/types\/post"}],"author":[{"embeddable":true,"href":"https:\/\/dioceseteixeiradefreitas.com.br\/index.php?rest_route=\/wp\/v2\/users\/1"}],"replies":[{"embeddable":true,"href":"https:\/\/dioceseteixeiradefreitas.com.br\/index.php?rest_route=%2Fwp%2Fv2%2Fcomments&post=12255"}],"version-history":[{"count":1,"href":"https:\/\/dioceseteixeiradefreitas.com.br\/index.php?rest_route=\/wp\/v2\/posts\/12255\/revisions"}],"predecessor-version":[{"id":12257,"href":"https:\/\/dioceseteixeiradefreitas.com.br\/index.php?rest_route=\/wp\/v2\/posts\/12255\/revisions\/12257"}],"wp:featuredmedia":[{"embeddable":true,"href":"https:\/\/dioceseteixeiradefreitas.com.br\/index.php?rest_route=\/wp\/v2\/media\/12256"}],"wp:attachment":[{"href":"https:\/\/dioceseteixeiradefreitas.com.br\/index.php?rest_route=%2Fwp%2Fv2%2Fmedia&parent=12255"}],"wp:term":[{"taxonomy":"category","embeddable":true,"href":"https:\/\/dioceseteixeiradefreitas.com.br\/index.php?rest_route=%2Fwp%2Fv2%2Fcategories&post=12255"},{"taxonomy":"post_tag","embeddable":true,"href":"https:\/\/dioceseteixeiradefreitas.com.br\/index.php?rest_route=%2Fwp%2Fv2%2Ftags&post=12255"}],"curies":[{"name":"wp","href":"https:\/\/api.w.org\/{rel}","templated":true}]}}