{"id":12259,"date":"2021-01-23T16:25:11","date_gmt":"2021-01-23T19:25:11","guid":{"rendered":"https:\/\/dioceseteixeiradefreitas.com.br\/?p=12259"},"modified":"2021-01-23T16:25:57","modified_gmt":"2021-01-23T19:25:57","slug":"devotos-celebram-a-festa-sao-sebastiao-em-jucurucu","status":"publish","type":"post","link":"https:\/\/dioceseteixeiradefreitas.com.br\/?p=12259","title":{"rendered":"Devotos celebram a Festa S\u00e3o Sebasti\u00e3o em Jucuru\u00e7u"},"content":{"rendered":"<figure id=\"attachment_12263\" aria-describedby=\"caption-attachment-12263\" style=\"width: 1040px\" class=\"wp-caption aligncenter\"><img loading=\"lazy\" decoding=\"async\" class=\"wp-image-12263 size-full\" src=\"https:\/\/dioceseteixeiradefreitas.com.br\/wp-content\/uploads\/2021\/01\/80245aac-11da-4c3d-a8d5-4819ea9d81a0.jpg\" alt=\"\" width=\"1040\" height=\"780\" srcset=\"https:\/\/dioceseteixeiradefreitas.com.br\/wp-content\/uploads\/2021\/01\/80245aac-11da-4c3d-a8d5-4819ea9d81a0.jpg 1040w, https:\/\/dioceseteixeiradefreitas.com.br\/wp-content\/uploads\/2021\/01\/80245aac-11da-4c3d-a8d5-4819ea9d81a0-300x225.jpg 300w, https:\/\/dioceseteixeiradefreitas.com.br\/wp-content\/uploads\/2021\/01\/80245aac-11da-4c3d-a8d5-4819ea9d81a0-1024x768.jpg 1024w, https:\/\/dioceseteixeiradefreitas.com.br\/wp-content\/uploads\/2021\/01\/80245aac-11da-4c3d-a8d5-4819ea9d81a0-768x576.jpg 768w, https:\/\/dioceseteixeiradefreitas.com.br\/wp-content\/uploads\/2021\/01\/80245aac-11da-4c3d-a8d5-4819ea9d81a0-600x450.jpg 600w\" sizes=\"auto, (max-width: 1040px) 100vw, 1040px\" \/><figcaption id=\"caption-attachment-12263\" class=\"wp-caption-text\">Devotos na Santa Missa nesta quarta-feira (20) na Igreja Matriz \u2013 Foto: Pe. Gilson\/Divulga\u00e7\u00e3o<\/figcaption><\/figure>\n<p>Com uma tradi\u00e7\u00e3o h\u00e1 anos, a Festa de S\u00e3o Sebasti\u00e3o sempre ocorre em janeiro, em homenagem ao santo padroeiro do munic\u00edpio de Jucuru\u00e7u. A Festa do M\u00e1rtir teve in\u00edcio no dia 17 de janeiro, e seguiu at\u00e9 o dia 20, dia do padroeiro.<\/p>\n<p>Todos os anos, como de costume, o dia de S\u00e3o Sebasti\u00e3o \u00e9 marcado pela Missa solene que re\u00fane uma multid\u00e3o de devotos e tamb\u00e9m pela prociss\u00e3o pelas principais ruas de Jucuru\u00e7u. Na edi\u00e7\u00e3o de 2021, a prociss\u00e3o foi cancelada conforme os protocolos de distanciamento do Covid-19.<\/p>\n<p>Durante o tr\u00edduo, v\u00e1rios padres convidados marcaram presen\u00e7a, s\u00e3o eles: Pe. D\u00e1cio Bai\u00e3o, Pe. Aelson Neves, Pe. Ricardo Menezes, Pe. Gilvan Lopes da Diocese de Eun\u00e1polis, al\u00e9m do Pe. Gilson (Administrador Paroquial) e do Bispo Dom Jailton.<\/p>\n<p>S\u00e3o Sebasti\u00e3o, Rogai por n\u00f3s!<\/p>\n<p>[su_note note_color=&#8221;#f3d318&#8243; text_color=&#8221;#ffffff&#8221;]Confira a galeria[\/su_note]<\/p>\n<div id='gallery-1' class='gallery galleryid-12259 gallery-columns-3 gallery-size-medium'><figure class='gallery-item'>\n\t\t\t<div class='gallery-icon landscape'>\n\t\t\t\t<a href='https:\/\/dioceseteixeiradefreitas.com.br\/wp-content\/uploads\/2021\/01\/80245aac-11da-4c3d-a8d5-4819ea9d81a0.jpg'><img loading=\"lazy\" decoding=\"async\" width=\"300\" height=\"225\" src=\"https:\/\/dioceseteixeiradefreitas.com.br\/wp-content\/uploads\/2021\/01\/80245aac-11da-4c3d-a8d5-4819ea9d81a0-300x225.jpg\" class=\"attachment-medium size-medium\" alt=\"\" srcset=\"https:\/\/dioceseteixeiradefreitas.com.br\/wp-content\/uploads\/2021\/01\/80245aac-11da-4c3d-a8d5-4819ea9d81a0-300x225.jpg 300w, https:\/\/dioceseteixeiradefreitas.com.br\/wp-content\/uploads\/2021\/01\/80245aac-11da-4c3d-a8d5-4819ea9d81a0-1024x768.jpg 1024w, https:\/\/dioceseteixeiradefreitas.com.br\/wp-content\/uploads\/2021\/01\/80245aac-11da-4c3d-a8d5-4819ea9d81a0-768x576.jpg 768w, https:\/\/dioceseteixeiradefreitas.com.br\/wp-content\/uploads\/2021\/01\/80245aac-11da-4c3d-a8d5-4819ea9d81a0-600x450.jpg 600w, https:\/\/dioceseteixeiradefreitas.com.br\/wp-content\/uploads\/2021\/01\/80245aac-11da-4c3d-a8d5-4819ea9d81a0.jpg 1040w\" sizes=\"auto, (max-width: 300px) 100vw, 300px\" \/><\/a>\n\t\t\t<\/div><\/figure><figure class='gallery-item'>\n\t\t\t<div class='gallery-icon landscape'>\n\t\t\t\t<a href='https:\/\/dioceseteixeiradefreitas.com.br\/wp-content\/uploads\/2021\/01\/0bb35d3c-53a6-4c41-8fda-5a2573422740.jpg'><img loading=\"lazy\" decoding=\"async\" width=\"300\" height=\"225\" src=\"https:\/\/dioceseteixeiradefreitas.com.br\/wp-content\/uploads\/2021\/01\/0bb35d3c-53a6-4c41-8fda-5a2573422740-300x225.jpg\" class=\"attachment-medium size-medium\" alt=\"\" srcset=\"https:\/\/dioceseteixeiradefreitas.com.br\/wp-content\/uploads\/2021\/01\/0bb35d3c-53a6-4c41-8fda-5a2573422740-300x225.jpg 300w, https:\/\/dioceseteixeiradefreitas.com.br\/wp-content\/uploads\/2021\/01\/0bb35d3c-53a6-4c41-8fda-5a2573422740-1024x768.jpg 1024w, https:\/\/dioceseteixeiradefreitas.com.br\/wp-content\/uploads\/2021\/01\/0bb35d3c-53a6-4c41-8fda-5a2573422740-768x576.jpg 768w, https:\/\/dioceseteixeiradefreitas.com.br\/wp-content\/uploads\/2021\/01\/0bb35d3c-53a6-4c41-8fda-5a2573422740-600x450.jpg 600w, https:\/\/dioceseteixeiradefreitas.com.br\/wp-content\/uploads\/2021\/01\/0bb35d3c-53a6-4c41-8fda-5a2573422740.jpg 1040w\" sizes=\"auto, (max-width: 300px) 100vw, 300px\" \/><\/a>\n\t\t\t<\/div><\/figure><figure class='gallery-item'>\n\t\t\t<div class='gallery-icon landscape'>\n\t\t\t\t<a href='https:\/\/dioceseteixeiradefreitas.com.br\/wp-content\/uploads\/2021\/01\/3d77bbb5-fb96-4547-8dd1-926267e15c86.jpg'><img loading=\"lazy\" decoding=\"async\" width=\"300\" height=\"225\" src=\"https:\/\/dioceseteixeiradefreitas.com.br\/wp-content\/uploads\/2021\/01\/3d77bbb5-fb96-4547-8dd1-926267e15c86-300x225.jpg\" class=\"attachment-medium size-medium\" alt=\"\" srcset=\"https:\/\/dioceseteixeiradefreitas.com.br\/wp-content\/uploads\/2021\/01\/3d77bbb5-fb96-4547-8dd1-926267e15c86-300x225.jpg 300w, https:\/\/dioceseteixeiradefreitas.com.br\/wp-content\/uploads\/2021\/01\/3d77bbb5-fb96-4547-8dd1-926267e15c86-1024x768.jpg 1024w, https:\/\/dioceseteixeiradefreitas.com.br\/wp-content\/uploads\/2021\/01\/3d77bbb5-fb96-4547-8dd1-926267e15c86-768x576.jpg 768w, https:\/\/dioceseteixeiradefreitas.com.br\/wp-content\/uploads\/2021\/01\/3d77bbb5-fb96-4547-8dd1-926267e15c86-600x450.jpg 600w, https:\/\/dioceseteixeiradefreitas.com.br\/wp-content\/uploads\/2021\/01\/3d77bbb5-fb96-4547-8dd1-926267e15c86.jpg 1040w\" sizes=\"auto, (max-width: 300px) 100vw, 300px\" \/><\/a>\n\t\t\t<\/div><\/figure><figure class='gallery-item'>\n\t\t\t<div class='gallery-icon landscape'>\n\t\t\t\t<a href='https:\/\/dioceseteixeiradefreitas.com.br\/wp-content\/uploads\/2021\/01\/4ba59f8d-0c69-4515-bc4b-685210bd21c1.jpg'><img loading=\"lazy\" decoding=\"async\" width=\"300\" height=\"225\" src=\"https:\/\/dioceseteixeiradefreitas.com.br\/wp-content\/uploads\/2021\/01\/4ba59f8d-0c69-4515-bc4b-685210bd21c1-300x225.jpg\" class=\"attachment-medium size-medium\" alt=\"\" srcset=\"https:\/\/dioceseteixeiradefreitas.com.br\/wp-content\/uploads\/2021\/01\/4ba59f8d-0c69-4515-bc4b-685210bd21c1-300x225.jpg 300w, https:\/\/dioceseteixeiradefreitas.com.br\/wp-content\/uploads\/2021\/01\/4ba59f8d-0c69-4515-bc4b-685210bd21c1-1024x768.jpg 1024w, https:\/\/dioceseteixeiradefreitas.com.br\/wp-content\/uploads\/2021\/01\/4ba59f8d-0c69-4515-bc4b-685210bd21c1-768x576.jpg 768w, https:\/\/dioceseteixeiradefreitas.com.br\/wp-content\/uploads\/2021\/01\/4ba59f8d-0c69-4515-bc4b-685210bd21c1-600x450.jpg 600w, https:\/\/dioceseteixeiradefreitas.com.br\/wp-content\/uploads\/2021\/01\/4ba59f8d-0c69-4515-bc4b-685210bd21c1.jpg 1040w\" sizes=\"auto, (max-width: 300px) 100vw, 300px\" \/><\/a>\n\t\t\t<\/div><\/figure><figure class='gallery-item'>\n\t\t\t<div class='gallery-icon portrait'>\n\t\t\t\t<a href='https:\/\/dioceseteixeiradefreitas.com.br\/wp-content\/uploads\/2021\/01\/6a11b5c3-3f03-42a2-929c-aec16f12c571.jpg'><img loading=\"lazy\" decoding=\"async\" width=\"225\" height=\"300\" src=\"https:\/\/dioceseteixeiradefreitas.com.br\/wp-content\/uploads\/2021\/01\/6a11b5c3-3f03-42a2-929c-aec16f12c571-225x300.jpg\" class=\"attachment-medium size-medium\" alt=\"\" srcset=\"https:\/\/dioceseteixeiradefreitas.com.br\/wp-content\/uploads\/2021\/01\/6a11b5c3-3f03-42a2-929c-aec16f12c571-225x300.jpg 225w, https:\/\/dioceseteixeiradefreitas.com.br\/wp-content\/uploads\/2021\/01\/6a11b5c3-3f03-42a2-929c-aec16f12c571-768x1024.jpg 768w, https:\/\/dioceseteixeiradefreitas.com.br\/wp-content\/uploads\/2021\/01\/6a11b5c3-3f03-42a2-929c-aec16f12c571-600x800.jpg 600w, https:\/\/dioceseteixeiradefreitas.com.br\/wp-content\/uploads\/2021\/01\/6a11b5c3-3f03-42a2-929c-aec16f12c571.jpg 780w\" sizes=\"auto, (max-width: 225px) 100vw, 225px\" \/><\/a>\n\t\t\t<\/div><\/figure><figure class='gallery-item'>\n\t\t\t<div class='gallery-icon portrait'>\n\t\t\t\t<a href='https:\/\/dioceseteixeiradefreitas.com.br\/wp-content\/uploads\/2021\/01\/7cda84d6-a025-4cc9-a336-28776927baee.jpg'><img loading=\"lazy\" decoding=\"async\" width=\"225\" height=\"300\" src=\"https:\/\/dioceseteixeiradefreitas.com.br\/wp-content\/uploads\/2021\/01\/7cda84d6-a025-4cc9-a336-28776927baee-225x300.jpg\" class=\"attachment-medium size-medium\" alt=\"\" srcset=\"https:\/\/dioceseteixeiradefreitas.com.br\/wp-content\/uploads\/2021\/01\/7cda84d6-a025-4cc9-a336-28776927baee-225x300.jpg 225w, https:\/\/dioceseteixeiradefreitas.com.br\/wp-content\/uploads\/2021\/01\/7cda84d6-a025-4cc9-a336-28776927baee-766x1024.jpg 766w, https:\/\/dioceseteixeiradefreitas.com.br\/wp-content\/uploads\/2021\/01\/7cda84d6-a025-4cc9-a336-28776927baee-768x1026.jpg 768w, https:\/\/dioceseteixeiradefreitas.com.br\/wp-content\/uploads\/2021\/01\/7cda84d6-a025-4cc9-a336-28776927baee-600x802.jpg 600w, https:\/\/dioceseteixeiradefreitas.com.br\/wp-content\/uploads\/2021\/01\/7cda84d6-a025-4cc9-a336-28776927baee.jpg 958w\" sizes=\"auto, (max-width: 225px) 100vw, 225px\" \/><\/a>\n\t\t\t<\/div><\/figure><figure class='gallery-item'>\n\t\t\t<div class='gallery-icon landscape'>\n\t\t\t\t<a href='https:\/\/dioceseteixeiradefreitas.com.br\/wp-content\/uploads\/2021\/01\/8a8eac16-9ebc-4166-ac79-37476a6d62c6.jpg'><img loading=\"lazy\" decoding=\"async\" width=\"300\" height=\"225\" src=\"https:\/\/dioceseteixeiradefreitas.com.br\/wp-content\/uploads\/2021\/01\/8a8eac16-9ebc-4166-ac79-37476a6d62c6-300x225.jpg\" class=\"attachment-medium size-medium\" alt=\"\" srcset=\"https:\/\/dioceseteixeiradefreitas.com.br\/wp-content\/uploads\/2021\/01\/8a8eac16-9ebc-4166-ac79-37476a6d62c6-300x225.jpg 300w, https:\/\/dioceseteixeiradefreitas.com.br\/wp-content\/uploads\/2021\/01\/8a8eac16-9ebc-4166-ac79-37476a6d62c6-1024x768.jpg 1024w, https:\/\/dioceseteixeiradefreitas.com.br\/wp-content\/uploads\/2021\/01\/8a8eac16-9ebc-4166-ac79-37476a6d62c6-768x576.jpg 768w, https:\/\/dioceseteixeiradefreitas.com.br\/wp-content\/uploads\/2021\/01\/8a8eac16-9ebc-4166-ac79-37476a6d62c6-600x450.jpg 600w, https:\/\/dioceseteixeiradefreitas.com.br\/wp-content\/uploads\/2021\/01\/8a8eac16-9ebc-4166-ac79-37476a6d62c6.jpg 1040w\" sizes=\"auto, (max-width: 300px) 100vw, 300px\" \/><\/a>\n\t\t\t<\/div><\/figure><figure class='gallery-item'>\n\t\t\t<div class='gallery-icon landscape'>\n\t\t\t\t<a href='https:\/\/dioceseteixeiradefreitas.com.br\/wp-content\/uploads\/2021\/01\/8cee98d6-e39e-40d8-a05a-c28ace832a1c.jpg'><img loading=\"lazy\" decoding=\"async\" width=\"300\" height=\"225\" src=\"https:\/\/dioceseteixeiradefreitas.com.br\/wp-content\/uploads\/2021\/01\/8cee98d6-e39e-40d8-a05a-c28ace832a1c-300x225.jpg\" class=\"attachment-medium size-medium\" alt=\"\" srcset=\"https:\/\/dioceseteixeiradefreitas.com.br\/wp-content\/uploads\/2021\/01\/8cee98d6-e39e-40d8-a05a-c28ace832a1c-300x225.jpg 300w, https:\/\/dioceseteixeiradefreitas.com.br\/wp-content\/uploads\/2021\/01\/8cee98d6-e39e-40d8-a05a-c28ace832a1c-1024x768.jpg 1024w, https:\/\/dioceseteixeiradefreitas.com.br\/wp-content\/uploads\/2021\/01\/8cee98d6-e39e-40d8-a05a-c28ace832a1c-768x576.jpg 768w, https:\/\/dioceseteixeiradefreitas.com.br\/wp-content\/uploads\/2021\/01\/8cee98d6-e39e-40d8-a05a-c28ace832a1c-600x450.jpg 600w, https:\/\/dioceseteixeiradefreitas.com.br\/wp-content\/uploads\/2021\/01\/8cee98d6-e39e-40d8-a05a-c28ace832a1c.jpg 1040w\" sizes=\"auto, (max-width: 300px) 100vw, 300px\" \/><\/a>\n\t\t\t<\/div><\/figure><figure class='gallery-item'>\n\t\t\t<div class='gallery-icon landscape'>\n\t\t\t\t<a href='https:\/\/dioceseteixeiradefreitas.com.br\/wp-content\/uploads\/2021\/01\/9f4e2daa-ec23-42c3-ae4b-3b5862b654b4.jpg'><img loading=\"lazy\" decoding=\"async\" width=\"300\" height=\"225\" src=\"https:\/\/dioceseteixeiradefreitas.com.br\/wp-content\/uploads\/2021\/01\/9f4e2daa-ec23-42c3-ae4b-3b5862b654b4-300x225.jpg\" class=\"attachment-medium size-medium\" alt=\"\" srcset=\"https:\/\/dioceseteixeiradefreitas.com.br\/wp-content\/uploads\/2021\/01\/9f4e2daa-ec23-42c3-ae4b-3b5862b654b4-300x225.jpg 300w, https:\/\/dioceseteixeiradefreitas.com.br\/wp-content\/uploads\/2021\/01\/9f4e2daa-ec23-42c3-ae4b-3b5862b654b4-1024x766.jpg 1024w, https:\/\/dioceseteixeiradefreitas.com.br\/wp-content\/uploads\/2021\/01\/9f4e2daa-ec23-42c3-ae4b-3b5862b654b4-768x575.jpg 768w, https:\/\/dioceseteixeiradefreitas.com.br\/wp-content\/uploads\/2021\/01\/9f4e2daa-ec23-42c3-ae4b-3b5862b654b4-600x449.jpg 600w, https:\/\/dioceseteixeiradefreitas.com.br\/wp-content\/uploads\/2021\/01\/9f4e2daa-ec23-42c3-ae4b-3b5862b654b4.jpg 1280w\" sizes=\"auto, (max-width: 300px) 100vw, 300px\" \/><\/a>\n\t\t\t<\/div><\/figure><figure class='gallery-item'>\n\t\t\t<div class='gallery-icon portrait'>\n\t\t\t\t<a href='https:\/\/dioceseteixeiradefreitas.com.br\/wp-content\/uploads\/2021\/01\/32ecc3b0-0eda-4389-a472-eb83f8d40af8.jpg'><img loading=\"lazy\" decoding=\"async\" width=\"225\" height=\"300\" src=\"https:\/\/dioceseteixeiradefreitas.com.br\/wp-content\/uploads\/2021\/01\/32ecc3b0-0eda-4389-a472-eb83f8d40af8-225x300.jpg\" class=\"attachment-medium size-medium\" alt=\"\" srcset=\"https:\/\/dioceseteixeiradefreitas.com.br\/wp-content\/uploads\/2021\/01\/32ecc3b0-0eda-4389-a472-eb83f8d40af8-225x300.jpg 225w, https:\/\/dioceseteixeiradefreitas.com.br\/wp-content\/uploads\/2021\/01\/32ecc3b0-0eda-4389-a472-eb83f8d40af8-766x1024.jpg 766w, https:\/\/dioceseteixeiradefreitas.com.br\/wp-content\/uploads\/2021\/01\/32ecc3b0-0eda-4389-a472-eb83f8d40af8-768x1026.jpg 768w, https:\/\/dioceseteixeiradefreitas.com.br\/wp-content\/uploads\/2021\/01\/32ecc3b0-0eda-4389-a472-eb83f8d40af8-600x802.jpg 600w, https:\/\/dioceseteixeiradefreitas.com.br\/wp-content\/uploads\/2021\/01\/32ecc3b0-0eda-4389-a472-eb83f8d40af8.jpg 958w\" sizes=\"auto, (max-width: 225px) 100vw, 225px\" \/><\/a>\n\t\t\t<\/div><\/figure><figure class='gallery-item'>\n\t\t\t<div class='gallery-icon portrait'>\n\t\t\t\t<a href='https:\/\/dioceseteixeiradefreitas.com.br\/wp-content\/uploads\/2021\/01\/38fba539-2e15-496a-a9c9-eb3eaf591b70.jpg'><img loading=\"lazy\" decoding=\"async\" width=\"225\" height=\"300\" src=\"https:\/\/dioceseteixeiradefreitas.com.br\/wp-content\/uploads\/2021\/01\/38fba539-2e15-496a-a9c9-eb3eaf591b70-225x300.jpg\" class=\"attachment-medium size-medium\" alt=\"\" srcset=\"https:\/\/dioceseteixeiradefreitas.com.br\/wp-content\/uploads\/2021\/01\/38fba539-2e15-496a-a9c9-eb3eaf591b70-225x300.jpg 225w, https:\/\/dioceseteixeiradefreitas.com.br\/wp-content\/uploads\/2021\/01\/38fba539-2e15-496a-a9c9-eb3eaf591b70-766x1024.jpg 766w, https:\/\/dioceseteixeiradefreitas.com.br\/wp-content\/uploads\/2021\/01\/38fba539-2e15-496a-a9c9-eb3eaf591b70-768x1026.jpg 768w, https:\/\/dioceseteixeiradefreitas.com.br\/wp-content\/uploads\/2021\/01\/38fba539-2e15-496a-a9c9-eb3eaf591b70-600x802.jpg 600w, https:\/\/dioceseteixeiradefreitas.com.br\/wp-content\/uploads\/2021\/01\/38fba539-2e15-496a-a9c9-eb3eaf591b70.jpg 958w\" sizes=\"auto, (max-width: 225px) 100vw, 225px\" \/><\/a>\n\t\t\t<\/div><\/figure><figure class='gallery-item'>\n\t\t\t<div class='gallery-icon landscape'>\n\t\t\t\t<a href='https:\/\/dioceseteixeiradefreitas.com.br\/wp-content\/uploads\/2021\/01\/51d8db9b-e267-4bd4-bfe7-cb1b987dd23a.jpg'><img loading=\"lazy\" decoding=\"async\" width=\"300\" height=\"225\" src=\"https:\/\/dioceseteixeiradefreitas.com.br\/wp-content\/uploads\/2021\/01\/51d8db9b-e267-4bd4-bfe7-cb1b987dd23a-300x225.jpg\" class=\"attachment-medium size-medium\" alt=\"\" srcset=\"https:\/\/dioceseteixeiradefreitas.com.br\/wp-content\/uploads\/2021\/01\/51d8db9b-e267-4bd4-bfe7-cb1b987dd23a-300x225.jpg 300w, https:\/\/dioceseteixeiradefreitas.com.br\/wp-content\/uploads\/2021\/01\/51d8db9b-e267-4bd4-bfe7-cb1b987dd23a-1024x768.jpg 1024w, https:\/\/dioceseteixeiradefreitas.com.br\/wp-content\/uploads\/2021\/01\/51d8db9b-e267-4bd4-bfe7-cb1b987dd23a-768x576.jpg 768w, https:\/\/dioceseteixeiradefreitas.com.br\/wp-content\/uploads\/2021\/01\/51d8db9b-e267-4bd4-bfe7-cb1b987dd23a-600x450.jpg 600w, https:\/\/dioceseteixeiradefreitas.com.br\/wp-content\/uploads\/2021\/01\/51d8db9b-e267-4bd4-bfe7-cb1b987dd23a.jpg 1040w\" sizes=\"auto, (max-width: 300px) 100vw, 300px\" \/><\/a>\n\t\t\t<\/div><\/figure><figure class='gallery-item'>\n\t\t\t<div class='gallery-icon portrait'>\n\t\t\t\t<a href='https:\/\/dioceseteixeiradefreitas.com.br\/wp-content\/uploads\/2021\/01\/62b7e87d-4506-4ffd-ac94-8a3545f9e91f.jpg'><img loading=\"lazy\" decoding=\"async\" width=\"225\" height=\"300\" src=\"https:\/\/dioceseteixeiradefreitas.com.br\/wp-content\/uploads\/2021\/01\/62b7e87d-4506-4ffd-ac94-8a3545f9e91f-225x300.jpg\" class=\"attachment-medium size-medium\" alt=\"\" srcset=\"https:\/\/dioceseteixeiradefreitas.com.br\/wp-content\/uploads\/2021\/01\/62b7e87d-4506-4ffd-ac94-8a3545f9e91f-225x300.jpg 225w, https:\/\/dioceseteixeiradefreitas.com.br\/wp-content\/uploads\/2021\/01\/62b7e87d-4506-4ffd-ac94-8a3545f9e91f-768x1024.jpg 768w, https:\/\/dioceseteixeiradefreitas.com.br\/wp-content\/uploads\/2021\/01\/62b7e87d-4506-4ffd-ac94-8a3545f9e91f-600x800.jpg 600w, https:\/\/dioceseteixeiradefreitas.com.br\/wp-content\/uploads\/2021\/01\/62b7e87d-4506-4ffd-ac94-8a3545f9e91f.jpg 780w\" sizes=\"auto, (max-width: 225px) 100vw, 225px\" \/><\/a>\n\t\t\t<\/div><\/figure><figure class='gallery-item'>\n\t\t\t<div class='gallery-icon landscape'>\n\t\t\t\t<a href='https:\/\/dioceseteixeiradefreitas.com.br\/wp-content\/uploads\/2021\/01\/84fac3cc-dc7d-4038-92b2-d588f25fbb8a.jpg'><img loading=\"lazy\" decoding=\"async\" width=\"300\" height=\"225\" src=\"https:\/\/dioceseteixeiradefreitas.com.br\/wp-content\/uploads\/2021\/01\/84fac3cc-dc7d-4038-92b2-d588f25fbb8a-300x225.jpg\" class=\"attachment-medium size-medium\" alt=\"\" srcset=\"https:\/\/dioceseteixeiradefreitas.com.br\/wp-content\/uploads\/2021\/01\/84fac3cc-dc7d-4038-92b2-d588f25fbb8a-300x225.jpg 300w, https:\/\/dioceseteixeiradefreitas.com.br\/wp-content\/uploads\/2021\/01\/84fac3cc-dc7d-4038-92b2-d588f25fbb8a-1024x768.jpg 1024w, https:\/\/dioceseteixeiradefreitas.com.br\/wp-content\/uploads\/2021\/01\/84fac3cc-dc7d-4038-92b2-d588f25fbb8a-768x576.jpg 768w, https:\/\/dioceseteixeiradefreitas.com.br\/wp-content\/uploads\/2021\/01\/84fac3cc-dc7d-4038-92b2-d588f25fbb8a-600x450.jpg 600w, https:\/\/dioceseteixeiradefreitas.com.br\/wp-content\/uploads\/2021\/01\/84fac3cc-dc7d-4038-92b2-d588f25fbb8a.jpg 1040w\" sizes=\"auto, (max-width: 300px) 100vw, 300px\" \/><\/a>\n\t\t\t<\/div><\/figure><figure class='gallery-item'>\n\t\t\t<div class='gallery-icon portrait'>\n\t\t\t\t<a href='https:\/\/dioceseteixeiradefreitas.com.br\/wp-content\/uploads\/2021\/01\/471f215f-e96b-4aaa-9c5c-3f3fb94bf7ff.jpg'><img loading=\"lazy\" decoding=\"async\" width=\"225\" height=\"300\" src=\"https:\/\/dioceseteixeiradefreitas.com.br\/wp-content\/uploads\/2021\/01\/471f215f-e96b-4aaa-9c5c-3f3fb94bf7ff-225x300.jpg\" class=\"attachment-medium size-medium\" alt=\"\" srcset=\"https:\/\/dioceseteixeiradefreitas.com.br\/wp-content\/uploads\/2021\/01\/471f215f-e96b-4aaa-9c5c-3f3fb94bf7ff-225x300.jpg 225w, https:\/\/dioceseteixeiradefreitas.com.br\/wp-content\/uploads\/2021\/01\/471f215f-e96b-4aaa-9c5c-3f3fb94bf7ff-768x1024.jpg 768w, https:\/\/dioceseteixeiradefreitas.com.br\/wp-content\/uploads\/2021\/01\/471f215f-e96b-4aaa-9c5c-3f3fb94bf7ff-600x800.jpg 600w, https:\/\/dioceseteixeiradefreitas.com.br\/wp-content\/uploads\/2021\/01\/471f215f-e96b-4aaa-9c5c-3f3fb94bf7ff.jpg 780w\" sizes=\"auto, (max-width: 225px) 100vw, 225px\" \/><\/a>\n\t\t\t<\/div><\/figure><figure class='gallery-item'>\n\t\t\t<div class='gallery-icon landscape'>\n\t\t\t\t<a href='https:\/\/dioceseteixeiradefreitas.com.br\/wp-content\/uploads\/2021\/01\/80245aac-11da-4c3d-a8d5-4819ea9d81a0-1.jpg'><img loading=\"lazy\" decoding=\"async\" width=\"300\" height=\"225\" src=\"https:\/\/dioceseteixeiradefreitas.com.br\/wp-content\/uploads\/2021\/01\/80245aac-11da-4c3d-a8d5-4819ea9d81a0-1-300x225.jpg\" class=\"attachment-medium size-medium\" alt=\"\" srcset=\"https:\/\/dioceseteixeiradefreitas.com.br\/wp-content\/uploads\/2021\/01\/80245aac-11da-4c3d-a8d5-4819ea9d81a0-1-300x225.jpg 300w, https:\/\/dioceseteixeiradefreitas.com.br\/wp-content\/uploads\/2021\/01\/80245aac-11da-4c3d-a8d5-4819ea9d81a0-1-1024x768.jpg 1024w, https:\/\/dioceseteixeiradefreitas.com.br\/wp-content\/uploads\/2021\/01\/80245aac-11da-4c3d-a8d5-4819ea9d81a0-1-768x576.jpg 768w, https:\/\/dioceseteixeiradefreitas.com.br\/wp-content\/uploads\/2021\/01\/80245aac-11da-4c3d-a8d5-4819ea9d81a0-1-600x450.jpg 600w, https:\/\/dioceseteixeiradefreitas.com.br\/wp-content\/uploads\/2021\/01\/80245aac-11da-4c3d-a8d5-4819ea9d81a0-1.jpg 1040w\" sizes=\"auto, (max-width: 300px) 100vw, 300px\" \/><\/a>\n\t\t\t<\/div><\/figure><figure class='gallery-item'>\n\t\t\t<div class='gallery-icon landscape'>\n\t\t\t\t<a href='https:\/\/dioceseteixeiradefreitas.com.br\/wp-content\/uploads\/2021\/01\/63676472-a5cb-4e59-a011-bdc3f7321cbe.jpg'><img loading=\"lazy\" decoding=\"async\" width=\"300\" height=\"225\" src=\"https:\/\/dioceseteixeiradefreitas.com.br\/wp-content\/uploads\/2021\/01\/63676472-a5cb-4e59-a011-bdc3f7321cbe-300x225.jpg\" class=\"attachment-medium size-medium\" alt=\"\" srcset=\"https:\/\/dioceseteixeiradefreitas.com.br\/wp-content\/uploads\/2021\/01\/63676472-a5cb-4e59-a011-bdc3f7321cbe-300x225.jpg 300w, https:\/\/dioceseteixeiradefreitas.com.br\/wp-content\/uploads\/2021\/01\/63676472-a5cb-4e59-a011-bdc3f7321cbe-1024x768.jpg 1024w, https:\/\/dioceseteixeiradefreitas.com.br\/wp-content\/uploads\/2021\/01\/63676472-a5cb-4e59-a011-bdc3f7321cbe-768x576.jpg 768w, https:\/\/dioceseteixeiradefreitas.com.br\/wp-content\/uploads\/2021\/01\/63676472-a5cb-4e59-a011-bdc3f7321cbe-600x450.jpg 600w, https:\/\/dioceseteixeiradefreitas.com.br\/wp-content\/uploads\/2021\/01\/63676472-a5cb-4e59-a011-bdc3f7321cbe.jpg 1040w\" sizes=\"auto, (max-width: 300px) 100vw, 300px\" \/><\/a>\n\t\t\t<\/div><\/figure><figure class='gallery-item'>\n\t\t\t<div class='gallery-icon landscape'>\n\t\t\t\t<a href='https:\/\/dioceseteixeiradefreitas.com.br\/wp-content\/uploads\/2021\/01\/a35b9180-5d55-42e1-bad8-b0dbaf5a32f2.jpg'><img loading=\"lazy\" decoding=\"async\" width=\"300\" height=\"225\" src=\"https:\/\/dioceseteixeiradefreitas.com.br\/wp-content\/uploads\/2021\/01\/a35b9180-5d55-42e1-bad8-b0dbaf5a32f2-300x225.jpg\" class=\"attachment-medium size-medium\" alt=\"\" srcset=\"https:\/\/dioceseteixeiradefreitas.com.br\/wp-content\/uploads\/2021\/01\/a35b9180-5d55-42e1-bad8-b0dbaf5a32f2-300x225.jpg 300w, https:\/\/dioceseteixeiradefreitas.com.br\/wp-content\/uploads\/2021\/01\/a35b9180-5d55-42e1-bad8-b0dbaf5a32f2-1024x768.jpg 1024w, https:\/\/dioceseteixeiradefreitas.com.br\/wp-content\/uploads\/2021\/01\/a35b9180-5d55-42e1-bad8-b0dbaf5a32f2-768x576.jpg 768w, https:\/\/dioceseteixeiradefreitas.com.br\/wp-content\/uploads\/2021\/01\/a35b9180-5d55-42e1-bad8-b0dbaf5a32f2-600x450.jpg 600w, https:\/\/dioceseteixeiradefreitas.com.br\/wp-content\/uploads\/2021\/01\/a35b9180-5d55-42e1-bad8-b0dbaf5a32f2.jpg 1040w\" sizes=\"auto, (max-width: 300px) 100vw, 300px\" \/><\/a>\n\t\t\t<\/div><\/figure><figure class='gallery-item'>\n\t\t\t<div class='gallery-icon portrait'>\n\t\t\t\t<a href='https:\/\/dioceseteixeiradefreitas.com.br\/wp-content\/uploads\/2021\/01\/a021965e-261c-40fd-af40-3fc88215b03d.jpg'><img loading=\"lazy\" decoding=\"async\" width=\"225\" height=\"300\" src=\"https:\/\/dioceseteixeiradefreitas.com.br\/wp-content\/uploads\/2021\/01\/a021965e-261c-40fd-af40-3fc88215b03d-225x300.jpg\" class=\"attachment-medium size-medium\" alt=\"\" srcset=\"https:\/\/dioceseteixeiradefreitas.com.br\/wp-content\/uploads\/2021\/01\/a021965e-261c-40fd-af40-3fc88215b03d-225x300.jpg 225w, https:\/\/dioceseteixeiradefreitas.com.br\/wp-content\/uploads\/2021\/01\/a021965e-261c-40fd-af40-3fc88215b03d-766x1024.jpg 766w, https:\/\/dioceseteixeiradefreitas.com.br\/wp-content\/uploads\/2021\/01\/a021965e-261c-40fd-af40-3fc88215b03d-768x1026.jpg 768w, https:\/\/dioceseteixeiradefreitas.com.br\/wp-content\/uploads\/2021\/01\/a021965e-261c-40fd-af40-3fc88215b03d-600x802.jpg 600w, https:\/\/dioceseteixeiradefreitas.com.br\/wp-content\/uploads\/2021\/01\/a021965e-261c-40fd-af40-3fc88215b03d.jpg 958w\" sizes=\"auto, (max-width: 225px) 100vw, 225px\" \/><\/a>\n\t\t\t<\/div><\/figure><figure class='gallery-item'>\n\t\t\t<div class='gallery-icon portrait'>\n\t\t\t\t<a href='https:\/\/dioceseteixeiradefreitas.com.br\/wp-content\/uploads\/2021\/01\/b17ee352-ffce-44bf-8953-7dc68c5f5f1e.jpg'><img loading=\"lazy\" decoding=\"async\" width=\"225\" height=\"300\" src=\"https:\/\/dioceseteixeiradefreitas.com.br\/wp-content\/uploads\/2021\/01\/b17ee352-ffce-44bf-8953-7dc68c5f5f1e-225x300.jpg\" class=\"attachment-medium size-medium\" alt=\"\" srcset=\"https:\/\/dioceseteixeiradefreitas.com.br\/wp-content\/uploads\/2021\/01\/b17ee352-ffce-44bf-8953-7dc68c5f5f1e-225x300.jpg 225w, https:\/\/dioceseteixeiradefreitas.com.br\/wp-content\/uploads\/2021\/01\/b17ee352-ffce-44bf-8953-7dc68c5f5f1e-766x1024.jpg 766w, https:\/\/dioceseteixeiradefreitas.com.br\/wp-content\/uploads\/2021\/01\/b17ee352-ffce-44bf-8953-7dc68c5f5f1e-768x1026.jpg 768w, https:\/\/dioceseteixeiradefreitas.com.br\/wp-content\/uploads\/2021\/01\/b17ee352-ffce-44bf-8953-7dc68c5f5f1e-600x802.jpg 600w, https:\/\/dioceseteixeiradefreitas.com.br\/wp-content\/uploads\/2021\/01\/b17ee352-ffce-44bf-8953-7dc68c5f5f1e.jpg 958w\" sizes=\"auto, (max-width: 225px) 100vw, 225px\" \/><\/a>\n\t\t\t<\/div><\/figure><figure class='gallery-item'>\n\t\t\t<div class='gallery-icon landscape'>\n\t\t\t\t<a href='https:\/\/dioceseteixeiradefreitas.com.br\/wp-content\/uploads\/2021\/01\/caa270ac-304b-4977-ada3-4470d0b67741.jpg'><img loading=\"lazy\" decoding=\"async\" width=\"300\" height=\"225\" src=\"https:\/\/dioceseteixeiradefreitas.com.br\/wp-content\/uploads\/2021\/01\/caa270ac-304b-4977-ada3-4470d0b67741-300x225.jpg\" class=\"attachment-medium size-medium\" alt=\"\" srcset=\"https:\/\/dioceseteixeiradefreitas.com.br\/wp-content\/uploads\/2021\/01\/caa270ac-304b-4977-ada3-4470d0b67741-300x225.jpg 300w, https:\/\/dioceseteixeiradefreitas.com.br\/wp-content\/uploads\/2021\/01\/caa270ac-304b-4977-ada3-4470d0b67741-1024x768.jpg 1024w, https:\/\/dioceseteixeiradefreitas.com.br\/wp-content\/uploads\/2021\/01\/caa270ac-304b-4977-ada3-4470d0b67741-768x576.jpg 768w, https:\/\/dioceseteixeiradefreitas.com.br\/wp-content\/uploads\/2021\/01\/caa270ac-304b-4977-ada3-4470d0b67741-600x450.jpg 600w, https:\/\/dioceseteixeiradefreitas.com.br\/wp-content\/uploads\/2021\/01\/caa270ac-304b-4977-ada3-4470d0b67741.jpg 1040w\" sizes=\"auto, (max-width: 300px) 100vw, 300px\" \/><\/a>\n\t\t\t<\/div><\/figure><figure class='gallery-item'>\n\t\t\t<div class='gallery-icon landscape'>\n\t\t\t\t<a href='https:\/\/dioceseteixeiradefreitas.com.br\/wp-content\/uploads\/2021\/01\/cfd79751-4fb4-4e7d-b7b9-61e8fb3e407e.jpg'><img loading=\"lazy\" decoding=\"async\" width=\"300\" height=\"225\" src=\"https:\/\/dioceseteixeiradefreitas.com.br\/wp-content\/uploads\/2021\/01\/cfd79751-4fb4-4e7d-b7b9-61e8fb3e407e-300x225.jpg\" class=\"attachment-medium size-medium\" alt=\"\" srcset=\"https:\/\/dioceseteixeiradefreitas.com.br\/wp-content\/uploads\/2021\/01\/cfd79751-4fb4-4e7d-b7b9-61e8fb3e407e-300x225.jpg 300w, https:\/\/dioceseteixeiradefreitas.com.br\/wp-content\/uploads\/2021\/01\/cfd79751-4fb4-4e7d-b7b9-61e8fb3e407e-1024x768.jpg 1024w, https:\/\/dioceseteixeiradefreitas.com.br\/wp-content\/uploads\/2021\/01\/cfd79751-4fb4-4e7d-b7b9-61e8fb3e407e-768x576.jpg 768w, https:\/\/dioceseteixeiradefreitas.com.br\/wp-content\/uploads\/2021\/01\/cfd79751-4fb4-4e7d-b7b9-61e8fb3e407e-600x450.jpg 600w, https:\/\/dioceseteixeiradefreitas.com.br\/wp-content\/uploads\/2021\/01\/cfd79751-4fb4-4e7d-b7b9-61e8fb3e407e.jpg 1040w\" sizes=\"auto, (max-width: 300px) 100vw, 300px\" \/><\/a>\n\t\t\t<\/div><\/figure><figure class='gallery-item'>\n\t\t\t<div class='gallery-icon landscape'>\n\t\t\t\t<a href='https:\/\/dioceseteixeiradefreitas.com.br\/wp-content\/uploads\/2021\/01\/d1d937e0-7974-46c8-9355-ff74c2eda65b.jpg'><img loading=\"lazy\" decoding=\"async\" width=\"300\" height=\"225\" src=\"https:\/\/dioceseteixeiradefreitas.com.br\/wp-content\/uploads\/2021\/01\/d1d937e0-7974-46c8-9355-ff74c2eda65b-300x225.jpg\" class=\"attachment-medium size-medium\" alt=\"\" srcset=\"https:\/\/dioceseteixeiradefreitas.com.br\/wp-content\/uploads\/2021\/01\/d1d937e0-7974-46c8-9355-ff74c2eda65b-300x225.jpg 300w, https:\/\/dioceseteixeiradefreitas.com.br\/wp-content\/uploads\/2021\/01\/d1d937e0-7974-46c8-9355-ff74c2eda65b-1024x768.jpg 1024w, https:\/\/dioceseteixeiradefreitas.com.br\/wp-content\/uploads\/2021\/01\/d1d937e0-7974-46c8-9355-ff74c2eda65b-768x576.jpg 768w, https:\/\/dioceseteixeiradefreitas.com.br\/wp-content\/uploads\/2021\/01\/d1d937e0-7974-46c8-9355-ff74c2eda65b-600x450.jpg 600w, https:\/\/dioceseteixeiradefreitas.com.br\/wp-content\/uploads\/2021\/01\/d1d937e0-7974-46c8-9355-ff74c2eda65b.jpg 1040w\" sizes=\"auto, (max-width: 300px) 100vw, 300px\" \/><\/a>\n\t\t\t<\/div><\/figure><figure class='gallery-item'>\n\t\t\t<div class='gallery-icon portrait'>\n\t\t\t\t<a href='https:\/\/dioceseteixeiradefreitas.com.br\/wp-content\/uploads\/2021\/01\/d41a53fd-0479-4823-96a5-aa8b03651a74.jpg'><img loading=\"lazy\" decoding=\"async\" width=\"225\" height=\"300\" src=\"https:\/\/dioceseteixeiradefreitas.com.br\/wp-content\/uploads\/2021\/01\/d41a53fd-0479-4823-96a5-aa8b03651a74-225x300.jpg\" class=\"attachment-medium size-medium\" alt=\"\" srcset=\"https:\/\/dioceseteixeiradefreitas.com.br\/wp-content\/uploads\/2021\/01\/d41a53fd-0479-4823-96a5-aa8b03651a74-225x300.jpg 225w, https:\/\/dioceseteixeiradefreitas.com.br\/wp-content\/uploads\/2021\/01\/d41a53fd-0479-4823-96a5-aa8b03651a74-766x1024.jpg 766w, https:\/\/dioceseteixeiradefreitas.com.br\/wp-content\/uploads\/2021\/01\/d41a53fd-0479-4823-96a5-aa8b03651a74-768x1026.jpg 768w, https:\/\/dioceseteixeiradefreitas.com.br\/wp-content\/uploads\/2021\/01\/d41a53fd-0479-4823-96a5-aa8b03651a74-600x802.jpg 600w, https:\/\/dioceseteixeiradefreitas.com.br\/wp-content\/uploads\/2021\/01\/d41a53fd-0479-4823-96a5-aa8b03651a74.jpg 958w\" sizes=\"auto, (max-width: 225px) 100vw, 225px\" \/><\/a>\n\t\t\t<\/div><\/figure><figure class='gallery-item'>\n\t\t\t<div class='gallery-icon landscape'>\n\t\t\t\t<a href='https:\/\/dioceseteixeiradefreitas.com.br\/wp-content\/uploads\/2021\/01\/f01b35a3-d455-41f7-a750-a326ee725cd3.jpg'><img loading=\"lazy\" decoding=\"async\" width=\"300\" height=\"225\" src=\"https:\/\/dioceseteixeiradefreitas.com.br\/wp-content\/uploads\/2021\/01\/f01b35a3-d455-41f7-a750-a326ee725cd3-300x225.jpg\" class=\"attachment-medium size-medium\" alt=\"\" srcset=\"https:\/\/dioceseteixeiradefreitas.com.br\/wp-content\/uploads\/2021\/01\/f01b35a3-d455-41f7-a750-a326ee725cd3-300x225.jpg 300w, https:\/\/dioceseteixeiradefreitas.com.br\/wp-content\/uploads\/2021\/01\/f01b35a3-d455-41f7-a750-a326ee725cd3-1024x768.jpg 1024w, https:\/\/dioceseteixeiradefreitas.com.br\/wp-content\/uploads\/2021\/01\/f01b35a3-d455-41f7-a750-a326ee725cd3-768x576.jpg 768w, https:\/\/dioceseteixeiradefreitas.com.br\/wp-content\/uploads\/2021\/01\/f01b35a3-d455-41f7-a750-a326ee725cd3-600x450.jpg 600w, https:\/\/dioceseteixeiradefreitas.com.br\/wp-content\/uploads\/2021\/01\/f01b35a3-d455-41f7-a750-a326ee725cd3.jpg 1040w\" sizes=\"auto, (max-width: 300px) 100vw, 300px\" \/><\/a>\n\t\t\t<\/div><\/figure><figure class='gallery-item'>\n\t\t\t<div class='gallery-icon landscape'>\n\t\t\t\t<a href='https:\/\/dioceseteixeiradefreitas.com.br\/wp-content\/uploads\/2021\/01\/fae77d00-99ea-4fe0-8935-d04992141753.jpg'><img loading=\"lazy\" decoding=\"async\" width=\"300\" height=\"225\" src=\"https:\/\/dioceseteixeiradefreitas.com.br\/wp-content\/uploads\/2021\/01\/fae77d00-99ea-4fe0-8935-d04992141753-300x225.jpg\" class=\"attachment-medium size-medium\" alt=\"\" srcset=\"https:\/\/dioceseteixeiradefreitas.com.br\/wp-content\/uploads\/2021\/01\/fae77d00-99ea-4fe0-8935-d04992141753-300x225.jpg 300w, https:\/\/dioceseteixeiradefreitas.com.br\/wp-content\/uploads\/2021\/01\/fae77d00-99ea-4fe0-8935-d04992141753-1024x768.jpg 1024w, https:\/\/dioceseteixeiradefreitas.com.br\/wp-content\/uploads\/2021\/01\/fae77d00-99ea-4fe0-8935-d04992141753-768x576.jpg 768w, https:\/\/dioceseteixeiradefreitas.com.br\/wp-content\/uploads\/2021\/01\/fae77d00-99ea-4fe0-8935-d04992141753-600x450.jpg 600w, https:\/\/dioceseteixeiradefreitas.com.br\/wp-content\/uploads\/2021\/01\/fae77d00-99ea-4fe0-8935-d04992141753.jpg 1040w\" sizes=\"auto, (max-width: 300px) 100vw, 300px\" \/><\/a>\n\t\t\t<\/div><\/figure><figure class='gallery-item'>\n\t\t\t<div class='gallery-icon portrait'>\n\t\t\t\t<a href='https:\/\/dioceseteixeiradefreitas.com.br\/wp-content\/uploads\/2021\/01\/fd752862-21a6-4f2a-af5b-8dfe76b975f1.jpg'><img loading=\"lazy\" decoding=\"async\" width=\"225\" height=\"300\" src=\"https:\/\/dioceseteixeiradefreitas.com.br\/wp-content\/uploads\/2021\/01\/fd752862-21a6-4f2a-af5b-8dfe76b975f1-225x300.jpg\" class=\"attachment-medium size-medium\" alt=\"\" srcset=\"https:\/\/dioceseteixeiradefreitas.com.br\/wp-content\/uploads\/2021\/01\/fd752862-21a6-4f2a-af5b-8dfe76b975f1-225x300.jpg 225w, https:\/\/dioceseteixeiradefreitas.com.br\/wp-content\/uploads\/2021\/01\/fd752862-21a6-4f2a-af5b-8dfe76b975f1-768x1024.jpg 768w, https:\/\/dioceseteixeiradefreitas.com.br\/wp-content\/uploads\/2021\/01\/fd752862-21a6-4f2a-af5b-8dfe76b975f1-600x800.jpg 600w, https:\/\/dioceseteixeiradefreitas.com.br\/wp-content\/uploads\/2021\/01\/fd752862-21a6-4f2a-af5b-8dfe76b975f1.jpg 780w\" sizes=\"auto, (max-width: 225px) 100vw, 225px\" \/><\/a>\n\t\t\t<\/div><\/figure>\n\t\t<\/div>\n\n","protected":false},"excerpt":{"rendered":"<p>Com uma tradi\u00e7\u00e3o h\u00e1 anos, a Festa de S\u00e3o Sebasti\u00e3o sempre ocorre em janeiro, em homenagem ao santo padroeiro do munic\u00edpio de Jucuru\u00e7u. A Festa do M\u00e1rtir teve in\u00edcio no dia 17 de janeiro, e seguiu at\u00e9 o dia 20, dia do padroeiro. Todos os anos, como de costume, o dia de S\u00e3o Sebasti\u00e3o \u00e9 &hellip;<\/p>\n","protected":false},"author":1,"featured_media":12263,"comment_status":"closed","ping_status":"closed","sticky":false,"template":"","format":"standard","meta":{"footnotes":""},"categories":[310],"tags":[410,398,109,752,751,741],"class_list":["post-12259","post","type-post","status-publish","format-standard","has-post-thumbnail","hentry","category-noticias-paroquiais","tag-festa-de-sao-sebastiao","tag-festa-de-sao-sebastiao-de-jucurucu","tag-forania-santo-antonio","tag-guerreiro","tag-martir","tag-sao-sebastiao"],"_links":{"self":[{"href":"https:\/\/dioceseteixeiradefreitas.com.br\/index.php?rest_route=\/wp\/v2\/posts\/12259","targetHints":{"allow":["GET"]}}],"collection":[{"href":"https:\/\/dioceseteixeiradefreitas.com.br\/index.php?rest_route=\/wp\/v2\/posts"}],"about":[{"href":"https:\/\/dioceseteixeiradefreitas.com.br\/index.php?rest_route=\/wp\/v2\/types\/post"}],"author":[{"embeddable":true,"href":"https:\/\/dioceseteixeiradefreitas.com.br\/index.php?rest_route=\/wp\/v2\/users\/1"}],"replies":[{"embeddable":true,"href":"https:\/\/dioceseteixeiradefreitas.com.br\/index.php?rest_route=%2Fwp%2Fv2%2Fcomments&post=12259"}],"version-history":[{"count":5,"href":"https:\/\/dioceseteixeiradefreitas.com.br\/index.php?rest_route=\/wp\/v2\/posts\/12259\/revisions"}],"predecessor-version":[{"id":12291,"href":"https:\/\/dioceseteixeiradefreitas.com.br\/index.php?rest_route=\/wp\/v2\/posts\/12259\/revisions\/12291"}],"wp:featuredmedia":[{"embeddable":true,"href":"https:\/\/dioceseteixeiradefreitas.com.br\/index.php?rest_route=\/wp\/v2\/media\/12263"}],"wp:attachment":[{"href":"https:\/\/dioceseteixeiradefreitas.com.br\/index.php?rest_route=%2Fwp%2Fv2%2Fmedia&parent=12259"}],"wp:term":[{"taxonomy":"category","embeddable":true,"href":"https:\/\/dioceseteixeiradefreitas.com.br\/index.php?rest_route=%2Fwp%2Fv2%2Fcategories&post=12259"},{"taxonomy":"post_tag","embeddable":true,"href":"https:\/\/dioceseteixeiradefreitas.com.br\/index.php?rest_route=%2Fwp%2Fv2%2Ftags&post=12259"}],"curies":[{"name":"wp","href":"https:\/\/api.w.org\/{rel}","templated":true}]}}