{"id":12404,"date":"2021-02-03T15:43:49","date_gmt":"2021-02-03T18:43:49","guid":{"rendered":"https:\/\/dioceseteixeiradefreitas.com.br\/?p=12404"},"modified":"2021-02-03T15:51:03","modified_gmt":"2021-02-03T18:51:03","slug":"padre-benoy-joseph-toma-posse-na-paroquia-sao-paulo-apostolo-em-teixeira-de-freitas","status":"publish","type":"post","link":"https:\/\/dioceseteixeiradefreitas.com.br\/?p=12404","title":{"rendered":"Padre Benoy Joseph toma Posse na Par\u00f3quia S\u00e3o Paulo Ap\u00f3stolo em Teixeira de Freitas"},"content":{"rendered":"<figure id=\"attachment_12412\" aria-describedby=\"caption-attachment-12412\" style=\"width: 1280px\" class=\"wp-caption aligncenter\"><img loading=\"lazy\" decoding=\"async\" class=\"wp-image-12412 size-full\" src=\"https:\/\/dioceseteixeiradefreitas.com.br\/wp-content\/uploads\/2021\/02\/AnyConv.com__a91d8989-4da1-4993-bb6b-829bd8d0b62f.png\" alt=\"\" width=\"1280\" height=\"1280\" srcset=\"https:\/\/dioceseteixeiradefreitas.com.br\/wp-content\/uploads\/2021\/02\/AnyConv.com__a91d8989-4da1-4993-bb6b-829bd8d0b62f.png 1280w, https:\/\/dioceseteixeiradefreitas.com.br\/wp-content\/uploads\/2021\/02\/AnyConv.com__a91d8989-4da1-4993-bb6b-829bd8d0b62f-300x300.png 300w, https:\/\/dioceseteixeiradefreitas.com.br\/wp-content\/uploads\/2021\/02\/AnyConv.com__a91d8989-4da1-4993-bb6b-829bd8d0b62f-1024x1024.png 1024w, https:\/\/dioceseteixeiradefreitas.com.br\/wp-content\/uploads\/2021\/02\/AnyConv.com__a91d8989-4da1-4993-bb6b-829bd8d0b62f-150x150.png 150w, https:\/\/dioceseteixeiradefreitas.com.br\/wp-content\/uploads\/2021\/02\/AnyConv.com__a91d8989-4da1-4993-bb6b-829bd8d0b62f-768x768.png 768w, https:\/\/dioceseteixeiradefreitas.com.br\/wp-content\/uploads\/2021\/02\/AnyConv.com__a91d8989-4da1-4993-bb6b-829bd8d0b62f-600x600.png 600w, https:\/\/dioceseteixeiradefreitas.com.br\/wp-content\/uploads\/2021\/02\/AnyConv.com__a91d8989-4da1-4993-bb6b-829bd8d0b62f-100x100.png 100w\" sizes=\"auto, (max-width: 1280px) 100vw, 1280px\" \/><figcaption id=\"caption-attachment-12412\" class=\"wp-caption-text\">Padre Benoy mostrando o Decreto, noemando-lhe como Administrador Paroqual &#8211; Foto: PASCOM S\u00c3O Paulo Ap\u00f3stolo\/Divulga\u00e7\u00e3o<\/figcaption><\/figure>\n<p>Ocorreu na noite desta ter\u00e7a-feira (02\/02) \u00e0s 19h30min a Posse Can\u00f4nica do novo Administrador da Par\u00f3quia S\u00e3o Paulo Ap\u00f3stolo, o padre Benoy Joseph. A Celebra\u00e7\u00e3o Eucar\u00edstica foi presidida pelo Bispo Diocesano, Dom Jailton de Oliveira Lino.<\/p>\n<p>Em sua homilia o Bispo dirigiu algumas palavras ao padre Benoy: &#8220;<strong><em>Que Deus lhe ajude a ser como Sime\u00e3o, que l\u00e1 no templo acolheu ao menino Jesus. Louvando a Deus, com o povo que Deus o confia, bendizendo a Deus pela presen\u00e7a do Senhor no templo e espalhando deste modo, esse bom odor, esse bom perfume de Jesus aqui na Par\u00f3quia S\u00e3o Paulo Ap\u00f3stolo<\/em><\/strong>&#8220;, disse o Bispo.<\/p>\n<p>Em unidade e fraternidade a par\u00f3quia tem a honra de acolher o pe. Benoy Joseph como seu novo administrador paroquial. Que Deus o d\u00ea coragem e for\u00e7a para realizar sua miss\u00e3o que tem como objetivo levar as almas para a eternidade no c\u00e9u.<\/p>\n<p><strong>SOBRE O PADRE BENOY<\/strong><\/p>\n<p>O Pe. Benoy \u00e9 indiano, religioso da Congrega\u00e7\u00e3o Carmelitas de Maria Imaculada (CMI), fundada em 1831. \u00c9 a primeira Congrega\u00e7\u00e3o Religiosa do rito sirio-malabar dentro da Igreja Cat\u00f3lica na \u00cdndia. Atualmente a Congrega\u00e7\u00e3o presta servi\u00e7os pastorais em 35 pa\u00edses ao redor do mundo. Tem cerca de 3.000 membros, 1840 sacerdotes, incluindo 10 bispos, 1 di\u00e1cono permanente, 22 irm\u00e3os e 1200 pessoas em forma\u00e7\u00e3o.<\/p>\n<p>Em breve, mais tr\u00eas padres da mesma congrega\u00e7\u00e3o estar\u00e3o colaborando em nossa Diocese. Eles est\u00e3o em aguardando o processo de obten\u00e7\u00e3o de visto no Consulado do Brasil na \u00cdndia que encontra-se fechado por conta das restri\u00e7\u00f5es da Pandemia.<\/p>\n<p>Por PASCOM S\u00c3O PAULO AP\u00d3STOLO<\/p>\n<p>[su_note note_color=&#8221;#f3d318&#8243; text_color=&#8221;#ffffff&#8221;]Confira a Transmiss\u00e3o AO VIVO realizada: [\/su_note]<\/p>\n<p style=\"text-align: center;\"><iframe loading=\"lazy\" style=\"border: none; overflow: hidden;\" src=\"https:\/\/www.facebook.com\/plugins\/video.php?height=314&amp;href=https%3A%2F%2Fwww.facebook.com%2Fdioceseteixeiradefreitas%2Fvideos%2F528212574819564%2F&amp;show_text=false&amp;width=560\" width=\"560\" height=\"314\" frameborder=\"0\" scrolling=\"no\" allowfullscreen=\"allowfullscreen\"><\/iframe><\/p>\n<p>[su_note note_color=&#8221;#f3d318&#8243; text_color=&#8221;#ffffff&#8221;]Confira a galeria:[\/su_note]<\/p>\n<div id='gallery-1' class='gallery galleryid-12404 gallery-columns-3 gallery-size-medium'><figure class='gallery-item'>\n\t\t\t<div class='gallery-icon landscape'>\n\t\t\t\t<a href='https:\/\/dioceseteixeiradefreitas.com.br\/wp-content\/uploads\/2021\/02\/AnyConv.com__3e5be763-e75d-4038-87d8-07908ee777f8.png'><img loading=\"lazy\" decoding=\"async\" width=\"300\" height=\"249\" src=\"https:\/\/dioceseteixeiradefreitas.com.br\/wp-content\/uploads\/2021\/02\/AnyConv.com__3e5be763-e75d-4038-87d8-07908ee777f8-300x249.png\" class=\"attachment-medium size-medium\" alt=\"\" srcset=\"https:\/\/dioceseteixeiradefreitas.com.br\/wp-content\/uploads\/2021\/02\/AnyConv.com__3e5be763-e75d-4038-87d8-07908ee777f8-300x249.png 300w, https:\/\/dioceseteixeiradefreitas.com.br\/wp-content\/uploads\/2021\/02\/AnyConv.com__3e5be763-e75d-4038-87d8-07908ee777f8-1024x849.png 1024w, https:\/\/dioceseteixeiradefreitas.com.br\/wp-content\/uploads\/2021\/02\/AnyConv.com__3e5be763-e75d-4038-87d8-07908ee777f8-768x637.png 768w, https:\/\/dioceseteixeiradefreitas.com.br\/wp-content\/uploads\/2021\/02\/AnyConv.com__3e5be763-e75d-4038-87d8-07908ee777f8-600x497.png 600w, https:\/\/dioceseteixeiradefreitas.com.br\/wp-content\/uploads\/2021\/02\/AnyConv.com__3e5be763-e75d-4038-87d8-07908ee777f8.png 1280w\" sizes=\"auto, (max-width: 300px) 100vw, 300px\" \/><\/a>\n\t\t\t<\/div><\/figure><figure class='gallery-item'>\n\t\t\t<div class='gallery-icon landscape'>\n\t\t\t\t<a href='https:\/\/dioceseteixeiradefreitas.com.br\/wp-content\/uploads\/2021\/02\/AnyConv.com__8d88605c-f08f-4780-a9e5-bb98057ba0c8.png'><img loading=\"lazy\" decoding=\"async\" width=\"300\" height=\"207\" src=\"https:\/\/dioceseteixeiradefreitas.com.br\/wp-content\/uploads\/2021\/02\/AnyConv.com__8d88605c-f08f-4780-a9e5-bb98057ba0c8-300x207.png\" class=\"attachment-medium size-medium\" alt=\"\" srcset=\"https:\/\/dioceseteixeiradefreitas.com.br\/wp-content\/uploads\/2021\/02\/AnyConv.com__8d88605c-f08f-4780-a9e5-bb98057ba0c8-300x207.png 300w, https:\/\/dioceseteixeiradefreitas.com.br\/wp-content\/uploads\/2021\/02\/AnyConv.com__8d88605c-f08f-4780-a9e5-bb98057ba0c8-1024x706.png 1024w, https:\/\/dioceseteixeiradefreitas.com.br\/wp-content\/uploads\/2021\/02\/AnyConv.com__8d88605c-f08f-4780-a9e5-bb98057ba0c8-768x529.png 768w, https:\/\/dioceseteixeiradefreitas.com.br\/wp-content\/uploads\/2021\/02\/AnyConv.com__8d88605c-f08f-4780-a9e5-bb98057ba0c8-600x413.png 600w, https:\/\/dioceseteixeiradefreitas.com.br\/wp-content\/uploads\/2021\/02\/AnyConv.com__8d88605c-f08f-4780-a9e5-bb98057ba0c8.png 1254w\" sizes=\"auto, (max-width: 300px) 100vw, 300px\" \/><\/a>\n\t\t\t<\/div><\/figure><figure class='gallery-item'>\n\t\t\t<div class='gallery-icon landscape'>\n\t\t\t\t<a href='https:\/\/dioceseteixeiradefreitas.com.br\/wp-content\/uploads\/2021\/02\/AnyConv.com__9ae08765-5a3f-4b78-bbe6-9d300b274db4.png'><img loading=\"lazy\" decoding=\"async\" width=\"300\" height=\"251\" src=\"https:\/\/dioceseteixeiradefreitas.com.br\/wp-content\/uploads\/2021\/02\/AnyConv.com__9ae08765-5a3f-4b78-bbe6-9d300b274db4-300x251.png\" class=\"attachment-medium size-medium\" alt=\"\" srcset=\"https:\/\/dioceseteixeiradefreitas.com.br\/wp-content\/uploads\/2021\/02\/AnyConv.com__9ae08765-5a3f-4b78-bbe6-9d300b274db4-300x251.png 300w, https:\/\/dioceseteixeiradefreitas.com.br\/wp-content\/uploads\/2021\/02\/AnyConv.com__9ae08765-5a3f-4b78-bbe6-9d300b274db4-1024x856.png 1024w, https:\/\/dioceseteixeiradefreitas.com.br\/wp-content\/uploads\/2021\/02\/AnyConv.com__9ae08765-5a3f-4b78-bbe6-9d300b274db4-768x642.png 768w, https:\/\/dioceseteixeiradefreitas.com.br\/wp-content\/uploads\/2021\/02\/AnyConv.com__9ae08765-5a3f-4b78-bbe6-9d300b274db4-600x501.png 600w, https:\/\/dioceseteixeiradefreitas.com.br\/wp-content\/uploads\/2021\/02\/AnyConv.com__9ae08765-5a3f-4b78-bbe6-9d300b274db4.png 1028w\" sizes=\"auto, (max-width: 300px) 100vw, 300px\" \/><\/a>\n\t\t\t<\/div><\/figure><figure class='gallery-item'>\n\t\t\t<div class='gallery-icon landscape'>\n\t\t\t\t<a href='https:\/\/dioceseteixeiradefreitas.com.br\/wp-content\/uploads\/2021\/02\/AnyConv.com__86ab8097-6778-42ba-84d2-cd558e8afc1c.png'><img loading=\"lazy\" decoding=\"async\" width=\"300\" height=\"180\" src=\"https:\/\/dioceseteixeiradefreitas.com.br\/wp-content\/uploads\/2021\/02\/AnyConv.com__86ab8097-6778-42ba-84d2-cd558e8afc1c-300x180.png\" class=\"attachment-medium size-medium\" alt=\"\" srcset=\"https:\/\/dioceseteixeiradefreitas.com.br\/wp-content\/uploads\/2021\/02\/AnyConv.com__86ab8097-6778-42ba-84d2-cd558e8afc1c-300x180.png 300w, https:\/\/dioceseteixeiradefreitas.com.br\/wp-content\/uploads\/2021\/02\/AnyConv.com__86ab8097-6778-42ba-84d2-cd558e8afc1c-1024x613.png 1024w, https:\/\/dioceseteixeiradefreitas.com.br\/wp-content\/uploads\/2021\/02\/AnyConv.com__86ab8097-6778-42ba-84d2-cd558e8afc1c-768x460.png 768w, https:\/\/dioceseteixeiradefreitas.com.br\/wp-content\/uploads\/2021\/02\/AnyConv.com__86ab8097-6778-42ba-84d2-cd558e8afc1c-600x359.png 600w, https:\/\/dioceseteixeiradefreitas.com.br\/wp-content\/uploads\/2021\/02\/AnyConv.com__86ab8097-6778-42ba-84d2-cd558e8afc1c.png 1280w\" sizes=\"auto, (max-width: 300px) 100vw, 300px\" \/><\/a>\n\t\t\t<\/div><\/figure><figure class='gallery-item'>\n\t\t\t<div class='gallery-icon landscape'>\n\t\t\t\t<a href='https:\/\/dioceseteixeiradefreitas.com.br\/wp-content\/uploads\/2021\/02\/AnyConv.com__266db972-9fbb-405d-9c90-3a6c51822261.png'><img loading=\"lazy\" decoding=\"async\" width=\"300\" height=\"200\" src=\"https:\/\/dioceseteixeiradefreitas.com.br\/wp-content\/uploads\/2021\/02\/AnyConv.com__266db972-9fbb-405d-9c90-3a6c51822261-300x200.png\" class=\"attachment-medium size-medium\" alt=\"\" srcset=\"https:\/\/dioceseteixeiradefreitas.com.br\/wp-content\/uploads\/2021\/02\/AnyConv.com__266db972-9fbb-405d-9c90-3a6c51822261-300x200.png 300w, https:\/\/dioceseteixeiradefreitas.com.br\/wp-content\/uploads\/2021\/02\/AnyConv.com__266db972-9fbb-405d-9c90-3a6c51822261-1024x682.png 1024w, https:\/\/dioceseteixeiradefreitas.com.br\/wp-content\/uploads\/2021\/02\/AnyConv.com__266db972-9fbb-405d-9c90-3a6c51822261-768x512.png 768w, https:\/\/dioceseteixeiradefreitas.com.br\/wp-content\/uploads\/2021\/02\/AnyConv.com__266db972-9fbb-405d-9c90-3a6c51822261-600x400.png 600w, https:\/\/dioceseteixeiradefreitas.com.br\/wp-content\/uploads\/2021\/02\/AnyConv.com__266db972-9fbb-405d-9c90-3a6c51822261.png 1280w\" sizes=\"auto, (max-width: 300px) 100vw, 300px\" \/><\/a>\n\t\t\t<\/div><\/figure><figure class='gallery-item'>\n\t\t\t<div class='gallery-icon landscape'>\n\t\t\t\t<a href='https:\/\/dioceseteixeiradefreitas.com.br\/wp-content\/uploads\/2021\/02\/AnyConv.com__1378f7d0-4b94-444f-bba3-ec1eb2ceebf4.png'><img loading=\"lazy\" decoding=\"async\" width=\"300\" height=\"189\" src=\"https:\/\/dioceseteixeiradefreitas.com.br\/wp-content\/uploads\/2021\/02\/AnyConv.com__1378f7d0-4b94-444f-bba3-ec1eb2ceebf4-300x189.png\" class=\"attachment-medium size-medium\" alt=\"\" srcset=\"https:\/\/dioceseteixeiradefreitas.com.br\/wp-content\/uploads\/2021\/02\/AnyConv.com__1378f7d0-4b94-444f-bba3-ec1eb2ceebf4-300x189.png 300w, https:\/\/dioceseteixeiradefreitas.com.br\/wp-content\/uploads\/2021\/02\/AnyConv.com__1378f7d0-4b94-444f-bba3-ec1eb2ceebf4-1024x644.png 1024w, https:\/\/dioceseteixeiradefreitas.com.br\/wp-content\/uploads\/2021\/02\/AnyConv.com__1378f7d0-4b94-444f-bba3-ec1eb2ceebf4-768x483.png 768w, https:\/\/dioceseteixeiradefreitas.com.br\/wp-content\/uploads\/2021\/02\/AnyConv.com__1378f7d0-4b94-444f-bba3-ec1eb2ceebf4-600x377.png 600w, https:\/\/dioceseteixeiradefreitas.com.br\/wp-content\/uploads\/2021\/02\/AnyConv.com__1378f7d0-4b94-444f-bba3-ec1eb2ceebf4.png 1280w\" sizes=\"auto, (max-width: 300px) 100vw, 300px\" \/><\/a>\n\t\t\t<\/div><\/figure><figure class='gallery-item'>\n\t\t\t<div class='gallery-icon landscape'>\n\t\t\t\t<a href='https:\/\/dioceseteixeiradefreitas.com.br\/wp-content\/uploads\/2021\/02\/AnyConv.com__76085ccf-cb33-4f21-9bbb-237fb2801747.png'><img loading=\"lazy\" decoding=\"async\" width=\"300\" height=\"200\" src=\"https:\/\/dioceseteixeiradefreitas.com.br\/wp-content\/uploads\/2021\/02\/AnyConv.com__76085ccf-cb33-4f21-9bbb-237fb2801747-300x200.png\" class=\"attachment-medium size-medium\" alt=\"\" srcset=\"https:\/\/dioceseteixeiradefreitas.com.br\/wp-content\/uploads\/2021\/02\/AnyConv.com__76085ccf-cb33-4f21-9bbb-237fb2801747-300x200.png 300w, https:\/\/dioceseteixeiradefreitas.com.br\/wp-content\/uploads\/2021\/02\/AnyConv.com__76085ccf-cb33-4f21-9bbb-237fb2801747-1024x682.png 1024w, https:\/\/dioceseteixeiradefreitas.com.br\/wp-content\/uploads\/2021\/02\/AnyConv.com__76085ccf-cb33-4f21-9bbb-237fb2801747-768x512.png 768w, https:\/\/dioceseteixeiradefreitas.com.br\/wp-content\/uploads\/2021\/02\/AnyConv.com__76085ccf-cb33-4f21-9bbb-237fb2801747-600x400.png 600w, https:\/\/dioceseteixeiradefreitas.com.br\/wp-content\/uploads\/2021\/02\/AnyConv.com__76085ccf-cb33-4f21-9bbb-237fb2801747.png 1280w\" sizes=\"auto, (max-width: 300px) 100vw, 300px\" \/><\/a>\n\t\t\t<\/div><\/figure><figure class='gallery-item'>\n\t\t\t<div class='gallery-icon landscape'>\n\t\t\t\t<a href='https:\/\/dioceseteixeiradefreitas.com.br\/wp-content\/uploads\/2021\/02\/AnyConv.com__a91d8989-4da1-4993-bb6b-829bd8d0b62f.png'><img loading=\"lazy\" decoding=\"async\" width=\"300\" height=\"300\" src=\"https:\/\/dioceseteixeiradefreitas.com.br\/wp-content\/uploads\/2021\/02\/AnyConv.com__a91d8989-4da1-4993-bb6b-829bd8d0b62f-300x300.png\" class=\"attachment-medium size-medium\" alt=\"\" srcset=\"https:\/\/dioceseteixeiradefreitas.com.br\/wp-content\/uploads\/2021\/02\/AnyConv.com__a91d8989-4da1-4993-bb6b-829bd8d0b62f-300x300.png 300w, https:\/\/dioceseteixeiradefreitas.com.br\/wp-content\/uploads\/2021\/02\/AnyConv.com__a91d8989-4da1-4993-bb6b-829bd8d0b62f-1024x1024.png 1024w, https:\/\/dioceseteixeiradefreitas.com.br\/wp-content\/uploads\/2021\/02\/AnyConv.com__a91d8989-4da1-4993-bb6b-829bd8d0b62f-150x150.png 150w, https:\/\/dioceseteixeiradefreitas.com.br\/wp-content\/uploads\/2021\/02\/AnyConv.com__a91d8989-4da1-4993-bb6b-829bd8d0b62f-768x768.png 768w, https:\/\/dioceseteixeiradefreitas.com.br\/wp-content\/uploads\/2021\/02\/AnyConv.com__a91d8989-4da1-4993-bb6b-829bd8d0b62f-600x600.png 600w, https:\/\/dioceseteixeiradefreitas.com.br\/wp-content\/uploads\/2021\/02\/AnyConv.com__a91d8989-4da1-4993-bb6b-829bd8d0b62f-100x100.png 100w, https:\/\/dioceseteixeiradefreitas.com.br\/wp-content\/uploads\/2021\/02\/AnyConv.com__a91d8989-4da1-4993-bb6b-829bd8d0b62f.png 1280w\" sizes=\"auto, (max-width: 300px) 100vw, 300px\" \/><\/a>\n\t\t\t<\/div><\/figure><figure class='gallery-item'>\n\t\t\t<div class='gallery-icon landscape'>\n\t\t\t\t<a href='https:\/\/dioceseteixeiradefreitas.com.br\/wp-content\/uploads\/2021\/02\/AnyConv.com__ad670bcb-1795-423d-b29a-86a42ad0b7ee.png'><img loading=\"lazy\" decoding=\"async\" width=\"300\" height=\"214\" src=\"https:\/\/dioceseteixeiradefreitas.com.br\/wp-content\/uploads\/2021\/02\/AnyConv.com__ad670bcb-1795-423d-b29a-86a42ad0b7ee-300x214.png\" class=\"attachment-medium size-medium\" alt=\"\" srcset=\"https:\/\/dioceseteixeiradefreitas.com.br\/wp-content\/uploads\/2021\/02\/AnyConv.com__ad670bcb-1795-423d-b29a-86a42ad0b7ee-300x214.png 300w, https:\/\/dioceseteixeiradefreitas.com.br\/wp-content\/uploads\/2021\/02\/AnyConv.com__ad670bcb-1795-423d-b29a-86a42ad0b7ee-1024x730.png 1024w, https:\/\/dioceseteixeiradefreitas.com.br\/wp-content\/uploads\/2021\/02\/AnyConv.com__ad670bcb-1795-423d-b29a-86a42ad0b7ee-768x547.png 768w, https:\/\/dioceseteixeiradefreitas.com.br\/wp-content\/uploads\/2021\/02\/AnyConv.com__ad670bcb-1795-423d-b29a-86a42ad0b7ee-600x428.png 600w, https:\/\/dioceseteixeiradefreitas.com.br\/wp-content\/uploads\/2021\/02\/AnyConv.com__ad670bcb-1795-423d-b29a-86a42ad0b7ee.png 1212w\" sizes=\"auto, (max-width: 300px) 100vw, 300px\" \/><\/a>\n\t\t\t<\/div><\/figure><figure class='gallery-item'>\n\t\t\t<div class='gallery-icon landscape'>\n\t\t\t\t<a href='https:\/\/dioceseteixeiradefreitas.com.br\/wp-content\/uploads\/2021\/02\/AnyConv.com__b2c40723-165b-4401-a85a-63ae1d5632f9.png'><img loading=\"lazy\" decoding=\"async\" width=\"300\" height=\"236\" src=\"https:\/\/dioceseteixeiradefreitas.com.br\/wp-content\/uploads\/2021\/02\/AnyConv.com__b2c40723-165b-4401-a85a-63ae1d5632f9-300x236.png\" class=\"attachment-medium size-medium\" alt=\"\" srcset=\"https:\/\/dioceseteixeiradefreitas.com.br\/wp-content\/uploads\/2021\/02\/AnyConv.com__b2c40723-165b-4401-a85a-63ae1d5632f9-300x236.png 300w, https:\/\/dioceseteixeiradefreitas.com.br\/wp-content\/uploads\/2021\/02\/AnyConv.com__b2c40723-165b-4401-a85a-63ae1d5632f9-1024x805.png 1024w, https:\/\/dioceseteixeiradefreitas.com.br\/wp-content\/uploads\/2021\/02\/AnyConv.com__b2c40723-165b-4401-a85a-63ae1d5632f9-768x604.png 768w, https:\/\/dioceseteixeiradefreitas.com.br\/wp-content\/uploads\/2021\/02\/AnyConv.com__b2c40723-165b-4401-a85a-63ae1d5632f9-600x472.png 600w, https:\/\/dioceseteixeiradefreitas.com.br\/wp-content\/uploads\/2021\/02\/AnyConv.com__b2c40723-165b-4401-a85a-63ae1d5632f9.png 1056w\" sizes=\"auto, (max-width: 300px) 100vw, 300px\" \/><\/a>\n\t\t\t<\/div><\/figure><figure class='gallery-item'>\n\t\t\t<div class='gallery-icon landscape'>\n\t\t\t\t<a href='https:\/\/dioceseteixeiradefreitas.com.br\/wp-content\/uploads\/2021\/02\/AnyConv.com__bd0ac0e3-0807-497b-84b4-9172e634af40.png'><img loading=\"lazy\" decoding=\"async\" width=\"300\" height=\"262\" src=\"https:\/\/dioceseteixeiradefreitas.com.br\/wp-content\/uploads\/2021\/02\/AnyConv.com__bd0ac0e3-0807-497b-84b4-9172e634af40-300x262.png\" class=\"attachment-medium size-medium\" alt=\"\" srcset=\"https:\/\/dioceseteixeiradefreitas.com.br\/wp-content\/uploads\/2021\/02\/AnyConv.com__bd0ac0e3-0807-497b-84b4-9172e634af40-300x262.png 300w, https:\/\/dioceseteixeiradefreitas.com.br\/wp-content\/uploads\/2021\/02\/AnyConv.com__bd0ac0e3-0807-497b-84b4-9172e634af40-1024x894.png 1024w, https:\/\/dioceseteixeiradefreitas.com.br\/wp-content\/uploads\/2021\/02\/AnyConv.com__bd0ac0e3-0807-497b-84b4-9172e634af40-768x670.png 768w, https:\/\/dioceseteixeiradefreitas.com.br\/wp-content\/uploads\/2021\/02\/AnyConv.com__bd0ac0e3-0807-497b-84b4-9172e634af40-600x524.png 600w, https:\/\/dioceseteixeiradefreitas.com.br\/wp-content\/uploads\/2021\/02\/AnyConv.com__bd0ac0e3-0807-497b-84b4-9172e634af40.png 1280w\" sizes=\"auto, (max-width: 300px) 100vw, 300px\" \/><\/a>\n\t\t\t<\/div><\/figure><figure class='gallery-item'>\n\t\t\t<div class='gallery-icon landscape'>\n\t\t\t\t<a href='https:\/\/dioceseteixeiradefreitas.com.br\/wp-content\/uploads\/2021\/02\/AnyConv.com__c17be56f-1404-4458-8829-32413f48deaa.png'><img loading=\"lazy\" decoding=\"async\" width=\"300\" height=\"200\" src=\"https:\/\/dioceseteixeiradefreitas.com.br\/wp-content\/uploads\/2021\/02\/AnyConv.com__c17be56f-1404-4458-8829-32413f48deaa-300x200.png\" class=\"attachment-medium size-medium\" alt=\"\" srcset=\"https:\/\/dioceseteixeiradefreitas.com.br\/wp-content\/uploads\/2021\/02\/AnyConv.com__c17be56f-1404-4458-8829-32413f48deaa-300x200.png 300w, https:\/\/dioceseteixeiradefreitas.com.br\/wp-content\/uploads\/2021\/02\/AnyConv.com__c17be56f-1404-4458-8829-32413f48deaa-1024x682.png 1024w, https:\/\/dioceseteixeiradefreitas.com.br\/wp-content\/uploads\/2021\/02\/AnyConv.com__c17be56f-1404-4458-8829-32413f48deaa-768x512.png 768w, https:\/\/dioceseteixeiradefreitas.com.br\/wp-content\/uploads\/2021\/02\/AnyConv.com__c17be56f-1404-4458-8829-32413f48deaa-600x400.png 600w, https:\/\/dioceseteixeiradefreitas.com.br\/wp-content\/uploads\/2021\/02\/AnyConv.com__c17be56f-1404-4458-8829-32413f48deaa.png 1280w\" sizes=\"auto, (max-width: 300px) 100vw, 300px\" \/><\/a>\n\t\t\t<\/div><\/figure><figure class='gallery-item'>\n\t\t\t<div class='gallery-icon landscape'>\n\t\t\t\t<a href='https:\/\/dioceseteixeiradefreitas.com.br\/wp-content\/uploads\/2021\/02\/AnyConv.com__da66cc8f-e9a0-472c-85aa-9fa95707c4f3.png'><img loading=\"lazy\" decoding=\"async\" width=\"300\" height=\"200\" src=\"https:\/\/dioceseteixeiradefreitas.com.br\/wp-content\/uploads\/2021\/02\/AnyConv.com__da66cc8f-e9a0-472c-85aa-9fa95707c4f3-300x200.png\" class=\"attachment-medium size-medium\" alt=\"\" srcset=\"https:\/\/dioceseteixeiradefreitas.com.br\/wp-content\/uploads\/2021\/02\/AnyConv.com__da66cc8f-e9a0-472c-85aa-9fa95707c4f3-300x200.png 300w, https:\/\/dioceseteixeiradefreitas.com.br\/wp-content\/uploads\/2021\/02\/AnyConv.com__da66cc8f-e9a0-472c-85aa-9fa95707c4f3-1024x682.png 1024w, https:\/\/dioceseteixeiradefreitas.com.br\/wp-content\/uploads\/2021\/02\/AnyConv.com__da66cc8f-e9a0-472c-85aa-9fa95707c4f3-768x512.png 768w, https:\/\/dioceseteixeiradefreitas.com.br\/wp-content\/uploads\/2021\/02\/AnyConv.com__da66cc8f-e9a0-472c-85aa-9fa95707c4f3-600x400.png 600w, https:\/\/dioceseteixeiradefreitas.com.br\/wp-content\/uploads\/2021\/02\/AnyConv.com__da66cc8f-e9a0-472c-85aa-9fa95707c4f3.png 1280w\" sizes=\"auto, (max-width: 300px) 100vw, 300px\" \/><\/a>\n\t\t\t<\/div><\/figure><figure class='gallery-item'>\n\t\t\t<div class='gallery-icon landscape'>\n\t\t\t\t<a href='https:\/\/dioceseteixeiradefreitas.com.br\/wp-content\/uploads\/2021\/02\/AnyConv.com__e940b3d1-747d-409f-8cf0-cf7e8b704188.png'><img loading=\"lazy\" decoding=\"async\" width=\"300\" height=\"211\" src=\"https:\/\/dioceseteixeiradefreitas.com.br\/wp-content\/uploads\/2021\/02\/AnyConv.com__e940b3d1-747d-409f-8cf0-cf7e8b704188-300x211.png\" class=\"attachment-medium size-medium\" alt=\"\" srcset=\"https:\/\/dioceseteixeiradefreitas.com.br\/wp-content\/uploads\/2021\/02\/AnyConv.com__e940b3d1-747d-409f-8cf0-cf7e8b704188-300x211.png 300w, https:\/\/dioceseteixeiradefreitas.com.br\/wp-content\/uploads\/2021\/02\/AnyConv.com__e940b3d1-747d-409f-8cf0-cf7e8b704188-1024x721.png 1024w, https:\/\/dioceseteixeiradefreitas.com.br\/wp-content\/uploads\/2021\/02\/AnyConv.com__e940b3d1-747d-409f-8cf0-cf7e8b704188-768x541.png 768w, https:\/\/dioceseteixeiradefreitas.com.br\/wp-content\/uploads\/2021\/02\/AnyConv.com__e940b3d1-747d-409f-8cf0-cf7e8b704188-600x422.png 600w, https:\/\/dioceseteixeiradefreitas.com.br\/wp-content\/uploads\/2021\/02\/AnyConv.com__e940b3d1-747d-409f-8cf0-cf7e8b704188.png 1280w\" sizes=\"auto, (max-width: 300px) 100vw, 300px\" \/><\/a>\n\t\t\t<\/div><\/figure><figure class='gallery-item'>\n\t\t\t<div class='gallery-icon landscape'>\n\t\t\t\t<a href='https:\/\/dioceseteixeiradefreitas.com.br\/wp-content\/uploads\/2021\/02\/AnyConv.com__e6121194-497a-4fbf-9041-283637acb281.png'><img loading=\"lazy\" decoding=\"async\" width=\"300\" height=\"208\" src=\"https:\/\/dioceseteixeiradefreitas.com.br\/wp-content\/uploads\/2021\/02\/AnyConv.com__e6121194-497a-4fbf-9041-283637acb281-300x208.png\" class=\"attachment-medium size-medium\" alt=\"\" srcset=\"https:\/\/dioceseteixeiradefreitas.com.br\/wp-content\/uploads\/2021\/02\/AnyConv.com__e6121194-497a-4fbf-9041-283637acb281-300x208.png 300w, https:\/\/dioceseteixeiradefreitas.com.br\/wp-content\/uploads\/2021\/02\/AnyConv.com__e6121194-497a-4fbf-9041-283637acb281-1024x711.png 1024w, https:\/\/dioceseteixeiradefreitas.com.br\/wp-content\/uploads\/2021\/02\/AnyConv.com__e6121194-497a-4fbf-9041-283637acb281-768x533.png 768w, https:\/\/dioceseteixeiradefreitas.com.br\/wp-content\/uploads\/2021\/02\/AnyConv.com__e6121194-497a-4fbf-9041-283637acb281-600x416.png 600w, https:\/\/dioceseteixeiradefreitas.com.br\/wp-content\/uploads\/2021\/02\/AnyConv.com__e6121194-497a-4fbf-9041-283637acb281.png 1245w\" sizes=\"auto, (max-width: 300px) 100vw, 300px\" \/><\/a>\n\t\t\t<\/div><\/figure>\n\t\t<\/div>\n\n","protected":false},"excerpt":{"rendered":"<p>Ocorreu na noite desta ter\u00e7a-feira (02\/02) \u00e0s 19h30min a Posse Can\u00f4nica do novo Administrador da Par\u00f3quia S\u00e3o Paulo Ap\u00f3stolo, o padre Benoy Joseph. A Celebra\u00e7\u00e3o Eucar\u00edstica foi presidida pelo Bispo Diocesano, Dom Jailton de Oliveira Lino. Em sua homilia o Bispo dirigiu algumas palavras ao padre Benoy: &#8220;Que Deus lhe ajude a ser como Sime\u00e3o, &hellip;<\/p>\n","protected":false},"author":1,"featured_media":12412,"comment_status":"closed","ping_status":"closed","sticky":false,"template":"","format":"standard","meta":{"footnotes":""},"categories":[100,310],"tags":[57,759,437,758],"class_list":["post-12404","post","type-post","status-publish","format-standard","has-post-thumbnail","hentry","category-noticias-diocesanas","category-noticias-paroquiais","tag-forania-sao-pedro","tag-padre-benoy-joseph","tag-paroquia-sao-paulo-apostolo","tag-posse-canonica-do-padre-benoy"],"_links":{"self":[{"href":"https:\/\/dioceseteixeiradefreitas.com.br\/index.php?rest_route=\/wp\/v2\/posts\/12404","targetHints":{"allow":["GET"]}}],"collection":[{"href":"https:\/\/dioceseteixeiradefreitas.com.br\/index.php?rest_route=\/wp\/v2\/posts"}],"about":[{"href":"https:\/\/dioceseteixeiradefreitas.com.br\/index.php?rest_route=\/wp\/v2\/types\/post"}],"author":[{"embeddable":true,"href":"https:\/\/dioceseteixeiradefreitas.com.br\/index.php?rest_route=\/wp\/v2\/users\/1"}],"replies":[{"embeddable":true,"href":"https:\/\/dioceseteixeiradefreitas.com.br\/index.php?rest_route=%2Fwp%2Fv2%2Fcomments&post=12404"}],"version-history":[{"count":6,"href":"https:\/\/dioceseteixeiradefreitas.com.br\/index.php?rest_route=\/wp\/v2\/posts\/12404\/revisions"}],"predecessor-version":[{"id":12425,"href":"https:\/\/dioceseteixeiradefreitas.com.br\/index.php?rest_route=\/wp\/v2\/posts\/12404\/revisions\/12425"}],"wp:featuredmedia":[{"embeddable":true,"href":"https:\/\/dioceseteixeiradefreitas.com.br\/index.php?rest_route=\/wp\/v2\/media\/12412"}],"wp:attachment":[{"href":"https:\/\/dioceseteixeiradefreitas.com.br\/index.php?rest_route=%2Fwp%2Fv2%2Fmedia&parent=12404"}],"wp:term":[{"taxonomy":"category","embeddable":true,"href":"https:\/\/dioceseteixeiradefreitas.com.br\/index.php?rest_route=%2Fwp%2Fv2%2Fcategories&post=12404"},{"taxonomy":"post_tag","embeddable":true,"href":"https:\/\/dioceseteixeiradefreitas.com.br\/index.php?rest_route=%2Fwp%2Fv2%2Ftags&post=12404"}],"curies":[{"name":"wp","href":"https:\/\/api.w.org\/{rel}","templated":true}]}}