{"id":12433,"date":"2021-02-04T10:09:23","date_gmt":"2021-02-04T13:09:23","guid":{"rendered":"https:\/\/dioceseteixeiradefreitas.com.br\/?p=12433"},"modified":"2021-02-04T10:09:23","modified_gmt":"2021-02-04T13:09:23","slug":"o-papa-quem-nao-segue-o-concilio-nao-esta-com-a-igreja","status":"publish","type":"post","link":"https:\/\/dioceseteixeiradefreitas.com.br\/?p=12433","title":{"rendered":"O Papa: quem n\u00e3o segue o Conc\u00edlio n\u00e3o est\u00e1 com a Igreja"},"content":{"rendered":"<figure id=\"attachment_12434\" aria-describedby=\"caption-attachment-12434\" style=\"width: 750px\" class=\"wp-caption aligncenter\"><img loading=\"lazy\" decoding=\"async\" class=\"wp-image-12434 size-full\" src=\"https:\/\/dioceseteixeiradefreitas.com.br\/wp-content\/uploads\/2021\/02\/cq5dam.thumbnail.cropped.750.422.jpeg\" alt=\"\" width=\"750\" height=\"422\" srcset=\"https:\/\/dioceseteixeiradefreitas.com.br\/wp-content\/uploads\/2021\/02\/cq5dam.thumbnail.cropped.750.422.jpeg 750w, https:\/\/dioceseteixeiradefreitas.com.br\/wp-content\/uploads\/2021\/02\/cq5dam.thumbnail.cropped.750.422-300x169.jpeg 300w, https:\/\/dioceseteixeiradefreitas.com.br\/wp-content\/uploads\/2021\/02\/cq5dam.thumbnail.cropped.750.422-390x220.jpeg 390w, https:\/\/dioceseteixeiradefreitas.com.br\/wp-content\/uploads\/2021\/02\/cq5dam.thumbnail.cropped.750.422-600x338.jpeg 600w\" sizes=\"auto, (max-width: 750px) 100vw, 750px\" \/><figcaption id=\"caption-attachment-12434\" class=\"wp-caption-text\">Audi\u00eancia Papa Francisco &#8211; Escrit\u00f3rio Catequ\u00e9tico Nacional italiano da CEI &#8211; Foto:(Vatican Media)\/Reprodu\u00e7\u00e3o<\/figcaption><\/figure>\n<p>A ocasi\u00e3o da audi\u00eancia do Papa Francisco, na manh\u00e3 deste s\u00e1bado (30), aos membros do Escrit\u00f3rio Catequ\u00e9tico da Confer\u00eancia Episcopal Italiana \u00e9 o 60\u00ba anivers\u00e1rio do in\u00edcio de sua atividade, destinada a apoiar a Igreja italiana no campo, precisamente, da catequese ap\u00f3s o Conc\u00edlio Vaticano II. Um anivers\u00e1rio n\u00e3o s\u00f3 serve como um lembrete, mas tamb\u00e9m \u00e9 uma oportunidade para &#8220;renovar o esp\u00edrito de an\u00fancio&#8221;, disse o Papa em seu discurso, e por esta raz\u00e3o ele disse querer &#8220;compartilhar tr\u00eas pontos que eu espero que os ajudem no trabalho dos pr\u00f3ximos anos&#8221;.<\/p>\n<h2>No cora\u00e7\u00e3o da catequese, a pessoa de Jesus<\/h2>\n<p>O primeiro ponto \u00e9: catequese e kerygma. &#8220;A catequese \u00e9 o eco da Palavra de Deus&#8221;, afirmou o Papa, e atrav\u00e9s da Sagrada Escritura proclamada, cada pessoa entra a fazer parte &#8220;da mesma hist\u00f3ria de salva\u00e7\u00e3o&#8221; e com sua pr\u00f3pria singularidade &#8220;encontra seu pr\u00f3prio ritmo&#8221;. Francisco enfatizou que o cora\u00e7\u00e3o do mist\u00e9rio da salva\u00e7\u00e3o \u00e9 o kerygma, e que o kerygma \u00e9 uma pessoa: Jesus Cristo. A catequese deve &#8220;favorecer o encontro pessoal com Ele&#8221; e, portanto, n\u00e3o pode ser feita sem rela\u00e7\u00f5es pessoais.<\/p>\n<p><i>N\u00e3o existe uma verdadeira catequese sem o testemunho de homens e mulheres em carne e osso. Quem entre n\u00f3s n\u00e3o se recorda de pelo menos um de seus catequistas? Eu me recordo. Recordo-me da irm\u00e3 que me preparou para a minha primeira comunh\u00e3o e me fez muito bem. Os primeiros protagonistas da catequese s\u00e3o eles, mensageiros do Evangelho, muitas vezes leigos, que se p\u00f5em em jogo com generosidade para compartilhar a beleza de ter encontrado Jesus. &#8220;Quem \u00e9 o catequista? Ele \u00e9 aquele que guarda e alimenta a mem\u00f3ria de Deus; ele a guarda em si mesmo \u2013 ele guarda a mem\u00f3ria da hist\u00f3ria da salva\u00e7\u00e3o &#8211; e ele sabe como despertar essa mem\u00f3ria nos outros. Ele \u00e9 um crist\u00e3o que p\u00f5e esta mem\u00f3ria a servi\u00e7o do an\u00fancio; n\u00e3o para ser visto, n\u00e3o para falar de si mesmo, mas para falar de Deus, de seu amor, de sua fidelidade&#8221;.<\/i><\/p>\n<h2>O an\u00fancio \u00e9 o amor de Deus na linguagem do cora\u00e7\u00e3o<\/h2>\n<p>O Papa ent\u00e3o indicou algumas caracter\u00edsticas que o an\u00fancio deve possuir hoje, isto \u00e9, que saiba revelar o amor de Deus diante de toda obriga\u00e7\u00e3o moral e religiosa; que n\u00e3o se imp\u00f5e, mas leva em conta a liberdade; que testemunha a alegria e a vitalidade. Para isso, aquele que evangeliza deve expressar &#8220;proximidade, abertura ao di\u00e1logo, paci\u00eancia, acolhimento cordial que n\u00e3o condena&#8221;. E falando do catequista, Francisco acrescentou, improvisando, que &#8220;a f\u00e9 deve ser transmitida em dialeto&#8221;, explicando que se referia ao &#8220;dialeto da proximidade&#8221;, ao dialeto que \u00e9 compreendido pelo povo ao qual se dirige:<\/p>\n<p><i>Toca-me muito aquela passagem de Macabeus, dos Sete Irm\u00e3os. Duas ou tr\u00eas vezes eles disseram que sua m\u00e3e os apoiava, falando com eles em dialeto. \u00c9 importante: a verdadeira f\u00e9 deve ser transmitida em dialeto. Os catequistas devem aprender a transmiti-la em dialeto, ou seja, aquela linguagem que vem do cora\u00e7\u00e3o, que nasce, que \u00e9 a mais familiar, a mais pr\u00f3xima de todos. Se n\u00e3o houver dialeto, a f\u00e9 n\u00e3o \u00e9 transmitida totalmente e bem.<\/i><\/p>\n<h2>A catequese est\u00e1 sempre escutando o cora\u00e7\u00e3o do homem<\/h2>\n<p>O segundo ponto indicado pelo Papa Francisco \u00e9: catequese e futuro. Recordando o 50\u00ba anivers\u00e1rio do documento &#8220;A Renova\u00e7\u00e3o da Catequese&#8221;, com o qual a Confer\u00eancia Episcopal Italiana recebeu as indica\u00e7\u00f5es do Conc\u00edlio, celebrado no ano passado, Francisco citou algumas palavras do Papa Paulo VI nas quais convidava a Igreja italiana a olhar com gratid\u00e3o para o Conc\u00edlio, que dizia &#8220;ser\u00e1 o grande catecismo dos novos tempos&#8221; e observou como a tarefa constante da catequese \u00e9 &#8220;compreender estes problemas que surgem do cora\u00e7\u00e3o do homem, para lev\u00e1-los de volta \u00e0 sua fonte escondida: o dom do amor que cria e salva&#8221;. Francisco, portanto, reiterou que a catequese inspirada pelo Conc\u00edlio \u00e9 &#8220;sempre com um ouvido atento, sempre atento a renovar-se&#8221;. E a prop\u00f3sito do Conc\u00edlio, acrescentou uma extensa reflex\u00e3o:<\/p>\n<p><i>O Conc\u00edlio \u00e9 magist\u00e9rio da Igreja. Ou voc\u00ea est\u00e1 com a Igreja e, portanto, segue o Conc\u00edlio, e se n\u00e3o segue o Conc\u00edlio ou o interpreta \u00e0 sua maneira, \u00e0 sua pr\u00f3pria vontade, voc\u00ea n\u00e3o est\u00e1 com a Igreja. Temos que ser exigentes e rigorosos neste ponto. O Conc\u00edlio n\u00e3o deve ser negociado para ter mais destes&#8230; N\u00e3o, o Conc\u00edlio \u00e9 assim. E este problema que estamos enfrentando, da seletividade do Conc\u00edlio, se repetiu ao longo da hist\u00f3ria com outros Conc\u00edlios. Para mim, isso me faz pensar tanto num grupo de bispos que depois do Vaticano I foram embora, um grupo de leigos, grupos ali, para continuar a &#8220;verdadeira doutrina&#8221; que n\u00e3o era a do Vaticano I. &#8220;N\u00f3s somos os verdadeiros cat\u00f3licos&#8221; &#8230; Hoje eles ordenam mulheres. A atitude mais severa para custodiar a f\u00e9 sem o magist\u00e9rio da Igreja, nos leva \u00e0 ru\u00edna. Por favor, nenhuma concess\u00e3o para aqueles que tentam apresentar uma catequese que n\u00e3o esteja de acordo com o Magist\u00e9rio da Igreja.<\/i><\/p>\n<p>A catequese, disse o Papa, retomando a leitura do discurso, deve se renovar para afetar todas as \u00e1reas do cuidado pastoral. E recomendou:<\/p>\n<p><i>N\u00e3o devemos ter medo de falar a linguagem das mulheres e dos homens de hoje. Sim, de falar a linguagem fora da Igreja: disso, devemos ter medo. N\u00e3o devemos ter medo de falar a linguagem do povo. N\u00e3o devemos ter medo de ouvir suas perguntas, sejam elas quais forem, suas quest\u00f5es n\u00e3o resolvidas, de ouvir suas fragilidades e suas incertezas: disso, n\u00e3o temos medo. N\u00e3o devemos ter medo de desenvolver instrumentos novos.<\/i><\/p>\n<h2>Redescobrir o sentido de comunidade<\/h2>\n<p>A catequese e a comunidade representam o terceiro ponto, um ponto de particular relev\u00e2ncia em um tempo que, por causa da pandemia, tem visto um crescimento isolado e uma sensa\u00e7\u00e3o de solid\u00e3o. O v\u00edrus&#8221;, disse o Papa, &#8220;escavou no tecido vivo de nossos territ\u00f3rios, especialmente os existenciais, alimentando medos, suspeitas, desconfian\u00e7as e incertezas&#8221;. Tem minado pr\u00e1ticas e h\u00e1bitos estabelecidos e assim nos provoca a repensar o nosso ser comunit\u00e1rio&#8221;. Tamb\u00e9m nos fez compreender que s\u00f3 juntos podemos avan\u00e7ar, cuidando uns dos outros. O senso de comunidade deve ser redescoberto.<\/p>\n<p><i>A catequese e o an\u00fancio n\u00e3o podem deixar de colocar esta dimens\u00e3o comunit\u00e1ria no centro. Este n\u00e3o \u00e9 o momento para estrat\u00e9gias elitistas. E a grande comunidade: qual \u00e9 a grande comunidade? O povo santo e fiel de Deus. (&#8230;) Este \u00e9 o momento de sermos artes\u00e3os de comunidades abertas que sabem valorizar os talentos de cada um. \u00c9 o tempo das comunidades mission\u00e1rias, livres e desinteressadas, que n\u00e3o buscam import\u00e2ncia e vantagem, mas que percorrem os caminhos do povo de nosso tempo, dobrando-se sobre aqueles que est\u00e3o \u00e0 margem. \u00c9 o momento para as comunidades que olham nos olhos os jovens decepcionados, que acolhem os estranhos e d\u00e3o esperan\u00e7a aos desanimados. \u00c9 o momento para as comunidades que dialogam destemidamente com aqueles que t\u00eam ideias diferentes. \u00c9 o momento para as comunidades que, como o Bom Samaritano, sabem como estar perto daqueles feridos pela vida, para enfaixar suas feridas com compaix\u00e3o.<\/i><\/p>\n<h2>Uma catequese que acompanha e acaricia<\/h2>\n<p>Repetindo o que ele disse no Encontro Eclesial de Floren\u00e7a, Francisco reiterou seu desejo de uma Igreja &#8220;cada vez mais pr\u00f3xima dos abandonados, dos esquecidos, dos imperfeitos&#8221;, uma Igreja alegre que &#8220;compreenda, acompanhe, acaricie&#8221;. Isto, continuou, tamb\u00e9m se aplica \u00e0 catequese. E fez um convite \u00e0 criatividade para uma proclama\u00e7\u00e3o centrada no kerygma, &#8220;que olha para o futuro de nossas comunidades, para que sejam cada vez mais enraizadas no Evangelho, fraternas e inclusivas&#8221;.<\/p>\n<h2>A Igreja italiana inicie um S\u00ednodo nacional<\/h2>\n<p>Finalmente, cinco anos ap\u00f3s o Encontro de Floren\u00e7a, Francisco convidou a Igreja italiana a iniciar um processo sinodal em n\u00edvel nacional, comunidade por comunidade, diocese por diocese. &#8220;Tamb\u00e9m este processo ser\u00e1 uma catequese. No Encontro de Floren\u00e7a h\u00e1 precisamente a intui\u00e7\u00e3o do caminho a ser percorrido neste S\u00ednodo. Agora, retomou: \u00e9 o momento. E come\u00e7ar a caminhar&#8221;.<\/p>\n<p>Por: Vatican M\u00e9dia (VaticanNews)<\/p>\n","protected":false},"excerpt":{"rendered":"<p>A ocasi\u00e3o da audi\u00eancia do Papa Francisco, na manh\u00e3 deste s\u00e1bado (30), aos membros do Escrit\u00f3rio Catequ\u00e9tico da Confer\u00eancia Episcopal Italiana \u00e9 o 60\u00ba anivers\u00e1rio do in\u00edcio de sua atividade, destinada a apoiar a Igreja italiana no campo, precisamente, da catequese ap\u00f3s o Conc\u00edlio Vaticano II. Um anivers\u00e1rio n\u00e3o s\u00f3 serve como um lembrete, mas &hellip;<\/p>\n","protected":false},"author":1,"featured_media":12434,"comment_status":"closed","ping_status":"closed","sticky":false,"template":"","format":"standard","meta":{"footnotes":""},"categories":[103],"tags":[760,670,123],"class_list":["post-12433","post","type-post","status-publish","format-standard","has-post-thumbnail","hentry","category-noticias-do-vaticano","tag-concilio","tag-papa","tag-vaticano"],"_links":{"self":[{"href":"https:\/\/dioceseteixeiradefreitas.com.br\/index.php?rest_route=\/wp\/v2\/posts\/12433","targetHints":{"allow":["GET"]}}],"collection":[{"href":"https:\/\/dioceseteixeiradefreitas.com.br\/index.php?rest_route=\/wp\/v2\/posts"}],"about":[{"href":"https:\/\/dioceseteixeiradefreitas.com.br\/index.php?rest_route=\/wp\/v2\/types\/post"}],"author":[{"embeddable":true,"href":"https:\/\/dioceseteixeiradefreitas.com.br\/index.php?rest_route=\/wp\/v2\/users\/1"}],"replies":[{"embeddable":true,"href":"https:\/\/dioceseteixeiradefreitas.com.br\/index.php?rest_route=%2Fwp%2Fv2%2Fcomments&post=12433"}],"version-history":[{"count":1,"href":"https:\/\/dioceseteixeiradefreitas.com.br\/index.php?rest_route=\/wp\/v2\/posts\/12433\/revisions"}],"predecessor-version":[{"id":12435,"href":"https:\/\/dioceseteixeiradefreitas.com.br\/index.php?rest_route=\/wp\/v2\/posts\/12433\/revisions\/12435"}],"wp:featuredmedia":[{"embeddable":true,"href":"https:\/\/dioceseteixeiradefreitas.com.br\/index.php?rest_route=\/wp\/v2\/media\/12434"}],"wp:attachment":[{"href":"https:\/\/dioceseteixeiradefreitas.com.br\/index.php?rest_route=%2Fwp%2Fv2%2Fmedia&parent=12433"}],"wp:term":[{"taxonomy":"category","embeddable":true,"href":"https:\/\/dioceseteixeiradefreitas.com.br\/index.php?rest_route=%2Fwp%2Fv2%2Fcategories&post=12433"},{"taxonomy":"post_tag","embeddable":true,"href":"https:\/\/dioceseteixeiradefreitas.com.br\/index.php?rest_route=%2Fwp%2Fv2%2Ftags&post=12433"}],"curies":[{"name":"wp","href":"https:\/\/api.w.org\/{rel}","templated":true}]}}