{"id":12441,"date":"2021-02-11T10:47:07","date_gmt":"2021-02-11T13:47:07","guid":{"rendered":"https:\/\/dioceseteixeiradefreitas.com.br\/?p=12441"},"modified":"2021-02-11T22:28:31","modified_gmt":"2021-02-12T01:28:31","slug":"rebanhao-de-carnaval-2021-saiba-como-sera-na-diocese","status":"publish","type":"post","link":"https:\/\/dioceseteixeiradefreitas.com.br\/?p=12441","title":{"rendered":"Rebanh\u00e3o de Carnaval 2021, saiba como ser\u00e1 na Diocese"},"content":{"rendered":"<figure id=\"attachment_12469\" aria-describedby=\"caption-attachment-12469\" style=\"width: 2558px\" class=\"wp-caption aligncenter\"><img loading=\"lazy\" decoding=\"async\" class=\"wp-image-12469 size-full\" src=\"https:\/\/dioceseteixeiradefreitas.com.br\/wp-content\/uploads\/2021\/02\/arte-rebanh\u00e3o-2021-min.png\" alt=\"\" width=\"2558\" height=\"1520\" srcset=\"https:\/\/dioceseteixeiradefreitas.com.br\/wp-content\/uploads\/2021\/02\/arte-rebanh\u00e3o-2021-min.png 2558w, https:\/\/dioceseteixeiradefreitas.com.br\/wp-content\/uploads\/2021\/02\/arte-rebanh\u00e3o-2021-min-300x178.png 300w, https:\/\/dioceseteixeiradefreitas.com.br\/wp-content\/uploads\/2021\/02\/arte-rebanh\u00e3o-2021-min-1024x608.png 1024w, https:\/\/dioceseteixeiradefreitas.com.br\/wp-content\/uploads\/2021\/02\/arte-rebanh\u00e3o-2021-min-768x456.png 768w, https:\/\/dioceseteixeiradefreitas.com.br\/wp-content\/uploads\/2021\/02\/arte-rebanh\u00e3o-2021-min-1536x913.png 1536w\" sizes=\"auto, (max-width: 2558px) 100vw, 2558px\" \/><figcaption id=\"caption-attachment-12469\" class=\"wp-caption-text\">Rebanh\u00e3o de Carnaval 2021 &#8211; Imagem: RCC\/Reprodu\u00e7\u00e3o<\/figcaption><\/figure>\n<p>Ap\u00f3s reunir mais de 2 mil pessoas no ano passado, a 31\u00aa edi\u00e7\u00e3o do Rebanh\u00e3o de Carnaval deste ano, retiro promovido pela Renova\u00e7\u00e3o Carism\u00e1tica Cat\u00f3lica &#8211; RCC da Diocese de Teixeira de Freitas\/Caravelas, passar\u00e1 por algumas mudan\u00e7as devido \u00e0 pandemia do coronav\u00edrus.<\/p>\n<p>Com o tema \u201c<em>Coragem, Eu venci o mundo<\/em> (Jo 16,33)\u201d, o evento acontecer\u00e1 neste final de semana, nos dias 13 e 14 de fevereiro nas par\u00f3quias de nossa Diocese.<\/p>\n<figure id=\"attachment_12468\" aria-describedby=\"caption-attachment-12468\" style=\"width: 638px\" class=\"wp-caption aligncenter\"><img loading=\"lazy\" decoding=\"async\" class=\"wp-image-12468 size-full\" src=\"https:\/\/dioceseteixeiradefreitas.com.br\/wp-content\/uploads\/2021\/02\/tabita.png\" alt=\"\" width=\"638\" height=\"424\" srcset=\"https:\/\/dioceseteixeiradefreitas.com.br\/wp-content\/uploads\/2021\/02\/tabita.png 638w, https:\/\/dioceseteixeiradefreitas.com.br\/wp-content\/uploads\/2021\/02\/tabita-300x199.png 300w, https:\/\/dioceseteixeiradefreitas.com.br\/wp-content\/uploads\/2021\/02\/tabita-600x399.png 600w\" sizes=\"auto, (max-width: 638px) 100vw, 638px\" \/><figcaption id=\"caption-attachment-12468\" class=\"wp-caption-text\">Thabita Tota, Coordenadora Diocesana da RCC &#8211; Foto: Arcevo Pessoal\/Reprodu\u00e7\u00e3o<\/figcaption><\/figure>\n<p>Segundo a Coordenadora Diocesana da RCC, Tabita Tota, o encontro sofrer\u00e1 modifica\u00e7\u00f5es na organiza\u00e7\u00e3o, em preven\u00e7\u00e3o ao Covid-19: &#8220;<em>Todos os anos a RCC neste per\u00edodo de carnaval realiza os seus encontros de carnaval chamado de Rebanh\u00e3o de Carnaval, que \u00e9 realizado nas quatro foranias da nossa diocese. S\u00f3 que este ano at\u00edpico n\u00e3o acontecer\u00e1 os nossos grandes eventos, devido \u00e0 pandemia. Quanto a programa\u00e7\u00e3o, cada paroquia realizar\u00e1 conforme necessidade e discernimento de cada grupo de ora\u00e7\u00e3o. Ser\u00e3o realizados retiros com menos pessoas, alguns sendo realizados em suas paroquias, outros em quadra de escola, outros em s\u00edtio. Com uma quantidade reduzida, mas com o mesmo ardor e poder do Esp\u00edrito Santo. \u00c9 importante tamb\u00e9m que todos sigam as orienta\u00e7\u00f5es da OMS: distanciamento, m\u00e1scara e \u00e1lcool&#8221;, <\/em>explicou.<\/p>\n<blockquote>\n<p id=\"banner-title\" class=\"banner--title\" data-editable=\"true\" data-field-name=\"landing_page[values[banner-title]]\">A coordenadora descreve ainda a ess\u00eancia do retiro: &#8220;<em>O Rebanh\u00e3o de Carnaval \u00e9 um encontro realizado pelo movimento da RCC, que tem como objetivo reunir os grupos de ora\u00e7\u00e3o de cada forania, e todos aqueles que desejam experimentar a cultura de pentecostes, atrav\u00e9s do an\u00fancio da Palavra de Deus e do Batismo no Esp\u00edrito Santo<\/em>&#8221; disse.<\/p>\n<\/blockquote>\n<p class=\"banner--title\" data-editable=\"true\" data-field-name=\"landing_page[values[banner-title]]\">Os Rebanh\u00f5es de Carnaval em nossa diocese sempre foram gratuitos, por\u00e9m\u00a0 neste ano, os grupos de ora\u00e7\u00e3o que se juntaram e est\u00e3o realizando a n\u00edvel paroquial, est\u00e3o cobrando uma pequena taxa de inscri\u00e7\u00e3o para alimenta\u00e7\u00e3o em comum.<\/p>\n<p data-editable=\"true\" data-field-name=\"landing_page[values[banner-title]]\">Outra alternativa segundo ela \u00e9 participar dos encontros pelas m\u00eddias sociais.&#8221;<em>Aos que n\u00e3o puderem participar, o encontro paroquial que acontecer\u00e1 na par\u00f3quia Catedral S\u00e3o Pedro, realizado pelo grupo de ora\u00e7\u00e3o Fam\u00edlia Dom de Deus ser\u00e1 transmitindo pelo canal da par\u00f3quia no YouTube<\/em>&#8220;, concluiu.<\/p>\n<p data-editable=\"true\" data-field-name=\"landing_page[values[banner-title]]\">O Rebanh\u00e3o j\u00e1 \u00e9 tradi\u00e7\u00e3o na Diocese h\u00e1 anos e esse ano n\u00e3o poderia ficar de fora. O retiro promete dias de espiritualidade, reflex\u00e3o, ora\u00e7\u00e3o, prega\u00e7\u00f5es, adora\u00e7\u00e3o e Missa. Participe na sua par\u00f3quia!<\/p>\n<p data-editable=\"true\" data-field-name=\"landing_page[values[banner-title]]\">[su_note note_color=&#8221;#f3d318&#8243; text_color=&#8221;#ffffff&#8221;]Confira a programa\u00e7\u00e3o dos encontros nas par\u00f3quias:[\/su_note]<\/p>\n<div id='gallery-1' class='gallery galleryid-12441 gallery-columns-4 gallery-size-medium'><figure class='gallery-item'>\n\t\t\t<div class='gallery-icon portrait'>\n\t\t\t\t<a href='https:\/\/dioceseteixeiradefreitas.com.br\/wp-content\/uploads\/2021\/02\/AnyConv.com__3d668c2d-5279-4959-91f6-7bccfe793e2b.jpg'><img loading=\"lazy\" decoding=\"async\" width=\"212\" height=\"300\" src=\"https:\/\/dioceseteixeiradefreitas.com.br\/wp-content\/uploads\/2021\/02\/AnyConv.com__3d668c2d-5279-4959-91f6-7bccfe793e2b-212x300.jpg\" class=\"attachment-medium size-medium\" alt=\"\" aria-describedby=\"gallery-1-12475\" srcset=\"https:\/\/dioceseteixeiradefreitas.com.br\/wp-content\/uploads\/2021\/02\/AnyConv.com__3d668c2d-5279-4959-91f6-7bccfe793e2b-212x300.jpg 212w, https:\/\/dioceseteixeiradefreitas.com.br\/wp-content\/uploads\/2021\/02\/AnyConv.com__3d668c2d-5279-4959-91f6-7bccfe793e2b-724x1024.jpg 724w, https:\/\/dioceseteixeiradefreitas.com.br\/wp-content\/uploads\/2021\/02\/AnyConv.com__3d668c2d-5279-4959-91f6-7bccfe793e2b-768x1087.jpg 768w, https:\/\/dioceseteixeiradefreitas.com.br\/wp-content\/uploads\/2021\/02\/AnyConv.com__3d668c2d-5279-4959-91f6-7bccfe793e2b-600x849.jpg 600w, https:\/\/dioceseteixeiradefreitas.com.br\/wp-content\/uploads\/2021\/02\/AnyConv.com__3d668c2d-5279-4959-91f6-7bccfe793e2b.jpg 793w\" sizes=\"auto, (max-width: 212px) 100vw, 212px\" \/><\/a>\n\t\t\t<\/div>\n\t\t\t\t<figcaption class='wp-caption-text gallery-caption' id='gallery-1-12475'>\n\t\t\t\tPar\u00f3quia Imaculada Concei\u00e7\u00e3o &#8211; Medeiros Neto\n\t\t\t\t<\/figcaption><\/figure><figure class='gallery-item'>\n\t\t\t<div class='gallery-icon landscape'>\n\t\t\t\t<a href='https:\/\/dioceseteixeiradefreitas.com.br\/wp-content\/uploads\/2021\/02\/AnyConv.com__c9b8d077-1805-4ec8-bed0-7a4f5f3bc420.jpg'><img loading=\"lazy\" decoding=\"async\" width=\"300\" height=\"300\" src=\"https:\/\/dioceseteixeiradefreitas.com.br\/wp-content\/uploads\/2021\/02\/AnyConv.com__c9b8d077-1805-4ec8-bed0-7a4f5f3bc420-300x300.jpg\" class=\"attachment-medium size-medium\" alt=\"\" aria-describedby=\"gallery-1-12481\" srcset=\"https:\/\/dioceseteixeiradefreitas.com.br\/wp-content\/uploads\/2021\/02\/AnyConv.com__c9b8d077-1805-4ec8-bed0-7a4f5f3bc420-300x300.jpg 300w, https:\/\/dioceseteixeiradefreitas.com.br\/wp-content\/uploads\/2021\/02\/AnyConv.com__c9b8d077-1805-4ec8-bed0-7a4f5f3bc420-1024x1024.jpg 1024w, https:\/\/dioceseteixeiradefreitas.com.br\/wp-content\/uploads\/2021\/02\/AnyConv.com__c9b8d077-1805-4ec8-bed0-7a4f5f3bc420-150x150.jpg 150w, https:\/\/dioceseteixeiradefreitas.com.br\/wp-content\/uploads\/2021\/02\/AnyConv.com__c9b8d077-1805-4ec8-bed0-7a4f5f3bc420-768x768.jpg 768w, https:\/\/dioceseteixeiradefreitas.com.br\/wp-content\/uploads\/2021\/02\/AnyConv.com__c9b8d077-1805-4ec8-bed0-7a4f5f3bc420-600x600.jpg 600w, https:\/\/dioceseteixeiradefreitas.com.br\/wp-content\/uploads\/2021\/02\/AnyConv.com__c9b8d077-1805-4ec8-bed0-7a4f5f3bc420-100x100.jpg 100w, https:\/\/dioceseteixeiradefreitas.com.br\/wp-content\/uploads\/2021\/02\/AnyConv.com__c9b8d077-1805-4ec8-bed0-7a4f5f3bc420.jpg 1080w\" sizes=\"auto, (max-width: 300px) 100vw, 300px\" \/><\/a>\n\t\t\t<\/div>\n\t\t\t\t<figcaption class='wp-caption-text gallery-caption' id='gallery-1-12481'>\n\t\t\t\tPar\u00f3quia Santo Ant\u00f4nio &#8211; Teixeira de Freitas\n\t\t\t\t<\/figcaption><\/figure><figure class='gallery-item'>\n\t\t\t<div class='gallery-icon landscape'>\n\t\t\t\t<a href='https:\/\/dioceseteixeiradefreitas.com.br\/wp-content\/uploads\/2021\/02\/AnyConv.com__7d88b606-d3ed-45e9-bea4-52c9c63df8df.jpg'><img loading=\"lazy\" decoding=\"async\" width=\"300\" height=\"300\" src=\"https:\/\/dioceseteixeiradefreitas.com.br\/wp-content\/uploads\/2021\/02\/AnyConv.com__7d88b606-d3ed-45e9-bea4-52c9c63df8df-300x300.jpg\" class=\"attachment-medium size-medium\" alt=\"\" aria-describedby=\"gallery-1-12476\" srcset=\"https:\/\/dioceseteixeiradefreitas.com.br\/wp-content\/uploads\/2021\/02\/AnyConv.com__7d88b606-d3ed-45e9-bea4-52c9c63df8df-300x300.jpg 300w, https:\/\/dioceseteixeiradefreitas.com.br\/wp-content\/uploads\/2021\/02\/AnyConv.com__7d88b606-d3ed-45e9-bea4-52c9c63df8df-150x150.jpg 150w, https:\/\/dioceseteixeiradefreitas.com.br\/wp-content\/uploads\/2021\/02\/AnyConv.com__7d88b606-d3ed-45e9-bea4-52c9c63df8df-768x768.jpg 768w, https:\/\/dioceseteixeiradefreitas.com.br\/wp-content\/uploads\/2021\/02\/AnyConv.com__7d88b606-d3ed-45e9-bea4-52c9c63df8df-600x600.jpg 600w, https:\/\/dioceseteixeiradefreitas.com.br\/wp-content\/uploads\/2021\/02\/AnyConv.com__7d88b606-d3ed-45e9-bea4-52c9c63df8df-100x100.jpg 100w, https:\/\/dioceseteixeiradefreitas.com.br\/wp-content\/uploads\/2021\/02\/AnyConv.com__7d88b606-d3ed-45e9-bea4-52c9c63df8df.jpg 960w\" sizes=\"auto, (max-width: 300px) 100vw, 300px\" \/><\/a>\n\t\t\t<\/div>\n\t\t\t\t<figcaption class='wp-caption-text gallery-caption' id='gallery-1-12476'>\n\t\t\t\tPar\u00f3quia Nossa Senhora de F\u00e1tima &#8211; Itamaraju\n\t\t\t\t<\/figcaption><\/figure><figure class='gallery-item'>\n\t\t\t<div class='gallery-icon portrait'>\n\t\t\t\t<a href='https:\/\/dioceseteixeiradefreitas.com.br\/wp-content\/uploads\/2021\/02\/AnyConv.com__dfd9970e-0506-45e4-8941-a71b0aa72971.jpg'><img loading=\"lazy\" decoding=\"async\" width=\"208\" height=\"300\" src=\"https:\/\/dioceseteixeiradefreitas.com.br\/wp-content\/uploads\/2021\/02\/AnyConv.com__dfd9970e-0506-45e4-8941-a71b0aa72971-208x300.jpg\" class=\"attachment-medium size-medium\" alt=\"\" aria-describedby=\"gallery-1-12484\" srcset=\"https:\/\/dioceseteixeiradefreitas.com.br\/wp-content\/uploads\/2021\/02\/AnyConv.com__dfd9970e-0506-45e4-8941-a71b0aa72971-208x300.jpg 208w, https:\/\/dioceseteixeiradefreitas.com.br\/wp-content\/uploads\/2021\/02\/AnyConv.com__dfd9970e-0506-45e4-8941-a71b0aa72971-709x1024.jpg 709w, https:\/\/dioceseteixeiradefreitas.com.br\/wp-content\/uploads\/2021\/02\/AnyConv.com__dfd9970e-0506-45e4-8941-a71b0aa72971-600x867.jpg 600w, https:\/\/dioceseteixeiradefreitas.com.br\/wp-content\/uploads\/2021\/02\/AnyConv.com__dfd9970e-0506-45e4-8941-a71b0aa72971.jpg 720w\" sizes=\"auto, (max-width: 208px) 100vw, 208px\" \/><\/a>\n\t\t\t<\/div>\n\t\t\t\t<figcaption class='wp-caption-text gallery-caption' id='gallery-1-12484'>\n\t\t\t\tPar\u00f3quia Nossa Senhora de F\u00e1tima &#8211; Itamaraju\n\t\t\t\t<\/figcaption><\/figure><figure class='gallery-item'>\n\t\t\t<div class='gallery-icon landscape'>\n\t\t\t\t<a href='https:\/\/dioceseteixeiradefreitas.com.br\/wp-content\/uploads\/2021\/02\/AnyConv.com__48a4ab2a-5404-4979-b3ac-dc9888fdf98f.jpg'><img loading=\"lazy\" decoding=\"async\" width=\"300\" height=\"300\" src=\"https:\/\/dioceseteixeiradefreitas.com.br\/wp-content\/uploads\/2021\/02\/AnyConv.com__48a4ab2a-5404-4979-b3ac-dc9888fdf98f-300x300.jpg\" class=\"attachment-medium size-medium\" alt=\"\" aria-describedby=\"gallery-1-12478\" srcset=\"https:\/\/dioceseteixeiradefreitas.com.br\/wp-content\/uploads\/2021\/02\/AnyConv.com__48a4ab2a-5404-4979-b3ac-dc9888fdf98f-300x300.jpg 300w, https:\/\/dioceseteixeiradefreitas.com.br\/wp-content\/uploads\/2021\/02\/AnyConv.com__48a4ab2a-5404-4979-b3ac-dc9888fdf98f-1024x1024.jpg 1024w, https:\/\/dioceseteixeiradefreitas.com.br\/wp-content\/uploads\/2021\/02\/AnyConv.com__48a4ab2a-5404-4979-b3ac-dc9888fdf98f-150x150.jpg 150w, https:\/\/dioceseteixeiradefreitas.com.br\/wp-content\/uploads\/2021\/02\/AnyConv.com__48a4ab2a-5404-4979-b3ac-dc9888fdf98f-768x768.jpg 768w, https:\/\/dioceseteixeiradefreitas.com.br\/wp-content\/uploads\/2021\/02\/AnyConv.com__48a4ab2a-5404-4979-b3ac-dc9888fdf98f-600x600.jpg 600w, https:\/\/dioceseteixeiradefreitas.com.br\/wp-content\/uploads\/2021\/02\/AnyConv.com__48a4ab2a-5404-4979-b3ac-dc9888fdf98f-100x100.jpg 100w, https:\/\/dioceseteixeiradefreitas.com.br\/wp-content\/uploads\/2021\/02\/AnyConv.com__48a4ab2a-5404-4979-b3ac-dc9888fdf98f.jpg 1280w\" sizes=\"auto, (max-width: 300px) 100vw, 300px\" \/><\/a>\n\t\t\t<\/div>\n\t\t\t\t<figcaption class='wp-caption-text gallery-caption' id='gallery-1-12478'>\n\t\t\t\tPar\u00f3quia Nossa Senhoras das Gra\u00e7as &#8211; Teixeira de Freitas\n\t\t\t\t<\/figcaption><\/figure><figure class='gallery-item'>\n\t\t\t<div class='gallery-icon landscape'>\n\t\t\t\t<a href='https:\/\/dioceseteixeiradefreitas.com.br\/wp-content\/uploads\/2021\/02\/AnyConv.com__7f217b4b-41ea-4a14-8210-8b1f3387ae7b.jpg'><img loading=\"lazy\" decoding=\"async\" width=\"300\" height=\"300\" src=\"https:\/\/dioceseteixeiradefreitas.com.br\/wp-content\/uploads\/2021\/02\/AnyConv.com__7f217b4b-41ea-4a14-8210-8b1f3387ae7b-300x300.jpg\" class=\"attachment-medium size-medium\" alt=\"\" aria-describedby=\"gallery-1-12477\" srcset=\"https:\/\/dioceseteixeiradefreitas.com.br\/wp-content\/uploads\/2021\/02\/AnyConv.com__7f217b4b-41ea-4a14-8210-8b1f3387ae7b-300x300.jpg 300w, https:\/\/dioceseteixeiradefreitas.com.br\/wp-content\/uploads\/2021\/02\/AnyConv.com__7f217b4b-41ea-4a14-8210-8b1f3387ae7b-1024x1024.jpg 1024w, https:\/\/dioceseteixeiradefreitas.com.br\/wp-content\/uploads\/2021\/02\/AnyConv.com__7f217b4b-41ea-4a14-8210-8b1f3387ae7b-150x150.jpg 150w, https:\/\/dioceseteixeiradefreitas.com.br\/wp-content\/uploads\/2021\/02\/AnyConv.com__7f217b4b-41ea-4a14-8210-8b1f3387ae7b-768x768.jpg 768w, https:\/\/dioceseteixeiradefreitas.com.br\/wp-content\/uploads\/2021\/02\/AnyConv.com__7f217b4b-41ea-4a14-8210-8b1f3387ae7b-600x600.jpg 600w, https:\/\/dioceseteixeiradefreitas.com.br\/wp-content\/uploads\/2021\/02\/AnyConv.com__7f217b4b-41ea-4a14-8210-8b1f3387ae7b-100x100.jpg 100w, https:\/\/dioceseteixeiradefreitas.com.br\/wp-content\/uploads\/2021\/02\/AnyConv.com__7f217b4b-41ea-4a14-8210-8b1f3387ae7b.jpg 1500w\" sizes=\"auto, (max-width: 300px) 100vw, 300px\" \/><\/a>\n\t\t\t<\/div>\n\t\t\t\t<figcaption class='wp-caption-text gallery-caption' id='gallery-1-12477'>\n\t\t\t\tPar\u00f3quia Nossa Senhoras das Gra\u00e7as &#8211; Teixeira de Freitas\n\t\t\t\t<\/figcaption><\/figure><figure class='gallery-item'>\n\t\t\t<div class='gallery-icon portrait'>\n\t\t\t\t<a href='https:\/\/dioceseteixeiradefreitas.com.br\/wp-content\/uploads\/2021\/02\/AnyConv.com__4426f6a2-d8a3-4742-880a-8e23c02a282f.jpg'><img loading=\"lazy\" decoding=\"async\" width=\"229\" height=\"300\" src=\"https:\/\/dioceseteixeiradefreitas.com.br\/wp-content\/uploads\/2021\/02\/AnyConv.com__4426f6a2-d8a3-4742-880a-8e23c02a282f-229x300.jpg\" class=\"attachment-medium size-medium\" alt=\"\" aria-describedby=\"gallery-1-12479\" srcset=\"https:\/\/dioceseteixeiradefreitas.com.br\/wp-content\/uploads\/2021\/02\/AnyConv.com__4426f6a2-d8a3-4742-880a-8e23c02a282f-229x300.jpg 229w, https:\/\/dioceseteixeiradefreitas.com.br\/wp-content\/uploads\/2021\/02\/AnyConv.com__4426f6a2-d8a3-4742-880a-8e23c02a282f-768x1006.jpg 768w, https:\/\/dioceseteixeiradefreitas.com.br\/wp-content\/uploads\/2021\/02\/AnyConv.com__4426f6a2-d8a3-4742-880a-8e23c02a282f-600x786.jpg 600w, https:\/\/dioceseteixeiradefreitas.com.br\/wp-content\/uploads\/2021\/02\/AnyConv.com__4426f6a2-d8a3-4742-880a-8e23c02a282f.jpg 782w\" sizes=\"auto, (max-width: 229px) 100vw, 229px\" \/><\/a>\n\t\t\t<\/div>\n\t\t\t\t<figcaption class='wp-caption-text gallery-caption' id='gallery-1-12479'>\n\t\t\t\tCatedral S\u00e3o Pedro &#8211; Teixeira de Freitas\n\t\t\t\t<\/figcaption><\/figure><figure class='gallery-item'>\n\t\t\t<div class='gallery-icon landscape'>\n\t\t\t\t<a href='https:\/\/dioceseteixeiradefreitas.com.br\/wp-content\/uploads\/2021\/02\/AnyConv.com__b5ec0d54-007c-489f-a327-a01f13838098.jpg'><img loading=\"lazy\" decoding=\"async\" width=\"300\" height=\"300\" src=\"https:\/\/dioceseteixeiradefreitas.com.br\/wp-content\/uploads\/2021\/02\/AnyConv.com__b5ec0d54-007c-489f-a327-a01f13838098-300x300.jpg\" class=\"attachment-medium size-medium\" alt=\"\" aria-describedby=\"gallery-1-12480\" srcset=\"https:\/\/dioceseteixeiradefreitas.com.br\/wp-content\/uploads\/2021\/02\/AnyConv.com__b5ec0d54-007c-489f-a327-a01f13838098-300x300.jpg 300w, https:\/\/dioceseteixeiradefreitas.com.br\/wp-content\/uploads\/2021\/02\/AnyConv.com__b5ec0d54-007c-489f-a327-a01f13838098-1024x1024.jpg 1024w, https:\/\/dioceseteixeiradefreitas.com.br\/wp-content\/uploads\/2021\/02\/AnyConv.com__b5ec0d54-007c-489f-a327-a01f13838098-150x150.jpg 150w, https:\/\/dioceseteixeiradefreitas.com.br\/wp-content\/uploads\/2021\/02\/AnyConv.com__b5ec0d54-007c-489f-a327-a01f13838098-768x768.jpg 768w, https:\/\/dioceseteixeiradefreitas.com.br\/wp-content\/uploads\/2021\/02\/AnyConv.com__b5ec0d54-007c-489f-a327-a01f13838098-600x600.jpg 600w, https:\/\/dioceseteixeiradefreitas.com.br\/wp-content\/uploads\/2021\/02\/AnyConv.com__b5ec0d54-007c-489f-a327-a01f13838098-100x100.jpg 100w, https:\/\/dioceseteixeiradefreitas.com.br\/wp-content\/uploads\/2021\/02\/AnyConv.com__b5ec0d54-007c-489f-a327-a01f13838098.jpg 1080w\" sizes=\"auto, (max-width: 300px) 100vw, 300px\" \/><\/a>\n\t\t\t<\/div>\n\t\t\t\t<figcaption class='wp-caption-text gallery-caption' id='gallery-1-12480'>\n\t\t\t\tPar\u00f3quia S\u00e3o Francisco de Assis &#8211; Teixeira de Freitas\n\t\t\t\t<\/figcaption><\/figure><figure class='gallery-item'>\n\t\t\t<div class='gallery-icon portrait'>\n\t\t\t\t<a href='https:\/\/dioceseteixeiradefreitas.com.br\/wp-content\/uploads\/2021\/02\/AnyConv.com__2b092b8a-aa7c-43b5-8ff0-dc0687592ecc.jpg'><img loading=\"lazy\" decoding=\"async\" width=\"212\" height=\"300\" src=\"https:\/\/dioceseteixeiradefreitas.com.br\/wp-content\/uploads\/2021\/02\/AnyConv.com__2b092b8a-aa7c-43b5-8ff0-dc0687592ecc-212x300.jpg\" class=\"attachment-medium size-medium\" alt=\"\" aria-describedby=\"gallery-1-12474\" srcset=\"https:\/\/dioceseteixeiradefreitas.com.br\/wp-content\/uploads\/2021\/02\/AnyConv.com__2b092b8a-aa7c-43b5-8ff0-dc0687592ecc-212x300.jpg 212w, https:\/\/dioceseteixeiradefreitas.com.br\/wp-content\/uploads\/2021\/02\/AnyConv.com__2b092b8a-aa7c-43b5-8ff0-dc0687592ecc-724x1024.jpg 724w, https:\/\/dioceseteixeiradefreitas.com.br\/wp-content\/uploads\/2021\/02\/AnyConv.com__2b092b8a-aa7c-43b5-8ff0-dc0687592ecc-768x1087.jpg 768w, https:\/\/dioceseteixeiradefreitas.com.br\/wp-content\/uploads\/2021\/02\/AnyConv.com__2b092b8a-aa7c-43b5-8ff0-dc0687592ecc-600x849.jpg 600w, https:\/\/dioceseteixeiradefreitas.com.br\/wp-content\/uploads\/2021\/02\/AnyConv.com__2b092b8a-aa7c-43b5-8ff0-dc0687592ecc.jpg 793w\" sizes=\"auto, (max-width: 212px) 100vw, 212px\" \/><\/a>\n\t\t\t<\/div>\n\t\t\t\t<figcaption class='wp-caption-text gallery-caption' id='gallery-1-12474'>\n\t\t\t\tPar\u00f3quia S\u00e3o Francisco de Assis &#8211; Teixeira de Freitas\n\t\t\t\t<\/figcaption><\/figure><figure class='gallery-item'>\n\t\t\t<div class='gallery-icon portrait'>\n\t\t\t\t<a href='https:\/\/dioceseteixeiradefreitas.com.br\/wp-content\/uploads\/2021\/02\/AnyConv.com__fa24e1ae-ecae-4fe3-9519-692449507276.jpg'><img loading=\"lazy\" decoding=\"async\" width=\"212\" height=\"300\" src=\"https:\/\/dioceseteixeiradefreitas.com.br\/wp-content\/uploads\/2021\/02\/AnyConv.com__fa24e1ae-ecae-4fe3-9519-692449507276-212x300.jpg\" class=\"attachment-medium size-medium\" alt=\"\" aria-describedby=\"gallery-1-12486\" srcset=\"https:\/\/dioceseteixeiradefreitas.com.br\/wp-content\/uploads\/2021\/02\/AnyConv.com__fa24e1ae-ecae-4fe3-9519-692449507276-212x300.jpg 212w, https:\/\/dioceseteixeiradefreitas.com.br\/wp-content\/uploads\/2021\/02\/AnyConv.com__fa24e1ae-ecae-4fe3-9519-692449507276-600x850.jpg 600w, https:\/\/dioceseteixeiradefreitas.com.br\/wp-content\/uploads\/2021\/02\/AnyConv.com__fa24e1ae-ecae-4fe3-9519-692449507276.jpg 723w\" sizes=\"auto, (max-width: 212px) 100vw, 212px\" \/><\/a>\n\t\t\t<\/div>\n\t\t\t\t<figcaption class='wp-caption-text gallery-caption' id='gallery-1-12486'>\n\t\t\t\tPar\u00f3quia S\u00e3o Francisco de Assis &#8211; Teixeira de Freitas\n\t\t\t\t<\/figcaption><\/figure><figure class='gallery-item'>\n\t\t\t<div class='gallery-icon portrait'>\n\t\t\t\t<a href='https:\/\/dioceseteixeiradefreitas.com.br\/wp-content\/uploads\/2021\/02\/AnyConv.com__ceb13927-893c-4680-aa1a-5a51048380c9.jpg'><img loading=\"lazy\" decoding=\"async\" width=\"150\" height=\"300\" src=\"https:\/\/dioceseteixeiradefreitas.com.br\/wp-content\/uploads\/2021\/02\/AnyConv.com__ceb13927-893c-4680-aa1a-5a51048380c9-150x300.jpg\" class=\"attachment-medium size-medium\" alt=\"\" aria-describedby=\"gallery-1-12482\" srcset=\"https:\/\/dioceseteixeiradefreitas.com.br\/wp-content\/uploads\/2021\/02\/AnyConv.com__ceb13927-893c-4680-aa1a-5a51048380c9-150x300.jpg 150w, https:\/\/dioceseteixeiradefreitas.com.br\/wp-content\/uploads\/2021\/02\/AnyConv.com__ceb13927-893c-4680-aa1a-5a51048380c9-512x1024.jpg 512w, https:\/\/dioceseteixeiradefreitas.com.br\/wp-content\/uploads\/2021\/02\/AnyConv.com__ceb13927-893c-4680-aa1a-5a51048380c9-768x1536.jpg 768w, https:\/\/dioceseteixeiradefreitas.com.br\/wp-content\/uploads\/2021\/02\/AnyConv.com__ceb13927-893c-4680-aa1a-5a51048380c9-600x1200.jpg 600w, https:\/\/dioceseteixeiradefreitas.com.br\/wp-content\/uploads\/2021\/02\/AnyConv.com__ceb13927-893c-4680-aa1a-5a51048380c9.jpg 800w\" sizes=\"auto, (max-width: 150px) 100vw, 150px\" \/><\/a>\n\t\t\t<\/div>\n\t\t\t\t<figcaption class='wp-caption-text gallery-caption' id='gallery-1-12482'>\n\t\t\t\tPar\u00f3quia S\u00e3o Bernardo &#8211; Alcoba\u00e7a\n\t\t\t\t<\/figcaption><\/figure><figure class='gallery-item'>\n\t\t\t<div class='gallery-icon portrait'>\n\t\t\t\t<a href='https:\/\/dioceseteixeiradefreitas.com.br\/wp-content\/uploads\/2021\/02\/AnyConv.com__dac1032e-ea7f-4826-a9d3-ab2d4a9bd0cd.jpg'><img loading=\"lazy\" decoding=\"async\" width=\"147\" height=\"300\" src=\"https:\/\/dioceseteixeiradefreitas.com.br\/wp-content\/uploads\/2021\/02\/AnyConv.com__dac1032e-ea7f-4826-a9d3-ab2d4a9bd0cd-147x300.jpg\" class=\"attachment-medium size-medium\" alt=\"\" aria-describedby=\"gallery-1-12483\" srcset=\"https:\/\/dioceseteixeiradefreitas.com.br\/wp-content\/uploads\/2021\/02\/AnyConv.com__dac1032e-ea7f-4826-a9d3-ab2d4a9bd0cd-147x300.jpg 147w, https:\/\/dioceseteixeiradefreitas.com.br\/wp-content\/uploads\/2021\/02\/AnyConv.com__dac1032e-ea7f-4826-a9d3-ab2d4a9bd0cd-502x1024.jpg 502w, https:\/\/dioceseteixeiradefreitas.com.br\/wp-content\/uploads\/2021\/02\/AnyConv.com__dac1032e-ea7f-4826-a9d3-ab2d4a9bd0cd-600x1223.jpg 600w, https:\/\/dioceseteixeiradefreitas.com.br\/wp-content\/uploads\/2021\/02\/AnyConv.com__dac1032e-ea7f-4826-a9d3-ab2d4a9bd0cd.jpg 628w\" sizes=\"auto, (max-width: 147px) 100vw, 147px\" \/><\/a>\n\t\t\t<\/div>\n\t\t\t\t<figcaption class='wp-caption-text gallery-caption' id='gallery-1-12483'>\n\t\t\t\tPar\u00f3quia S\u00e3o Bernardo &#8211; Alcoba\u00e7a\n\t\t\t\t<\/figcaption><\/figure><figure class='gallery-item'>\n\t\t\t<div class='gallery-icon portrait'>\n\t\t\t\t<a href='https:\/\/dioceseteixeiradefreitas.com.br\/wp-content\/uploads\/2021\/02\/AnyConv.com__f1b8e0fd-9e23-4a38-a1a1-ae32f15938de.jpg'><img loading=\"lazy\" decoding=\"async\" width=\"150\" height=\"300\" src=\"https:\/\/dioceseteixeiradefreitas.com.br\/wp-content\/uploads\/2021\/02\/AnyConv.com__f1b8e0fd-9e23-4a38-a1a1-ae32f15938de-150x300.jpg\" class=\"attachment-medium size-medium\" alt=\"\" aria-describedby=\"gallery-1-12485\" srcset=\"https:\/\/dioceseteixeiradefreitas.com.br\/wp-content\/uploads\/2021\/02\/AnyConv.com__f1b8e0fd-9e23-4a38-a1a1-ae32f15938de-150x300.jpg 150w, https:\/\/dioceseteixeiradefreitas.com.br\/wp-content\/uploads\/2021\/02\/AnyConv.com__f1b8e0fd-9e23-4a38-a1a1-ae32f15938de-512x1024.jpg 512w, https:\/\/dioceseteixeiradefreitas.com.br\/wp-content\/uploads\/2021\/02\/AnyConv.com__f1b8e0fd-9e23-4a38-a1a1-ae32f15938de-768x1536.jpg 768w, https:\/\/dioceseteixeiradefreitas.com.br\/wp-content\/uploads\/2021\/02\/AnyConv.com__f1b8e0fd-9e23-4a38-a1a1-ae32f15938de-600x1200.jpg 600w, https:\/\/dioceseteixeiradefreitas.com.br\/wp-content\/uploads\/2021\/02\/AnyConv.com__f1b8e0fd-9e23-4a38-a1a1-ae32f15938de.jpg 800w\" sizes=\"auto, (max-width: 150px) 100vw, 150px\" \/><\/a>\n\t\t\t<\/div>\n\t\t\t\t<figcaption class='wp-caption-text gallery-caption' id='gallery-1-12485'>\n\t\t\t\tPar\u00f3quia S\u00e3o Bernardo &#8211; Alcoba\u00e7a\n\t\t\t\t<\/figcaption><\/figure>\n\t\t<\/div>\n\n","protected":false},"excerpt":{"rendered":"<p>Ap\u00f3s reunir mais de 2 mil pessoas no ano passado, a 31\u00aa edi\u00e7\u00e3o do Rebanh\u00e3o de Carnaval deste ano, retiro promovido pela Renova\u00e7\u00e3o Carism\u00e1tica Cat\u00f3lica &#8211; RCC da Diocese de Teixeira de Freitas\/Caravelas, passar\u00e1 por algumas mudan\u00e7as devido \u00e0 pandemia do coronav\u00edrus. Com o tema \u201cCoragem, Eu venci o mundo (Jo 16,33)\u201d, o evento acontecer\u00e1 &hellip;<\/p>\n","protected":false},"author":1,"featured_media":12469,"comment_status":"closed","ping_status":"closed","sticky":false,"template":"","format":"standard","meta":{"footnotes":""},"categories":[100],"tags":[451,225,452,761,762],"class_list":["post-12441","post","type-post","status-publish","format-standard","has-post-thumbnail","hentry","category-noticias-diocesanas","tag-diocese-de-teixeira-de-freitas-caravelas","tag-rcc","tag-rebanhao","tag-rebanhao-de-carnaval","tag-renovacao-carismatica-catolica"],"_links":{"self":[{"href":"https:\/\/dioceseteixeiradefreitas.com.br\/index.php?rest_route=\/wp\/v2\/posts\/12441","targetHints":{"allow":["GET"]}}],"collection":[{"href":"https:\/\/dioceseteixeiradefreitas.com.br\/index.php?rest_route=\/wp\/v2\/posts"}],"about":[{"href":"https:\/\/dioceseteixeiradefreitas.com.br\/index.php?rest_route=\/wp\/v2\/types\/post"}],"author":[{"embeddable":true,"href":"https:\/\/dioceseteixeiradefreitas.com.br\/index.php?rest_route=\/wp\/v2\/users\/1"}],"replies":[{"embeddable":true,"href":"https:\/\/dioceseteixeiradefreitas.com.br\/index.php?rest_route=%2Fwp%2Fv2%2Fcomments&post=12441"}],"version-history":[{"count":9,"href":"https:\/\/dioceseteixeiradefreitas.com.br\/index.php?rest_route=\/wp\/v2\/posts\/12441\/revisions"}],"predecessor-version":[{"id":12489,"href":"https:\/\/dioceseteixeiradefreitas.com.br\/index.php?rest_route=\/wp\/v2\/posts\/12441\/revisions\/12489"}],"wp:featuredmedia":[{"embeddable":true,"href":"https:\/\/dioceseteixeiradefreitas.com.br\/index.php?rest_route=\/wp\/v2\/media\/12469"}],"wp:attachment":[{"href":"https:\/\/dioceseteixeiradefreitas.com.br\/index.php?rest_route=%2Fwp%2Fv2%2Fmedia&parent=12441"}],"wp:term":[{"taxonomy":"category","embeddable":true,"href":"https:\/\/dioceseteixeiradefreitas.com.br\/index.php?rest_route=%2Fwp%2Fv2%2Fcategories&post=12441"},{"taxonomy":"post_tag","embeddable":true,"href":"https:\/\/dioceseteixeiradefreitas.com.br\/index.php?rest_route=%2Fwp%2Fv2%2Ftags&post=12441"}],"curies":[{"name":"wp","href":"https:\/\/api.w.org\/{rel}","templated":true}]}}