{"id":12490,"date":"2021-02-13T20:27:41","date_gmt":"2021-02-13T23:27:41","guid":{"rendered":"https:\/\/dioceseteixeiradefreitas.com.br\/?p=12490"},"modified":"2021-02-13T20:27:41","modified_gmt":"2021-02-13T23:27:41","slug":"confira-a-mensagem-do-papa-para-a-quaresma","status":"publish","type":"post","link":"https:\/\/dioceseteixeiradefreitas.com.br\/?p=12490","title":{"rendered":"Confira a mensagem do Papa para a Quaresma!"},"content":{"rendered":"<figure id=\"attachment_12494\" aria-describedby=\"caption-attachment-12494\" style=\"width: 1024px\" class=\"wp-caption aligncenter\"><img loading=\"lazy\" decoding=\"async\" class=\"wp-image-12494 size-full\" src=\"https:\/\/dioceseteixeiradefreitas.com.br\/wp-content\/uploads\/2021\/02\/cathopic_148840640522056-1.jpg\" alt=\"\" width=\"1024\" height=\"683\" srcset=\"https:\/\/dioceseteixeiradefreitas.com.br\/wp-content\/uploads\/2021\/02\/cathopic_148840640522056-1.jpg 1024w, https:\/\/dioceseteixeiradefreitas.com.br\/wp-content\/uploads\/2021\/02\/cathopic_148840640522056-1-300x200.jpg 300w, https:\/\/dioceseteixeiradefreitas.com.br\/wp-content\/uploads\/2021\/02\/cathopic_148840640522056-1-768x512.jpg 768w, https:\/\/dioceseteixeiradefreitas.com.br\/wp-content\/uploads\/2021\/02\/cathopic_148840640522056-1-600x400.jpg 600w\" sizes=\"auto, (max-width: 1024px) 100vw, 1024px\" \/><figcaption id=\"caption-attachment-12494\" class=\"wp-caption-text\">Mensagem do Papa para a Quaresma &#8211; Imagem: Livre\/Reprodu\u00e7\u00e3o<\/figcaption><\/figure>\n<p>Foi divulgada nesta sexta-feira (12\/02), a mensagem do Papa Francisco para a Quaresma deste ano intitulada: \u201c<em>Vamos subir a Jerusal\u00e9m. Quaresma: tempo para renovar f\u00e9, esperan\u00e7a e caridade<\/em>\u201d.<\/p>\n<p>O Pont\u00edfice convida a renovar a nossa f\u00e9, \u201cneste tempo de convers\u00e3o\u201d, a obter \u201ca \u00ab\u00e1gua viva\u00bb da esperan\u00e7a\u201d e receber \u201ccom o cora\u00e7\u00e3o aberto o amor de Deus que nos transforma em irm\u00e3os e irm\u00e3s em Cristo\u201d. Francisco recorda que \u201cna noite de P\u00e1scoa, renovaremos as promessas do nosso Batismo, para renascer como mulheres e homens novos por obra e gra\u00e7a do Esp\u00edrito Santo. Entretanto o itiner\u00e1rio da Quaresma, como ali\u00e1s todo o caminho crist\u00e3o, j\u00e1 est\u00e1 inteiramente sob a luz da Ressurrei\u00e7\u00e3o que anima os sentimentos, atitudes e op\u00e7\u00f5es de quem deseja seguir a Cristo\u201d.<\/p>\n<h3>Quem jejua faz-se pobre com os pobres<\/h3>\n<blockquote><p>&#8220;O jejum, a ora\u00e7\u00e3o e a esmola \u2013 tal como s\u00e3o apresentados por Jesus na sua prega\u00e7\u00e3o (cf. Mt 6,1-18) \u2013 s\u00e3o as condi\u00e7\u00f5es para a nossa convers\u00e3o e sua express\u00e3o. O caminho da pobreza e da priva\u00e7\u00e3o (o jejum), a aten\u00e7\u00e3o e os gestos de amor pelo homem ferido (a esmola) e o di\u00e1logo filial com o Pai (a ora\u00e7\u00e3o) permitem-nos encarnar uma f\u00e9 sincera, uma esperan\u00e7a viva e uma caridade operosa.<\/p><\/blockquote>\n<h3>Tempo para crer, esperar e amar<\/h3>\n<p>\u201cA caridade se alegra ao ver o outro crescer; e de igual modo sofre quando o encontra na ang\u00fastia: sozinho, doente, sem abrigo, desprezado, necessitado. A caridade \u00e9 o impulso do cora\u00e7\u00e3o que nos faz sair de n\u00f3s mesmos gerando o v\u00ednculo da partilha e da comunh\u00e3o. \u00abA partir do \u201camor social\u201d, \u00e9 poss\u00edvel avan\u00e7ar para uma civiliza\u00e7\u00e3o do amor a que todos nos podemos sentir chamados. Com o seu dinamismo universal, a caridade pode construir um mundo novo, porque n\u00e3o \u00e9 um sentimento est\u00e9ril, mas o modo melhor de alcan\u00e7ar vias eficazes de desenvolvimento para todos\u00bb.\u201d<\/p>\n<p>Segundo Francisco, \u201cviver uma Quaresma de caridade significa cuidar de quem se encontra em condi\u00e7\u00f5es de sofrimento, abandono ou ang\u00fastia por causa da pandemia de Covid19. Neste contexto de grande incerteza quanto ao futuro, ofere\u00e7amos, junto com a nossa obra de caridade, uma palavra de confian\u00e7a e fa\u00e7amos sentir ao outro que Deus o ama como um filho. \u00abS\u00f3 com um olhar cujo horizonte esteja transformado pela caridade, levando-nos a perceber a dignidade do outro, \u00e9 que os pobres s\u00e3o reconhecidos e apreciados na sua dignidade imensa, respeitados no seu estilo pr\u00f3prio e cultura e, por conseguinte, verdadeiramente integrados na sociedade\u00bb\u201d.<\/p>\n<blockquote><p>\u201c<em>Queridos irm\u00e3os e irm\u00e3s, cada etapa da vida \u00e9 um tempo para crer, esperar e amar. Que este apelo a viver a Quaresma como percurso de convers\u00e3o, ora\u00e7\u00e3o e partilha dos nossos bens, nos ajude a repassar, na nossa mem\u00f3ria comunit\u00e1ria e pessoal, a f\u00e9 que vem de Cristo vivo, a esperan\u00e7a animada pelo sopro do Esp\u00edrito e o amor cuja fonte inexaur\u00edvel \u00e9 o cora\u00e7\u00e3o misericordioso do Pai<\/em>\u201d, conclui o Papa.<\/p><\/blockquote>\n<p>Confira a mensagem na \u00edntegra (<a href=\"https:\/\/dioceseteixeiradefreitas.com.br\/wp-content\/uploads\/2021\/02\/papa-francesco_20201111_messaggio-quaresima2021.pdf\" target=\"_blank\" rel=\"noopener noreferrer\">AQUI<\/a>).<\/p>\n","protected":false},"excerpt":{"rendered":"<p>Foi divulgada nesta sexta-feira (12\/02), a mensagem do Papa Francisco para a Quaresma deste ano intitulada: \u201cVamos subir a Jerusal\u00e9m. Quaresma: tempo para renovar f\u00e9, esperan\u00e7a e caridade\u201d. O Pont\u00edfice convida a renovar a nossa f\u00e9, \u201cneste tempo de convers\u00e3o\u201d, a obter \u201ca \u00ab\u00e1gua viva\u00bb da esperan\u00e7a\u201d e receber \u201ccom o cora\u00e7\u00e3o aberto o amor &hellip;<\/p>\n","protected":false},"author":1,"featured_media":12494,"comment_status":"closed","ping_status":"closed","sticky":false,"template":"","format":"standard","meta":{"footnotes":""},"categories":[103],"tags":[770,71,483,769,123],"class_list":["post-12490","post","type-post","status-publish","format-standard","has-post-thumbnail","hentry","category-noticias-do-vaticano","tag-conversao","tag-papa-francisco","tag-quaresma","tag-tempo-da-quaresma","tag-vaticano"],"_links":{"self":[{"href":"https:\/\/dioceseteixeiradefreitas.com.br\/index.php?rest_route=\/wp\/v2\/posts\/12490","targetHints":{"allow":["GET"]}}],"collection":[{"href":"https:\/\/dioceseteixeiradefreitas.com.br\/index.php?rest_route=\/wp\/v2\/posts"}],"about":[{"href":"https:\/\/dioceseteixeiradefreitas.com.br\/index.php?rest_route=\/wp\/v2\/types\/post"}],"author":[{"embeddable":true,"href":"https:\/\/dioceseteixeiradefreitas.com.br\/index.php?rest_route=\/wp\/v2\/users\/1"}],"replies":[{"embeddable":true,"href":"https:\/\/dioceseteixeiradefreitas.com.br\/index.php?rest_route=%2Fwp%2Fv2%2Fcomments&post=12490"}],"version-history":[{"count":1,"href":"https:\/\/dioceseteixeiradefreitas.com.br\/index.php?rest_route=\/wp\/v2\/posts\/12490\/revisions"}],"predecessor-version":[{"id":12495,"href":"https:\/\/dioceseteixeiradefreitas.com.br\/index.php?rest_route=\/wp\/v2\/posts\/12490\/revisions\/12495"}],"wp:featuredmedia":[{"embeddable":true,"href":"https:\/\/dioceseteixeiradefreitas.com.br\/index.php?rest_route=\/wp\/v2\/media\/12494"}],"wp:attachment":[{"href":"https:\/\/dioceseteixeiradefreitas.com.br\/index.php?rest_route=%2Fwp%2Fv2%2Fmedia&parent=12490"}],"wp:term":[{"taxonomy":"category","embeddable":true,"href":"https:\/\/dioceseteixeiradefreitas.com.br\/index.php?rest_route=%2Fwp%2Fv2%2Fcategories&post=12490"},{"taxonomy":"post_tag","embeddable":true,"href":"https:\/\/dioceseteixeiradefreitas.com.br\/index.php?rest_route=%2Fwp%2Fv2%2Ftags&post=12490"}],"curies":[{"name":"wp","href":"https:\/\/api.w.org\/{rel}","templated":true}]}}