{"id":12501,"date":"2021-02-16T15:26:37","date_gmt":"2021-02-16T18:26:37","guid":{"rendered":"https:\/\/dioceseteixeiradefreitas.com.br\/?p=12501"},"modified":"2021-02-16T18:03:30","modified_gmt":"2021-02-16T21:03:30","slug":"quaresma-tempo-de-jejum-oracao-e-esmola","status":"publish","type":"post","link":"https:\/\/dioceseteixeiradefreitas.com.br\/?p=12501","title":{"rendered":"Quaresma: tempo de jejum, ora\u00e7\u00e3o e esmola"},"content":{"rendered":"<figure id=\"attachment_12502\" aria-describedby=\"caption-attachment-12502\" style=\"width: 290px\" class=\"wp-caption alignleft\"><img loading=\"lazy\" decoding=\"async\" class=\"wp-image-12502 size-full\" src=\"https:\/\/dioceseteixeiradefreitas.com.br\/wp-content\/uploads\/2021\/02\/Quaresma.png\" alt=\"\" width=\"290\" height=\"432\" srcset=\"https:\/\/dioceseteixeiradefreitas.com.br\/wp-content\/uploads\/2021\/02\/Quaresma.png 290w, https:\/\/dioceseteixeiradefreitas.com.br\/wp-content\/uploads\/2021\/02\/Quaresma-201x300.png 201w\" sizes=\"auto, (max-width: 290px) 100vw, 290px\" \/><figcaption id=\"caption-attachment-12502\" class=\"wp-caption-text\">Quaresma: tempo de jejum, ora\u00e7\u00e3o e esmola. Imagem: Livre\/Reprodu\u00e7\u00e3o<\/figcaption><\/figure>\n<p style=\"text-align: left;\">Iniciamos no pr\u00f3ximo dia 17\/02\/2021, Quarta-feira de Cinzas, o tempo lit\u00fargico da Quaresma, onde somos convidados a nos preparar para a grande celebra\u00e7\u00e3o da P\u00e1scoa do Senhor.<\/p>\n<p>A Ressurrei\u00e7\u00e3o do Senhor \u00e9 t\u00e3o importante para n\u00f3s, crist\u00e3os cat\u00f3licos, que a Igreja nos convida a vivermos um per\u00edodo de prepara\u00e7\u00e3o, com jejum, ora\u00e7\u00e3o e esmola. \u201cO jejum, a ora\u00e7\u00e3o e a esmola \u2013 tal como s\u00e3o apresentados por Jesus na sua prega\u00e7\u00e3o (cf. Mt 6,1-18) \u2013 s\u00e3o as condi\u00e7\u00f5es para a nossa convers\u00e3o e sua express\u00e3o. O caminho da pobreza e da priva\u00e7\u00e3o (o jejum), a aten\u00e7\u00e3o e os gestos de amor pelo homem ferido (a esmola) e o di\u00e1logo filial com o Pai (a ora\u00e7\u00e3o) permitem-nos encarnar uma f\u00e9 sincera, uma esperan\u00e7a viva e uma caridade operosa&#8221; diz o Papa Francisco na sua mensagem para a Quaresma de 2021.<\/p>\n<p>A Quaresma \u00e9 tamb\u00e9m um tempo de escuta da Palavra de Deus e de convers\u00e3o, de mudan\u00e7a de vida, de nos aproximarmos cada vez mais do Nosso Senhor Jesus Cristo. Este tempo de prepara\u00e7\u00e3o tem in\u00edcio da Quarta-feira de Cinzas, quando somos convidados a nos recordar que do p\u00f3 viemos e ao p\u00f3 iremos voltar, e se encerra na Quinta-feira da Semana Santa.<\/p>\n<p>Durante 6 domingos celebramos este percurso quaresmal. Nas Celebra\u00e7\u00f5es Lit\u00fargicas observamos algumas mudan\u00e7as que nos ajudam a bem viver este tempo. A cor lit\u00fargica \u00e9 o roxo. As imagens s\u00e3o cobertas. E, durante as Celebra\u00e7\u00f5es Eucar\u00edsticas n\u00e3o cantamos o Gl\u00f3ria. \u00c9 um tempo de recolhimento, n\u00e3o de tristeza.<\/p>\n<p>Que possamos viver bem este tempo Quaresmal, para assim bem celebrarmos, com muita alegria, a P\u00e1scoa do Senhor.<\/p>\n<p><strong>Mat\u00e9rias relacionadas:\u00a0<\/strong><\/p>\n<ul>\n<li><strong>Confira a Mensagem do Papa Francisco para a Quaresma: <\/strong><a href=\"https:\/\/dioceseteixeiradefreitas.com.br\/12490\/\">https:\/\/dioceseteixeiradefreitas.com.br\/12490\/<\/a><\/li>\n<li><strong>Mensagem do Papa Francisco para a Quaresma na \u00cdntegra: <\/strong><a href=\"http:\/\/www.vatican.va\/content\/francesco\/pt\/messages\/lent\/documents\/papa-francesco_20201111_messaggio-quaresima2021.html\">http:\/\/www.vatican.va\/content\/francesco\/pt\/messages\/lent\/documents\/papa-francesco_20201111_messaggio-quaresima2021.html<\/a><\/li>\n<\/ul>\n<p>&nbsp;<\/p>\n<p>&nbsp;<\/p>\n<p>&nbsp;<\/p>\n","protected":false},"excerpt":{"rendered":"<p>Iniciamos no pr\u00f3ximo dia 17\/02\/2021, Quarta-feira de Cinzas, o tempo lit\u00fargico da Quaresma, onde somos convidados a nos preparar para a grande celebra\u00e7\u00e3o da P\u00e1scoa do Senhor. A Ressurrei\u00e7\u00e3o do Senhor \u00e9 t\u00e3o importante para n\u00f3s, crist\u00e3os cat\u00f3licos, que a Igreja nos convida a vivermos um per\u00edodo de prepara\u00e7\u00e3o, com jejum, ora\u00e7\u00e3o e esmola. \u201cO &hellip;<\/p>\n","protected":false},"author":24,"featured_media":12502,"comment_status":"closed","ping_status":"closed","sticky":false,"template":"","format":"standard","meta":{"footnotes":""},"categories":[100],"tags":[772,773,771,483,774,497],"class_list":["post-12501","post","type-post","status-publish","format-standard","has-post-thumbnail","hentry","category-noticias-diocesanas","tag-esmola","tag-jejum","tag-oracao","tag-quaresma","tag-quarta-feira-de-cinzas","tag-semana-santa"],"_links":{"self":[{"href":"https:\/\/dioceseteixeiradefreitas.com.br\/index.php?rest_route=\/wp\/v2\/posts\/12501","targetHints":{"allow":["GET"]}}],"collection":[{"href":"https:\/\/dioceseteixeiradefreitas.com.br\/index.php?rest_route=\/wp\/v2\/posts"}],"about":[{"href":"https:\/\/dioceseteixeiradefreitas.com.br\/index.php?rest_route=\/wp\/v2\/types\/post"}],"author":[{"embeddable":true,"href":"https:\/\/dioceseteixeiradefreitas.com.br\/index.php?rest_route=\/wp\/v2\/users\/24"}],"replies":[{"embeddable":true,"href":"https:\/\/dioceseteixeiradefreitas.com.br\/index.php?rest_route=%2Fwp%2Fv2%2Fcomments&post=12501"}],"version-history":[{"count":4,"href":"https:\/\/dioceseteixeiradefreitas.com.br\/index.php?rest_route=\/wp\/v2\/posts\/12501\/revisions"}],"predecessor-version":[{"id":12506,"href":"https:\/\/dioceseteixeiradefreitas.com.br\/index.php?rest_route=\/wp\/v2\/posts\/12501\/revisions\/12506"}],"wp:featuredmedia":[{"embeddable":true,"href":"https:\/\/dioceseteixeiradefreitas.com.br\/index.php?rest_route=\/wp\/v2\/media\/12502"}],"wp:attachment":[{"href":"https:\/\/dioceseteixeiradefreitas.com.br\/index.php?rest_route=%2Fwp%2Fv2%2Fmedia&parent=12501"}],"wp:term":[{"taxonomy":"category","embeddable":true,"href":"https:\/\/dioceseteixeiradefreitas.com.br\/index.php?rest_route=%2Fwp%2Fv2%2Fcategories&post=12501"},{"taxonomy":"post_tag","embeddable":true,"href":"https:\/\/dioceseteixeiradefreitas.com.br\/index.php?rest_route=%2Fwp%2Fv2%2Ftags&post=12501"}],"curies":[{"name":"wp","href":"https:\/\/api.w.org\/{rel}","templated":true}]}}