{"id":12511,"date":"2021-02-17T15:34:18","date_gmt":"2021-02-17T18:34:18","guid":{"rendered":"https:\/\/dioceseteixeiradefreitas.com.br\/?p=12511"},"modified":"2021-02-17T16:10:39","modified_gmt":"2021-02-17T19:10:39","slug":"nota-de-falecimento-pe-antonio-gilberto-de-oliveira","status":"publish","type":"post","link":"https:\/\/dioceseteixeiradefreitas.com.br\/?p=12511","title":{"rendered":"Nota de Falecimento: Pe. Ant\u00f4nio Gilberto de Oliveira"},"content":{"rendered":"<figure id=\"attachment_12514\" aria-describedby=\"caption-attachment-12514\" style=\"width: 1024px\" class=\"wp-caption aligncenter\"><img loading=\"lazy\" decoding=\"async\" class=\"wp-image-12514 size-full\" src=\"https:\/\/dioceseteixeiradefreitas.com.br\/wp-content\/uploads\/2021\/02\/padre-gilberto.png\" alt=\"\" width=\"1024\" height=\"720\" srcset=\"https:\/\/dioceseteixeiradefreitas.com.br\/wp-content\/uploads\/2021\/02\/padre-gilberto.png 1024w, https:\/\/dioceseteixeiradefreitas.com.br\/wp-content\/uploads\/2021\/02\/padre-gilberto-300x211.png 300w, https:\/\/dioceseteixeiradefreitas.com.br\/wp-content\/uploads\/2021\/02\/padre-gilberto-768x540.png 768w, https:\/\/dioceseteixeiradefreitas.com.br\/wp-content\/uploads\/2021\/02\/padre-gilberto-600x422.png 600w\" sizes=\"auto, (max-width: 1024px) 100vw, 1024px\" \/><figcaption id=\"caption-attachment-12514\" class=\"wp-caption-text\">Nota de Falecimento do Pe. Gilberto &#8211; Imagem: PASCOM\/Divulga\u00e7\u00e3o<\/figcaption><\/figure>\n<p>A Diocese de Teixeira de Freitas\/Caravelas, na pessoa do seu bispo diocesano, Dom Jailton de Oliveira Lino comunica, com pesar e com muita f\u00e9 em Cristo Ressurei\u00e7\u00e3o e vida que o Pe. Ant\u00f4nio Gilberto de Oliveira, 72 anos, veio a falecer hoje \u00e0s 12h30 no Hospital Sobrasa, em Teixeira de Freitas.<\/p>\n<h3>SOBRE O PADRE GILBERTO<\/h3>\n<figure id=\"attachment_11996\" aria-describedby=\"caption-attachment-11996\" style=\"width: 1158px\" class=\"wp-caption aligncenter\"><img loading=\"lazy\" decoding=\"async\" class=\"wp-image-11996 size-full\" src=\"https:\/\/dioceseteixeiradefreitas.com.br\/wp-content\/uploads\/2020\/12\/IMG_0124.jpg\" alt=\"\" width=\"1158\" height=\"1004\" srcset=\"https:\/\/dioceseteixeiradefreitas.com.br\/wp-content\/uploads\/2020\/12\/IMG_0124.jpg 1158w, https:\/\/dioceseteixeiradefreitas.com.br\/wp-content\/uploads\/2020\/12\/IMG_0124-300x260.jpg 300w, https:\/\/dioceseteixeiradefreitas.com.br\/wp-content\/uploads\/2020\/12\/IMG_0124-1024x888.jpg 1024w, https:\/\/dioceseteixeiradefreitas.com.br\/wp-content\/uploads\/2020\/12\/IMG_0124-768x666.jpg 768w, https:\/\/dioceseteixeiradefreitas.com.br\/wp-content\/uploads\/2020\/12\/IMG_0124-600x520.jpg 600w\" sizes=\"auto, (max-width: 1158px) 100vw, 1158px\" \/><figcaption id=\"caption-attachment-11996\" class=\"wp-caption-text\">Pe. Ant\u00f4nio Gilberto de Oliveira em 2019 na Catedral S\u00e3o Pedro &#8211; Foto: PASCOM S\u00e3o Pedro\/Divulga\u00e7\u00e3o<\/figcaption><\/figure>\n<p>O padre Ant\u00f4nio Gilberto de Oliveira, 72 anos, nasceu no dia 03 de maio de 1948, na cidade de de Ara\u00e7agi no Estado da Para\u00edba. Filho de Jo\u00e3o Paulino de Oliveira e Maria Francisca de Oliveira. Em 1988, ingressou na Diocese de Teixeira de Freitas\/Caravelas, como seminarista. Foi ordenado presb\u00edtero por Dom Frei Ant\u00f4nio Elizeu Zuquetto no dia 12 de maio de 1991 em sua cidade natal. A pedido de Dom Ant\u00f4nio, foi para Roma, onde cursou mestrado em Teologia Dogm\u00e1tica na Pontif\u00edcia Universidade Gregoriana. Ao retornar assumiu como p\u00e1roco da Par\u00f3quia Nossa Senhora de Fatima, em Itamaraju. Em 2004, foi p\u00e1roco da rec\u00e9m-criada Par\u00f3quia Santo Ant\u00f4nio, desmembrada da Par\u00f3quia S\u00e3o Francisco em Teixeira de Freitas, servindo at\u00e9 2010. Em dezembro de 2010, foi transferido para a Par\u00f3quia S\u00e3o Jos\u00e9 em Mucuri, onde tamb\u00e9m foi p\u00e1roco, exercendo at\u00e9 2018. Vig\u00e1rio Geral da Diocese; representante dos presb\u00edteros da Diocese; Membro do Conselho Presbiteral da Diocese, membro do Col\u00e9gio de Consultores da Diocese; Reitor do Semin\u00e1rio Maior Diocesano, sediado em Ilh\u00e9us onde por muitos anos foi professor. Como \u00faltimo oficio, foi Vig\u00e1rio paroquial da Par\u00f3quia S\u00e3o Pedro \u2013 Catedral, desde 29 de junho de 2018, dia de S\u00e3o Pedro. Completou em 2020, 29 anos de vida sacerdotal.<\/p>\n<p>Desde julho estava internado no Hospital Sobrasa com a sa\u00fade muito debilitada.<\/p>\n<p>Agradecemos ao Pe. Ant\u00f4nio Gilberto por sua dedica\u00e7\u00e3o pastoral nesta por\u00e7\u00e3o do Reino de Deus. Agradecemos \u00e0 sua fam\u00edlia por todo zelo e carinho com Pe. Ant\u00f4nio Gilberto. Agradecemos \u00e0 dire\u00e7\u00e3o, aos m\u00e9dicos e funcion\u00e1rios do Hospital Sobrasa pelo cuidado atento para com nosso irm\u00e3o. Aos cuidadores que se desvelaram dia e noite no acompanhamento deste nosso irm\u00e3o nossa eterna gratid\u00e3o.<\/p>\n<p>Querido Pe. Ant\u00f4nio Gilberto que o Senhor te acolha em seus bra\u00e7os e te conceda o o pr\u00eamio dos justos.<\/p>\n<h3>INFORMA\u00c7\u00d5ES SOBRE VEL\u00d3RIO E SEPULTAMENTO<\/h3>\n<p><strong>O vel\u00f3rio acontecer\u00e1 na Catedral Diocesana <\/strong>a partir das 21h de hoje (17\/02), e \u00e0s 21h ser\u00e1 celebrada Missa de corpo presente.<\/p>\n<p><strong>Amanh\u00e3 \u2013 18\/02: <\/strong>Missa de corpo presente nos seguintes hor\u00e1rios: <strong>06h, 07h, 08h e \u00e0s 09h.<\/strong><\/p>\n<p><strong>Missa exequial<\/strong>,<strong> seguida de sepultamento na Cripta da Catedral \u00e0s 10h30<\/strong>. Esta Missa ser\u00e1 presidida por Dom Jailton de Oliveira Lino.<\/p>\n<p style=\"text-align: right;\">Dai-lhe Senhor o repouso eterno e a luz perp\u00e9tua o ilumine. Descanse em paz! Am\u00e9m.<\/p>\n","protected":false},"excerpt":{"rendered":"<p>A Diocese de Teixeira de Freitas\/Caravelas, na pessoa do seu bispo diocesano, Dom Jailton de Oliveira Lino comunica, com pesar e com muita f\u00e9 em Cristo Ressurei\u00e7\u00e3o e vida que o Pe. Ant\u00f4nio Gilberto de Oliveira, 72 anos, veio a falecer hoje \u00e0s 12h30 no Hospital Sobrasa, em Teixeira de Freitas. SOBRE O PADRE GILBERTO &hellip;<\/p>\n","protected":false},"author":1,"featured_media":12514,"comment_status":"closed","ping_status":"closed","sticky":false,"template":"","format":"standard","meta":{"footnotes":""},"categories":[51],"tags":[686,345,65,777,778,779],"class_list":["post-12511","post","type-post","status-publish","format-standard","has-post-thumbnail","hentry","category-notas","tag-nota","tag-nota-de-falecimento","tag-nota-oficial","tag-padre-antonio-gilberto-de-oliveira","tag-padre-gilberto","tag-pe-gilberto"],"_links":{"self":[{"href":"https:\/\/dioceseteixeiradefreitas.com.br\/index.php?rest_route=\/wp\/v2\/posts\/12511","targetHints":{"allow":["GET"]}}],"collection":[{"href":"https:\/\/dioceseteixeiradefreitas.com.br\/index.php?rest_route=\/wp\/v2\/posts"}],"about":[{"href":"https:\/\/dioceseteixeiradefreitas.com.br\/index.php?rest_route=\/wp\/v2\/types\/post"}],"author":[{"embeddable":true,"href":"https:\/\/dioceseteixeiradefreitas.com.br\/index.php?rest_route=\/wp\/v2\/users\/1"}],"replies":[{"embeddable":true,"href":"https:\/\/dioceseteixeiradefreitas.com.br\/index.php?rest_route=%2Fwp%2Fv2%2Fcomments&post=12511"}],"version-history":[{"count":8,"href":"https:\/\/dioceseteixeiradefreitas.com.br\/index.php?rest_route=\/wp\/v2\/posts\/12511\/revisions"}],"predecessor-version":[{"id":12521,"href":"https:\/\/dioceseteixeiradefreitas.com.br\/index.php?rest_route=\/wp\/v2\/posts\/12511\/revisions\/12521"}],"wp:featuredmedia":[{"embeddable":true,"href":"https:\/\/dioceseteixeiradefreitas.com.br\/index.php?rest_route=\/wp\/v2\/media\/12514"}],"wp:attachment":[{"href":"https:\/\/dioceseteixeiradefreitas.com.br\/index.php?rest_route=%2Fwp%2Fv2%2Fmedia&parent=12511"}],"wp:term":[{"taxonomy":"category","embeddable":true,"href":"https:\/\/dioceseteixeiradefreitas.com.br\/index.php?rest_route=%2Fwp%2Fv2%2Fcategories&post=12511"},{"taxonomy":"post_tag","embeddable":true,"href":"https:\/\/dioceseteixeiradefreitas.com.br\/index.php?rest_route=%2Fwp%2Fv2%2Ftags&post=12511"}],"curies":[{"name":"wp","href":"https:\/\/api.w.org\/{rel}","templated":true}]}}