{"id":12558,"date":"2021-02-23T21:43:15","date_gmt":"2021-02-24T00:43:15","guid":{"rendered":"https:\/\/dioceseteixeiradefreitas.com.br\/?p=12558"},"modified":"2021-02-24T08:49:04","modified_gmt":"2021-02-24T11:49:04","slug":"nota-pastoral-07-novas-normas-e-procedimentos-em-tempos-de-coronavirus-na-diocese","status":"publish","type":"post","link":"https:\/\/dioceseteixeiradefreitas.com.br\/?p=12558","title":{"rendered":"NOTA PASTORAL 07: Novas normas e procedimentos na Diocese em tempos de Coronav\u00edrus"},"content":{"rendered":"<figure id=\"attachment_12559\" aria-describedby=\"caption-attachment-12559\" style=\"width: 1800px\" class=\"wp-caption aligncenter\"><img loading=\"lazy\" decoding=\"async\" class=\"wp-image-12559 size-full\" src=\"https:\/\/dioceseteixeiradefreitas.com.br\/wp-content\/uploads\/2021\/02\/ARTE-CORONAVIRUS.png\" alt=\"\" width=\"1800\" height=\"1350\" srcset=\"https:\/\/dioceseteixeiradefreitas.com.br\/wp-content\/uploads\/2021\/02\/ARTE-CORONAVIRUS.png 1800w, https:\/\/dioceseteixeiradefreitas.com.br\/wp-content\/uploads\/2021\/02\/ARTE-CORONAVIRUS-300x225.png 300w, https:\/\/dioceseteixeiradefreitas.com.br\/wp-content\/uploads\/2021\/02\/ARTE-CORONAVIRUS-1024x768.png 1024w, https:\/\/dioceseteixeiradefreitas.com.br\/wp-content\/uploads\/2021\/02\/ARTE-CORONAVIRUS-768x576.png 768w, https:\/\/dioceseteixeiradefreitas.com.br\/wp-content\/uploads\/2021\/02\/ARTE-CORONAVIRUS-1536x1152.png 1536w, https:\/\/dioceseteixeiradefreitas.com.br\/wp-content\/uploads\/2021\/02\/ARTE-CORONAVIRUS-600x450.png 600w\" sizes=\"auto, (max-width: 1800px) 100vw, 1800px\" \/><figcaption id=\"caption-attachment-12559\" class=\"wp-caption-text\">Diocese lan\u00e7a s\u00e9tima Nota Pastoral \u2013 Imagem: PASCOM\/Divulga\u00e7\u00e3o<\/figcaption><\/figure>\n<p style=\"text-align: center;\"><strong>NOTA PASTORAL N.\u00ba 07 \u2013 NOVAS NORMAS E PROCEDIMENTOS NA DIOCESE EM TEMPOS DE CORONAV\u00cdRUS (COVID-19)<\/strong><\/p>\n<p>Dom Jailton de Oliveira Lino, por merc\u00ea de Deus e da Santa S\u00e9 Apost\u00f3lica, Bispo de Teixeira de Freitas\/Caravelas, aos que estas orienta\u00e7\u00f5es virem e ouvirem, sauda\u00e7\u00e3o, paz, sa\u00fade e b\u00ean\u00e7\u00e3o no Senhor.<\/p>\n<p>Considerando a expressiva expans\u00e3o da Covid-19 e o Decreto n\u00ba 20.240, art. 3 de 21 de fevereiro de 2021, do senhor governador do Estado da Bahia que pro\u00edbe a realiza\u00e7\u00e3o de todas as atividades e eventos, inclusive religiosos, decidimos <strong>suspender em toda a Diocese de Teixeira de Freitas\/Caravelas, as atividades e celebra\u00e7\u00f5es com a presen\u00e7a dos fi\u00e9is<\/strong>.<\/p>\n<p>Esta suspens\u00e3o entra em vigor a partir de sua publica\u00e7\u00e3o e <strong>vigorar\u00e1 at\u00e9 o dia 28\/02<\/strong>, conforme reza o Decreto governamental.<\/p>\n<p>As Igrejas devem permanecer abertas para ora\u00e7\u00f5es dos fi\u00e9is. Os sacerdotes devem celebrar e transmitirem atrav\u00e9s das redes sociais.<\/p>\n<p>Que Deus tenha miseric\u00f3rdia de n\u00f3s e ajude nossas autoridades a serem mais \u00e1geis na aquisi\u00e7\u00e3o e dispensa\u00e7\u00e3o das vacinas para imunizar a todos.<\/p>\n<p>Que Deus aben\u00e7oe a todos.<\/p>\n<p style=\"text-align: right;\">Dado e passado na C\u00faria Diocesana de<br \/>\nTeixeira de Freitas aos 23 de fevereiro de 2021<\/p>\n<p>&nbsp;<\/p>\n<p style=\"text-align: center;\"><strong>Dom Jailton de Oliveira Lino, psdp<\/strong><br \/>\nBispo Diocesano de Teixeira de Freitas\/Caravelas<\/p>\n<h3 style=\"text-align: center;\"><span class=\"cb-justified-justify\"><b>Confira a nota na \u00edntegra:<\/b><\/span><\/h3>\n<div class=\"XzvDs _208Ie tFDi5 blog-post-text-font blog-post-text-color _2QAo- _25MYV _6RI6N tFDi5\" style=\"text-align: center;\">\n<h2 class=\"XzvDs _208Ie tFDi5 blog-post-text-font blog-post-text-color _2QAo- _25MYV _6RI6N tFDi5\"><strong><a href=\"https:\/\/dioceseteixeiradefreitas.com.br\/wp-content\/uploads\/2021\/02\/NOTA-PASTORAL-07-NOVAS-RECOMENDA\u00c7\u00d5ES-2021.pdf\" target=\"_blank\" rel=\"noopener noreferrer\">Clique Aqui<\/a><\/strong><\/h2>\n<\/div>\n<p style=\"text-align: center;\"><strong>As mudan\u00e7as devem ser cumpridas at\u00e9 segunda ordem.<\/strong><\/p>\n","protected":false},"excerpt":{"rendered":"<p>NOTA PASTORAL N.\u00ba 07 \u2013 NOVAS NORMAS E PROCEDIMENTOS NA DIOCESE EM TEMPOS DE CORONAV\u00cdRUS (COVID-19) Dom Jailton de Oliveira Lino, por merc\u00ea de Deus e da Santa S\u00e9 Apost\u00f3lica, Bispo de Teixeira de Freitas\/Caravelas, aos que estas orienta\u00e7\u00f5es virem e ouvirem, sauda\u00e7\u00e3o, paz, sa\u00fade e b\u00ean\u00e7\u00e3o no Senhor. Considerando a expressiva expans\u00e3o da Covid-19 &hellip;<\/p>\n","protected":false},"author":1,"featured_media":12559,"comment_status":"closed","ping_status":"closed","sticky":false,"template":"","format":"standard","meta":{"footnotes":""},"categories":[51],"tags":[787,477,524,425,786],"class_list":["post-12558","post","type-post","status-publish","format-standard","has-post-thumbnail","hentry","category-notas","tag-787","tag-coronavirus","tag-covid-19","tag-diocese-teixeira-de-freitas-caravelas","tag-nota-pastoral-07"],"_links":{"self":[{"href":"https:\/\/dioceseteixeiradefreitas.com.br\/index.php?rest_route=\/wp\/v2\/posts\/12558","targetHints":{"allow":["GET"]}}],"collection":[{"href":"https:\/\/dioceseteixeiradefreitas.com.br\/index.php?rest_route=\/wp\/v2\/posts"}],"about":[{"href":"https:\/\/dioceseteixeiradefreitas.com.br\/index.php?rest_route=\/wp\/v2\/types\/post"}],"author":[{"embeddable":true,"href":"https:\/\/dioceseteixeiradefreitas.com.br\/index.php?rest_route=\/wp\/v2\/users\/1"}],"replies":[{"embeddable":true,"href":"https:\/\/dioceseteixeiradefreitas.com.br\/index.php?rest_route=%2Fwp%2Fv2%2Fcomments&post=12558"}],"version-history":[{"count":5,"href":"https:\/\/dioceseteixeiradefreitas.com.br\/index.php?rest_route=\/wp\/v2\/posts\/12558\/revisions"}],"predecessor-version":[{"id":12565,"href":"https:\/\/dioceseteixeiradefreitas.com.br\/index.php?rest_route=\/wp\/v2\/posts\/12558\/revisions\/12565"}],"wp:featuredmedia":[{"embeddable":true,"href":"https:\/\/dioceseteixeiradefreitas.com.br\/index.php?rest_route=\/wp\/v2\/media\/12559"}],"wp:attachment":[{"href":"https:\/\/dioceseteixeiradefreitas.com.br\/index.php?rest_route=%2Fwp%2Fv2%2Fmedia&parent=12558"}],"wp:term":[{"taxonomy":"category","embeddable":true,"href":"https:\/\/dioceseteixeiradefreitas.com.br\/index.php?rest_route=%2Fwp%2Fv2%2Fcategories&post=12558"},{"taxonomy":"post_tag","embeddable":true,"href":"https:\/\/dioceseteixeiradefreitas.com.br\/index.php?rest_route=%2Fwp%2Fv2%2Ftags&post=12558"}],"curies":[{"name":"wp","href":"https:\/\/api.w.org\/{rel}","templated":true}]}}