{"id":12566,"date":"2021-02-26T14:19:00","date_gmt":"2021-02-26T17:19:00","guid":{"rendered":"https:\/\/dioceseteixeiradefreitas.com.br\/?p=12566"},"modified":"2021-02-26T14:22:58","modified_gmt":"2021-02-26T17:22:58","slug":"nota-pastoral-no-08-sobre-as-atividades-e-celebracoes-na-forania-sao-pedro-em-teixeira-de-freitas","status":"publish","type":"post","link":"https:\/\/dioceseteixeiradefreitas.com.br\/?p=12566","title":{"rendered":"NOTA PASTORAL N\u00ba 08 &#8211; Sobre as atividades e celebra\u00e7\u00f5es na Forania S\u00e3o Pedro em Teixeira de Freitas"},"content":{"rendered":"<figure id=\"attachment_12559\" aria-describedby=\"caption-attachment-12559\" style=\"width: 1800px\" class=\"wp-caption aligncenter\"><img loading=\"lazy\" decoding=\"async\" class=\"wp-image-12559 size-full\" src=\"https:\/\/dioceseteixeiradefreitas.com.br\/wp-content\/uploads\/2021\/02\/ARTE-CORONAVIRUS.png\" alt=\"\" width=\"1800\" height=\"1350\" srcset=\"https:\/\/dioceseteixeiradefreitas.com.br\/wp-content\/uploads\/2021\/02\/ARTE-CORONAVIRUS.png 1800w, https:\/\/dioceseteixeiradefreitas.com.br\/wp-content\/uploads\/2021\/02\/ARTE-CORONAVIRUS-300x225.png 300w, https:\/\/dioceseteixeiradefreitas.com.br\/wp-content\/uploads\/2021\/02\/ARTE-CORONAVIRUS-1024x768.png 1024w, https:\/\/dioceseteixeiradefreitas.com.br\/wp-content\/uploads\/2021\/02\/ARTE-CORONAVIRUS-768x576.png 768w, https:\/\/dioceseteixeiradefreitas.com.br\/wp-content\/uploads\/2021\/02\/ARTE-CORONAVIRUS-1536x1152.png 1536w, https:\/\/dioceseteixeiradefreitas.com.br\/wp-content\/uploads\/2021\/02\/ARTE-CORONAVIRUS-600x450.png 600w\" sizes=\"auto, (max-width: 1800px) 100vw, 1800px\" \/><figcaption id=\"caption-attachment-12559\" class=\"wp-caption-text\">Diocese lan\u00e7a oitava Nota Pastoral \u2013 Imagem: PASCOM\/Divulga\u00e7\u00e3o<\/figcaption><\/figure>\n<p><strong>Dom Jailton de Oliveira Lino, por merc\u00ea de Deus e da Santa S\u00e9 Apost\u00f3lica, Bispo de Teixeira de Freitas\/Caravelas, aos que estas orienta\u00e7\u00f5es virem e ouvirem, sauda\u00e7\u00e3o, paz, sa\u00fade e b\u00ean\u00e7\u00e3o no Senhor. <\/strong><\/p>\n<p>Considerando o Decreto n\u00ba 418.2021, art. 1\u00ba, e par\u00e1grafo \u00fanico, de 25 de fevereiro de 2021, do senhor prefeito de Teixeira de Freitas, Estado da Bahia que disp\u00f5e sobre \u00e0 liberdade de culto, as celebra\u00e7\u00f5es e eventos religiosos no munic\u00edpio de Teixeira de Freitas-BA, nos dias 22 de fevereiro at\u00e9 28 de fevereiro de 2021, decidimos:<\/p>\n<ol>\n<li>Permitir apenas na Forania S\u00e3o Pedro, as atividades e celebra\u00e7\u00f5es com a presen\u00e7a dos fi\u00e9is, mediante agendamento pr\u00e9vio na data acima mencionada.<\/li>\n<li>Que os padres cuidem para que a \u00faltima celebra\u00e7\u00e3o nos dias 22 a 28 de fevereiro sejam at\u00e9 \u00e0s 17h.<\/li>\n<li>As Igrejas e fi\u00e9is devem garantir o distanciamento, bem como o uso de m\u00e1scara, \u00e1lcool 70% e demais medidas estabelecidas nos protocolos de medidas sanit\u00e1rias em vigor.<\/li>\n<\/ol>\n<p>Que Deus tenha miseric\u00f3rdia de n\u00f3s e ajude nossas autoridades a serem mais \u00e1geis na aquisi\u00e7\u00e3o e dispensa\u00e7\u00e3o das vacinas para imunizar a todos.<\/p>\n<p>Que Deus aben\u00e7oe a todos.<\/p>\n<p>&nbsp;<\/p>\n<p style=\"text-align: right;\">Dado e passado na C\u00faria Diocesana de<br \/>\nTeixeira de Freitas aos 26 de fevereiro de 2021<\/p>\n<p style=\"text-align: center;\"><strong>Dom Jailton de Oliveira Lino, psdp<\/strong><br \/>\nBispo Diocesano de Teixeira de Freitas\/Caravelas<\/p>\n<h3 style=\"text-align: center;\"><span class=\"cb-justified-justify\"><b>Confira a nota na \u00edntegra:<\/b><\/span><\/h3>\n<div class=\"XzvDs _208Ie tFDi5 blog-post-text-font blog-post-text-color _2QAo- _25MYV _6RI6N tFDi5\" style=\"text-align: center;\">\n<h2 class=\"XzvDs _208Ie tFDi5 blog-post-text-font blog-post-text-color _2QAo- _25MYV _6RI6N tFDi5\"><a href=\"https:\/\/dioceseteixeiradefreitas.com.br\/wp-content\/uploads\/2021\/02\/Decreto-08.pdf\" target=\"_blank\" rel=\"noopener noreferrer\"><strong>Clique Aqui<\/strong><\/a><\/h2>\n<\/div>\n<p style=\"text-align: center;\"><strong>As mudan\u00e7as devem ser cumpridas at\u00e9 segunda ordem.<\/strong><\/p>\n","protected":false},"excerpt":{"rendered":"<p>Dom Jailton de Oliveira Lino, por merc\u00ea de Deus e da Santa S\u00e9 Apost\u00f3lica, Bispo de Teixeira de Freitas\/Caravelas, aos que estas orienta\u00e7\u00f5es virem e ouvirem, sauda\u00e7\u00e3o, paz, sa\u00fade e b\u00ean\u00e7\u00e3o no Senhor. Considerando o Decreto n\u00ba 418.2021, art. 1\u00ba, e par\u00e1grafo \u00fanico, de 25 de fevereiro de 2021, do senhor prefeito de Teixeira de &hellip;<\/p>\n","protected":false},"author":1,"featured_media":12559,"comment_status":"closed","ping_status":"closed","sticky":false,"template":"","format":"standard","meta":{"footnotes":""},"categories":[51],"tags":[60,57,488,788,789,365],"class_list":["post-12566","post","type-post","status-publish","format-standard","has-post-thumbnail","hentry","category-notas","tag-dom-jailton","tag-forania-sao-pedro","tag-missas","tag-nota-pastoral-08","tag-novas-medidas","tag-teixeira-de-freitas"],"_links":{"self":[{"href":"https:\/\/dioceseteixeiradefreitas.com.br\/index.php?rest_route=\/wp\/v2\/posts\/12566","targetHints":{"allow":["GET"]}}],"collection":[{"href":"https:\/\/dioceseteixeiradefreitas.com.br\/index.php?rest_route=\/wp\/v2\/posts"}],"about":[{"href":"https:\/\/dioceseteixeiradefreitas.com.br\/index.php?rest_route=\/wp\/v2\/types\/post"}],"author":[{"embeddable":true,"href":"https:\/\/dioceseteixeiradefreitas.com.br\/index.php?rest_route=\/wp\/v2\/users\/1"}],"replies":[{"embeddable":true,"href":"https:\/\/dioceseteixeiradefreitas.com.br\/index.php?rest_route=%2Fwp%2Fv2%2Fcomments&post=12566"}],"version-history":[{"count":1,"href":"https:\/\/dioceseteixeiradefreitas.com.br\/index.php?rest_route=\/wp\/v2\/posts\/12566\/revisions"}],"predecessor-version":[{"id":12569,"href":"https:\/\/dioceseteixeiradefreitas.com.br\/index.php?rest_route=\/wp\/v2\/posts\/12566\/revisions\/12569"}],"wp:featuredmedia":[{"embeddable":true,"href":"https:\/\/dioceseteixeiradefreitas.com.br\/index.php?rest_route=\/wp\/v2\/media\/12559"}],"wp:attachment":[{"href":"https:\/\/dioceseteixeiradefreitas.com.br\/index.php?rest_route=%2Fwp%2Fv2%2Fmedia&parent=12566"}],"wp:term":[{"taxonomy":"category","embeddable":true,"href":"https:\/\/dioceseteixeiradefreitas.com.br\/index.php?rest_route=%2Fwp%2Fv2%2Fcategories&post=12566"},{"taxonomy":"post_tag","embeddable":true,"href":"https:\/\/dioceseteixeiradefreitas.com.br\/index.php?rest_route=%2Fwp%2Fv2%2Ftags&post=12566"}],"curies":[{"name":"wp","href":"https:\/\/api.w.org\/{rel}","templated":true}]}}