{"id":12570,"date":"2021-02-27T19:59:07","date_gmt":"2021-02-27T22:59:07","guid":{"rendered":"https:\/\/dioceseteixeiradefreitas.com.br\/?p=12570"},"modified":"2021-02-27T20:12:26","modified_gmt":"2021-02-27T23:12:26","slug":"confira-os-horarios-de-missas-a-serem-transmitidas-pelas-paroquias-emissoras-de-radio-e-tv-neste-domingo-28-02","status":"publish","type":"post","link":"https:\/\/dioceseteixeiradefreitas.com.br\/?p=12570","title":{"rendered":"Confira os hor\u00e1rios de Missas a serem transmitidas pelas Par\u00f3quias, emissoras de R\u00e1dio e TV neste domingo (28\/02)"},"content":{"rendered":"<p><img decoding=\"async\" src=\"https:\/\/dioceseteixeiradefreitas.com.br\/wp-content\/uploads\/2020\/03\/8a866345-b41a-493f-a65e-eabc31c37c85.png\" \/><\/p>\n<p>Diante da<strong> suspens\u00e3o das celebra\u00e7\u00f5es em nossa diocese com a presen\u00e7a de fi\u00e9is<\/strong>\u00a0<strong>nas Foranias: Santo Ant\u00f4nio, Imaculada Concei\u00e7\u00e3o e S\u00e3o Jos\u00e9 <\/strong>e de acordo com as Notas Pastorais 07, emitida pelo Bispo Diocesano nos dias 23 de fevereiro, de acordo com os Decretos Estaduais e Municipais, visando a prote\u00e7\u00e3o do povo de Deus, uma vez que as autoridades de Governo Estadual, Municipal e Organiza\u00e7\u00e3o Mundial da Sa\u00fade pedem que se evite a aglomera\u00e7\u00e3o de pessoas. Na Forania S\u00e3o Pedro (Teixeira de Freitas), de acordo com a Nota Pastoral 08, de 26 de fevereiro de 2021, \u00e9 permitido as atividades e celebra\u00e7\u00f5es com a presen\u00e7a dos fi\u00e9is, mediante agendamento pr\u00e9vio na data acima mencionada.<\/p>\n<p>Tendo em vista a impossibilidade de participar presencialmente, os fi\u00e9is ter\u00e3o a\u00a0<strong>oportunidade de acompanharem as celebra\u00e7\u00f5es ao vivo pelas redes sociais<\/strong>, sem sa\u00edrem de seus lares e assim, viverem seus momentos de comunh\u00e3o e ora\u00e7\u00e3o neste momento de pandemia que estamos enfrentando. N\u00f3s destacamos alguns perfis oficiais das par\u00f3quias, bem como os hor\u00e1rios das Missas que ser\u00e3o transmitidas ao vivo. Confira:<\/p>\n<p><strong>WEBTV PASCOM Diocesana<\/strong><br \/>\n<strong>07h e 10h \u2013<\/strong> Santa Missa presidida pelo Pe. Edivaldo <a href=\"https:\/\/www.youtube.com\/DioceseTeixeiradeFreitas\">(Acompanhe por Aqui)<\/a><\/p>\n<p><strong>PASCOM Catedral S\u00e3o Pedro<\/strong><br \/>\n<strong>07h e 10h \u2013<\/strong> Santa Missa presidida pelo Pe. Edivaldo <a href=\"http:\/\/facebook.com\/catedralsaopedro\">(Acompanhe por Aqui)<\/a><\/p>\n<p><strong>PASCONS Paroquiais (Domingo)<\/strong><\/p>\n<p>07h \/ 18h \u2013 Par\u00f3quia S\u00e3o Francisco de Assis \u2013 Teixeira de Freitas <a href=\"http:\/\/facebook.com\/saofranciscotx\">(Acompanhe por Aqui)<\/a>\u00a0\/\u00a0<a href=\"http:\/\/youtube.com\/c\/PASCOMS%C3%A3oFranciscodeAssistx\">(Acompanhe por Aqui)<\/a><br \/>\n07h \u2013 Par\u00f3quia S\u00e3o Jos\u00e9 Oper\u00e1rio -Teixeira de Freitas <a href=\"https:\/\/www.facebook.com\/paroquiasaojoseoperariotx\/\">(Acompanhe por Aqui)<\/a><br \/>\n07h \/ 18h \u2013 Par\u00f3quia Santo Ant\u00f4nio (Distrito) \u2013 Tx. de Freitas <a href=\"http:\/\/facebook.com\/paroqsantoantoniodepadua\">(Acompanhe por Aqui)<\/a><br \/>\n07h \/ 17h &#8211; Par\u00f3quia Imaculada Concei\u00e7\u00e3o &#8211; Tx. de Freitas &#8211; <a href=\"http:\/\/facebook.com\/paroquiaimaculadaconceicaotx\">(Acompanhe por Aqui)<\/a><br \/>\n07h \/ 19h \u2013 Par\u00f3quia Nossa Senhora de F\u00e1tima \u2013 Itamaraju <a href=\"http:\/\/facebook.com\/paroquiadefatimaita\">(Acompanhe por Aqui)<\/a>\u00a0\/\u00a0<a href=\"https:\/\/www.youtube.com\/channel\/UC8c_4Q7eXFH3ylKDQVA1tEQ\">(Acompanhe por Aqui)<\/a><br \/>\n08h \u2013 Par\u00f3quia S\u00e3o Louren\u00e7o \u2013 Teixeira de Freitas <a href=\"http:\/\/facebook.com\/saolourencotx\">(Acompanhe por Aqui)<\/a>\u00a0\/\u00a0<a href=\"http:\/\/instagram.com\/saolourencotx\/\">(Acompanhe por Aqui)<\/a><br \/>\n08h \u2013 Par\u00f3quia S\u00e3o Jos\u00e9 \u2013 Mucuri <a href=\"http:\/\/facebook.com\/pascommucuri\">(Acompanhe por Aqui)<\/a>\u00a0\/\u00a0<a href=\"https:\/\/www.youtube.com\/channel\/UCSl6ZW8Mu94DI3YFwLxDKOw\">(Acompanhe por Aqui)<\/a><br \/>\n08h \u2013 Par\u00f3quia S\u00e3o Cosme e S\u00e3o Dami\u00e3o \u2013 Itamaraju <a href=\"https:\/\/www.youtube.com\/channel\/UCTSlUm5EmbPMQyDiboueDbQ\">(Acompanhe por Aqui)<\/a> \/ <a href=\"https:\/\/www.facebook.com\/PascomCosmeDamiaoIta\">(Acompanhe por Aqui)<\/a><br \/>\n09h \u2013 Par\u00f3quia Nossa Senhora da Concei\u00e7\u00e3o \u2013 Medeiros Neto <a href=\"https:\/\/www.facebook.com\/profile.php?id=100012127426438\">(Acompanhe por Aqui)<\/a><br \/>\n09h \/ 19h \u2013 Par\u00f3quia Nossa Senhora D\u2019Ajuda <a href=\"http:\/\/facebook.com\/maedajuda\">(Acompanhe por Aqui)<\/a><br \/>\n09h30 \/ 18h \u2013 Par\u00f3quia Santo Ant\u00f4nio \u2013 Teixeira de Freitas <a href=\"http:\/\/facebook.com\/paroquiasantoantoniotx\">(Acompanhe por Aqui)<\/a>\u00a0\/\u00a0<a href=\"https:\/\/www.youtube.com\/channel\/UC8ZqhpSoHqYe88YNasYRF5A\">(Acompanhe por Aqui)<\/a><br \/>\n10h \/ 15h &#8211; Quase-Par\u00f3quia S\u00e3o Miguel Arcanjo &#8211; <a href=\"http:\/\/facebook.com\/saomigueltx\">(Acompanhe por Aqui)<\/a><br \/>\n16h \u2013 Par\u00f3quia S\u00e3o Sebasti\u00e3o \u2013 Teixeira de Freitas <a href=\"http:\/\/facebook.com\/pascom.sebastiao\">(Acompanhe por Aqui)<\/a><br \/>\n17h \u2013 Par\u00f3quia S\u00e3o Paulo Ap\u00f3stolo \u2013 Teixeira de Freitas <a href=\"http:\/\/facebook.com\/paroquia.saopauloapostol\">(Acompanhe por Aqui)<\/a><br \/>\n17h \u2013 Par\u00f3quia Nossa Senhora das Gra\u00e7as \u2013 Teixeira de Freitas <a href=\"https:\/\/www.youtube.com\/channel\/UCsFYSseMsLJwUq6kRopMRyQ\">(Acompanhe por Aqui)<\/a><br \/>\n18h \u2013 Quase-Par\u00f3quia S\u00e3o Jos\u00e9 Esposo \u2013 Guarani <a href=\"http:\/\/facebook.com\/quaseparoquiasaojoseguarani\">(Acompanhe por Aqui)<\/a><br \/>\n18h30 \u2013 Par\u00f3quia Nossa Senhora da Concei\u00e7\u00e3o &#8211; Nova Vi\u00e7osa \u2013 <a href=\"http:\/\/facebook.com\/imaculadaconceicaonv\">(Acompanhe por Aqui)<\/a><\/p>\n<p><strong>R\u00e1dio Sucesso Fm (104,9)<\/strong><br \/>\n<strong>Hor\u00e1rio:\u00a0<\/strong>07h<\/p>\n<p><strong>R\u00e1dio Cara\u00edpe Fm (100,5)<\/strong><br \/>\n<strong>Hor\u00e1rio:\u00a0<\/strong>07h<\/p>\n<p><strong>TV PAI ETERNO HD (Canal 25.1 Digital)<\/strong><br \/>\n<strong>Hor\u00e1rio:\u00a0<\/strong>6h, 8h, 10h e 17h30<\/p>\n<p>&nbsp;<\/p>\n<div id='gallery-1' class='gallery galleryid-12570 gallery-columns-4 gallery-size-medium'><figure class='gallery-item'>\n\t\t\t<div class='gallery-icon landscape'>\n\t\t\t\t<a href='https:\/\/dioceseteixeiradefreitas.com.br\/wp-content\/uploads\/2021\/02\/Hor\u00e1rios-de-Missas-par\u00f3quias.png'><img loading=\"lazy\" decoding=\"async\" width=\"300\" height=\"300\" src=\"https:\/\/dioceseteixeiradefreitas.com.br\/wp-content\/uploads\/2021\/02\/Hor\u00e1rios-de-Missas-par\u00f3quias-300x300.png\" class=\"attachment-medium size-medium\" alt=\"\" srcset=\"https:\/\/dioceseteixeiradefreitas.com.br\/wp-content\/uploads\/2021\/02\/Hor\u00e1rios-de-Missas-par\u00f3quias-300x300.png 300w, https:\/\/dioceseteixeiradefreitas.com.br\/wp-content\/uploads\/2021\/02\/Hor\u00e1rios-de-Missas-par\u00f3quias-1024x1024.png 1024w, https:\/\/dioceseteixeiradefreitas.com.br\/wp-content\/uploads\/2021\/02\/Hor\u00e1rios-de-Missas-par\u00f3quias-150x150.png 150w, https:\/\/dioceseteixeiradefreitas.com.br\/wp-content\/uploads\/2021\/02\/Hor\u00e1rios-de-Missas-par\u00f3quias-768x768.png 768w, https:\/\/dioceseteixeiradefreitas.com.br\/wp-content\/uploads\/2021\/02\/Hor\u00e1rios-de-Missas-par\u00f3quias-600x600.png 600w, https:\/\/dioceseteixeiradefreitas.com.br\/wp-content\/uploads\/2021\/02\/Hor\u00e1rios-de-Missas-par\u00f3quias-100x100.png 100w, https:\/\/dioceseteixeiradefreitas.com.br\/wp-content\/uploads\/2021\/02\/Hor\u00e1rios-de-Missas-par\u00f3quias.png 1280w\" sizes=\"auto, (max-width: 300px) 100vw, 300px\" \/><\/a>\n\t\t\t<\/div><\/figure><figure class='gallery-item'>\n\t\t\t<div class='gallery-icon landscape'>\n\t\t\t\t<a href='https:\/\/dioceseteixeiradefreitas.com.br\/wp-content\/uploads\/2021\/02\/Hor\u00e1rios-de-Missas-07-06-Vers\u00e3o-2-r\u00e1dio.png'><img loading=\"lazy\" decoding=\"async\" width=\"300\" height=\"300\" src=\"https:\/\/dioceseteixeiradefreitas.com.br\/wp-content\/uploads\/2021\/02\/Hor\u00e1rios-de-Missas-07-06-Vers\u00e3o-2-r\u00e1dio-300x300.png\" class=\"attachment-medium size-medium\" alt=\"\" srcset=\"https:\/\/dioceseteixeiradefreitas.com.br\/wp-content\/uploads\/2021\/02\/Hor\u00e1rios-de-Missas-07-06-Vers\u00e3o-2-r\u00e1dio-300x300.png 300w, https:\/\/dioceseteixeiradefreitas.com.br\/wp-content\/uploads\/2021\/02\/Hor\u00e1rios-de-Missas-07-06-Vers\u00e3o-2-r\u00e1dio-1024x1024.png 1024w, https:\/\/dioceseteixeiradefreitas.com.br\/wp-content\/uploads\/2021\/02\/Hor\u00e1rios-de-Missas-07-06-Vers\u00e3o-2-r\u00e1dio-150x150.png 150w, https:\/\/dioceseteixeiradefreitas.com.br\/wp-content\/uploads\/2021\/02\/Hor\u00e1rios-de-Missas-07-06-Vers\u00e3o-2-r\u00e1dio-768x768.png 768w, https:\/\/dioceseteixeiradefreitas.com.br\/wp-content\/uploads\/2021\/02\/Hor\u00e1rios-de-Missas-07-06-Vers\u00e3o-2-r\u00e1dio-600x600.png 600w, https:\/\/dioceseteixeiradefreitas.com.br\/wp-content\/uploads\/2021\/02\/Hor\u00e1rios-de-Missas-07-06-Vers\u00e3o-2-r\u00e1dio-100x100.png 100w, https:\/\/dioceseteixeiradefreitas.com.br\/wp-content\/uploads\/2021\/02\/Hor\u00e1rios-de-Missas-07-06-Vers\u00e3o-2-r\u00e1dio.png 1280w\" sizes=\"auto, (max-width: 300px) 100vw, 300px\" \/><\/a>\n\t\t\t<\/div><\/figure><figure class='gallery-item'>\n\t\t\t<div class='gallery-icon landscape'>\n\t\t\t\t<a href='https:\/\/dioceseteixeiradefreitas.com.br\/wp-content\/uploads\/2021\/02\/radio-caraipe.png'><img loading=\"lazy\" decoding=\"async\" width=\"300\" height=\"300\" src=\"https:\/\/dioceseteixeiradefreitas.com.br\/wp-content\/uploads\/2021\/02\/radio-caraipe-300x300.png\" class=\"attachment-medium size-medium\" alt=\"\" srcset=\"https:\/\/dioceseteixeiradefreitas.com.br\/wp-content\/uploads\/2021\/02\/radio-caraipe-300x300.png 300w, https:\/\/dioceseteixeiradefreitas.com.br\/wp-content\/uploads\/2021\/02\/radio-caraipe-1024x1024.png 1024w, https:\/\/dioceseteixeiradefreitas.com.br\/wp-content\/uploads\/2021\/02\/radio-caraipe-150x150.png 150w, https:\/\/dioceseteixeiradefreitas.com.br\/wp-content\/uploads\/2021\/02\/radio-caraipe-768x768.png 768w, https:\/\/dioceseteixeiradefreitas.com.br\/wp-content\/uploads\/2021\/02\/radio-caraipe-600x600.png 600w, https:\/\/dioceseteixeiradefreitas.com.br\/wp-content\/uploads\/2021\/02\/radio-caraipe-100x100.png 100w, https:\/\/dioceseteixeiradefreitas.com.br\/wp-content\/uploads\/2021\/02\/radio-caraipe.png 1280w\" sizes=\"auto, (max-width: 300px) 100vw, 300px\" \/><\/a>\n\t\t\t<\/div><\/figure><figure class='gallery-item'>\n\t\t\t<div class='gallery-icon landscape'>\n\t\t\t\t<a href='https:\/\/dioceseteixeiradefreitas.com.br\/wp-content\/uploads\/2021\/02\/tv-pai-eterno.png'><img loading=\"lazy\" decoding=\"async\" width=\"300\" height=\"300\" src=\"https:\/\/dioceseteixeiradefreitas.com.br\/wp-content\/uploads\/2021\/02\/tv-pai-eterno-300x300.png\" class=\"attachment-medium size-medium\" alt=\"\" srcset=\"https:\/\/dioceseteixeiradefreitas.com.br\/wp-content\/uploads\/2021\/02\/tv-pai-eterno-300x300.png 300w, https:\/\/dioceseteixeiradefreitas.com.br\/wp-content\/uploads\/2021\/02\/tv-pai-eterno-1024x1024.png 1024w, https:\/\/dioceseteixeiradefreitas.com.br\/wp-content\/uploads\/2021\/02\/tv-pai-eterno-150x150.png 150w, https:\/\/dioceseteixeiradefreitas.com.br\/wp-content\/uploads\/2021\/02\/tv-pai-eterno-768x768.png 768w, https:\/\/dioceseteixeiradefreitas.com.br\/wp-content\/uploads\/2021\/02\/tv-pai-eterno-600x600.png 600w, https:\/\/dioceseteixeiradefreitas.com.br\/wp-content\/uploads\/2021\/02\/tv-pai-eterno-100x100.png 100w, https:\/\/dioceseteixeiradefreitas.com.br\/wp-content\/uploads\/2021\/02\/tv-pai-eterno.png 1280w\" sizes=\"auto, (max-width: 300px) 100vw, 300px\" \/><\/a>\n\t\t\t<\/div><\/figure>\n\t\t<\/div>\n\n","protected":false},"excerpt":{"rendered":"<p>Diante da suspens\u00e3o das celebra\u00e7\u00f5es em nossa diocese com a presen\u00e7a de fi\u00e9is\u00a0nas Foranias: Santo Ant\u00f4nio, Imaculada Concei\u00e7\u00e3o e S\u00e3o Jos\u00e9 e de acordo com as Notas Pastorais 07, emitida pelo Bispo Diocesano nos dias 23 de fevereiro, de acordo com os Decretos Estaduais e Municipais, visando a prote\u00e7\u00e3o do povo de Deus, uma vez &hellip;<\/p>\n","protected":false},"author":1,"featured_media":9892,"comment_status":"closed","ping_status":"closed","sticky":false,"template":"","format":"standard","meta":{"footnotes":""},"categories":[100],"tags":[524,425,486,488],"class_list":["post-12570","post","type-post","status-publish","format-standard","has-post-thumbnail","hentry","category-noticias-diocesanas","tag-covid-19","tag-diocese-teixeira-de-freitas-caravelas","tag-horarios-de-missas","tag-missas"],"_links":{"self":[{"href":"https:\/\/dioceseteixeiradefreitas.com.br\/index.php?rest_route=\/wp\/v2\/posts\/12570","targetHints":{"allow":["GET"]}}],"collection":[{"href":"https:\/\/dioceseteixeiradefreitas.com.br\/index.php?rest_route=\/wp\/v2\/posts"}],"about":[{"href":"https:\/\/dioceseteixeiradefreitas.com.br\/index.php?rest_route=\/wp\/v2\/types\/post"}],"author":[{"embeddable":true,"href":"https:\/\/dioceseteixeiradefreitas.com.br\/index.php?rest_route=\/wp\/v2\/users\/1"}],"replies":[{"embeddable":true,"href":"https:\/\/dioceseteixeiradefreitas.com.br\/index.php?rest_route=%2Fwp%2Fv2%2Fcomments&post=12570"}],"version-history":[{"count":5,"href":"https:\/\/dioceseteixeiradefreitas.com.br\/index.php?rest_route=\/wp\/v2\/posts\/12570\/revisions"}],"predecessor-version":[{"id":12579,"href":"https:\/\/dioceseteixeiradefreitas.com.br\/index.php?rest_route=\/wp\/v2\/posts\/12570\/revisions\/12579"}],"wp:featuredmedia":[{"embeddable":true,"href":"https:\/\/dioceseteixeiradefreitas.com.br\/index.php?rest_route=\/wp\/v2\/media\/9892"}],"wp:attachment":[{"href":"https:\/\/dioceseteixeiradefreitas.com.br\/index.php?rest_route=%2Fwp%2Fv2%2Fmedia&parent=12570"}],"wp:term":[{"taxonomy":"category","embeddable":true,"href":"https:\/\/dioceseteixeiradefreitas.com.br\/index.php?rest_route=%2Fwp%2Fv2%2Fcategories&post=12570"},{"taxonomy":"post_tag","embeddable":true,"href":"https:\/\/dioceseteixeiradefreitas.com.br\/index.php?rest_route=%2Fwp%2Fv2%2Ftags&post=12570"}],"curies":[{"name":"wp","href":"https:\/\/api.w.org\/{rel}","templated":true}]}}