{"id":12598,"date":"2021-03-08T15:00:45","date_gmt":"2021-03-08T18:00:45","guid":{"rendered":"https:\/\/dioceseteixeiradefreitas.com.br\/?p=12598"},"modified":"2021-03-08T15:00:45","modified_gmt":"2021-03-08T18:00:45","slug":"normas-para-as-celebracoes-da-semana-santa-em-tempos-de-pandemia","status":"publish","type":"post","link":"https:\/\/dioceseteixeiradefreitas.com.br\/?p=12598","title":{"rendered":"Normas para as celebra\u00e7\u00f5es da Semana Santa em tempos de pandemia"},"content":{"rendered":"<figure id=\"attachment_12599\" aria-describedby=\"caption-attachment-12599\" style=\"width: 2048px\" class=\"wp-caption alignnone\"><img loading=\"lazy\" decoding=\"async\" class=\"wp-image-12599 size-full\" style=\"font-weight: bold; background-color: transparent; color: #767676;\" src=\"https:\/\/dioceseteixeiradefreitas.com.br\/wp-content\/uploads\/2021\/03\/cathopic_1486479801273481.jpg\" alt=\"\" width=\"2048\" height=\"1367\" srcset=\"https:\/\/dioceseteixeiradefreitas.com.br\/wp-content\/uploads\/2021\/03\/cathopic_1486479801273481.jpg 2048w, https:\/\/dioceseteixeiradefreitas.com.br\/wp-content\/uploads\/2021\/03\/cathopic_1486479801273481-300x200.jpg 300w, https:\/\/dioceseteixeiradefreitas.com.br\/wp-content\/uploads\/2021\/03\/cathopic_1486479801273481-1024x684.jpg 1024w, https:\/\/dioceseteixeiradefreitas.com.br\/wp-content\/uploads\/2021\/03\/cathopic_1486479801273481-768x513.jpg 768w, https:\/\/dioceseteixeiradefreitas.com.br\/wp-content\/uploads\/2021\/03\/cathopic_1486479801273481-1536x1025.jpg 1536w, https:\/\/dioceseteixeiradefreitas.com.br\/wp-content\/uploads\/2021\/03\/cathopic_1486479801273481-600x400.jpg 600w\" sizes=\"auto, (max-width: 2048px) 100vw, 2048px\" \/><figcaption id=\"caption-attachment-12599\" class=\"wp-caption-text\">Semana Santa &#8211; Foto: Cathopic\/Reprodu\u00e7\u00e3o<\/figcaption><\/figure>\n<p>Considerando que a pandemia do Covid-19 &#8220;trouxe muitas mudan\u00e7as tamb\u00e9m na forma usual de celebrar a liturgia&#8221;, sublinha a Congrega\u00e7\u00e3o para o Culto Divino e a Disciplina dos Sacramentos, em uma nota assinada pelo prefeito, cardeal Robert Sarah, e pelo secret\u00e1rio, o arcebispo Arthur Roche.<\/p>\n<p>A nota, enviada aos bispos e \u00e0s Confer\u00eancias episcopais de todo o mundo, recorda que \u201cem muitos pa\u00edses ainda est\u00e3o em vigor r\u00edgidas condi\u00e7\u00f5es de fechamento, que impossibilitam a presen\u00e7a dos fi\u00e9is nas igrejas, enquanto em outros \u00e9 retomada uma vida de culto mais normal.&#8221;<\/p>\n<p>A Congrega\u00e7\u00e3o para o Culto Divino indica as disposi\u00e7\u00f5es a serem observadas na celebra\u00e7\u00e3o dos ritos deste momento central do ano lit\u00fargico.<\/p>\n<h2>Uso das redes sociais<\/h2>\n<p>O texto afirma que \u201co uso das redes sociais ajuda muito os pastores a oferecer apoio e proximidade \u00e0s suas comunidades durante a pandemia\u201d.<\/p>\n<p>\u201cPara as celebra\u00e7\u00f5es da Semana Santa sugere-se facilitar e privilegiar a difus\u00e3o midi\u00e1tica das celebra\u00e7\u00f5es presididas pelo bispo, encorajando os fi\u00e9is impossibilitados de frequentar a pr\u00f3pria igreja a acompanharem as celebra\u00e7\u00f5es diocesanas, como sinal de unidade\u201d.<\/p>\n<p>Em todas as celebra\u00e7\u00f5es, em acordo com a Confer\u00eancia Episcopal, \u00e9 necess\u00e1rio &#8220;prestar aten\u00e7\u00e3o a alguns momentos e gestos particulares, em conformidade com as exig\u00eancias sanit\u00e1rias\u201d. Tamb\u00e9m \u00e9 incentivada &#8220;a prepara\u00e7\u00e3o de subs\u00eddios adequados para a ora\u00e7\u00e3o familiar e pessoal, valorizando tamb\u00e9m algumas partes da Liturgia das Horas&#8221;.<\/p>\n<h2>Em vigor o Decreto do Papa<\/h2>\n<p>A Congrega\u00e7\u00e3o para o Culto Divino destaca que continua v\u00e1lido o Decreto do Dicast\u00e9rio, a pedido do Papa Francisco, de 25 de mar\u00e7o de 2020. Continuam valendo, portanto, as indica\u00e7\u00f5es do ano passado para as celebra\u00e7\u00f5es do Domingo de Ramos, da Quinta-feira Santa e da Vig\u00edlia Pascal.<\/p>\n<h2>Sobre o Domingo de Ramos<\/h2>\n<p>A celebra\u00e7\u00e3o do Domingo de Ramos dever\u00e1 ser realizada \u201c<em>dentro do pr\u00e9dio sagrado<\/em>\u201d sem a tradicional prociss\u00e3o. Pede-se que as catedrais adotem &#8220;<em>a segunda forma prevista pelo Missal Romano, enquanto nas igrejas paroquiais e noutros locais a terceira<\/em>&#8220;.<\/p>\n<h2>Missa do Crisma<\/h2>\n<p>A Missa Crismal, ou Missa do Crisma, pode ser transferida para outra data mais adequada, se necess\u00e1rio, isso dependendo da situa\u00e7\u00e3o do pa\u00eds, porque conv\u00e9m que seja assistida por \u201c<em>uma significativa representa\u00e7\u00e3o de pastores, ministros e fi\u00e9is<\/em>\u201d.<\/p>\n<h2>Missa\u00a0<i>in Coena Domini<\/i><\/h2>\n<p>Para a Quinta-feira Santa, fica estabelecido que seja omitido o \u201c<em>Lava-p\u00e9s<\/em>\u201d, j\u00e1 opcional. A Prociss\u00e3o final tamb\u00e9m n\u00e3o ser\u00e1 realizada e o Sant\u00edssimo Sacramento ser\u00e1 guardado no Tabern\u00e1culo. Excepcionalmente, \u00e9 concedida aos presb\u00edteros a faculdade de celebrar a Missa &#8220;<em>sem a participa\u00e7\u00e3o do povo, em local adequado<\/em>&#8220;.<\/p>\n<h2>Sexta-feira Santa<\/h2>\n<p>Na celebra\u00e7\u00e3o, Durante a ora\u00e7\u00e3o universal, caber\u00e1 aos bispos &#8220;<em>preparar uma inten\u00e7\u00e3o especial para quem se encontra em situa\u00e7\u00e3o de desorienta\u00e7\u00e3o, os doentes, os defuntos<\/em>\u201d.<\/p>\n<p>Modificado tamb\u00e9m o ato de adora\u00e7\u00e3o \u00e0 Cruz. O beijo, conforme especificado no decreto de 25 de mar\u00e7o de 2020, \u201c<em>\u00e9 limitado apenas ao celebrante<\/em>\u201d.<\/p>\n<h2>Vig\u00edlia pascal<\/h2>\n<p>Em rela\u00e7\u00e3o \u00e0 Vig\u00edlia Pascal, pede-se que seja celebrada &#8220;<em>exclusivamente nas igrejas Catedrais e Paroquiais<\/em>&#8220;, e que para a liturgia batismal &#8220;<em>se mantenha apenas a renova\u00e7\u00e3o das promessas batismais<\/em>&#8220;.<\/p>\n<p>Por Vatican Media<\/p>\n","protected":false},"excerpt":{"rendered":"<p>Considerando que a pandemia do Covid-19 &#8220;trouxe muitas mudan\u00e7as tamb\u00e9m na forma usual de celebrar a liturgia&#8221;, sublinha a Congrega\u00e7\u00e3o para o Culto Divino e a Disciplina dos Sacramentos, em uma nota assinada pelo prefeito, cardeal Robert Sarah, e pelo secret\u00e1rio, o arcebispo Arthur Roche. A nota, enviada aos bispos e \u00e0s Confer\u00eancias episcopais de &hellip;<\/p>\n","protected":false},"author":1,"featured_media":12599,"comment_status":"closed","ping_status":"closed","sticky":false,"template":"","format":"standard","meta":{"footnotes":""},"categories":[103],"tags":[790,511,71,497,791],"class_list":["post-12598","post","type-post","status-publish","format-standard","has-post-thumbnail","hentry","category-noticias-do-vaticano","tag-normas-e-procedimentos","tag-pandemia","tag-papa-francisco","tag-semana-santa","tag-vaticano-anuncia-normas"],"_links":{"self":[{"href":"https:\/\/dioceseteixeiradefreitas.com.br\/index.php?rest_route=\/wp\/v2\/posts\/12598","targetHints":{"allow":["GET"]}}],"collection":[{"href":"https:\/\/dioceseteixeiradefreitas.com.br\/index.php?rest_route=\/wp\/v2\/posts"}],"about":[{"href":"https:\/\/dioceseteixeiradefreitas.com.br\/index.php?rest_route=\/wp\/v2\/types\/post"}],"author":[{"embeddable":true,"href":"https:\/\/dioceseteixeiradefreitas.com.br\/index.php?rest_route=\/wp\/v2\/users\/1"}],"replies":[{"embeddable":true,"href":"https:\/\/dioceseteixeiradefreitas.com.br\/index.php?rest_route=%2Fwp%2Fv2%2Fcomments&post=12598"}],"version-history":[{"count":1,"href":"https:\/\/dioceseteixeiradefreitas.com.br\/index.php?rest_route=\/wp\/v2\/posts\/12598\/revisions"}],"predecessor-version":[{"id":12600,"href":"https:\/\/dioceseteixeiradefreitas.com.br\/index.php?rest_route=\/wp\/v2\/posts\/12598\/revisions\/12600"}],"wp:featuredmedia":[{"embeddable":true,"href":"https:\/\/dioceseteixeiradefreitas.com.br\/index.php?rest_route=\/wp\/v2\/media\/12599"}],"wp:attachment":[{"href":"https:\/\/dioceseteixeiradefreitas.com.br\/index.php?rest_route=%2Fwp%2Fv2%2Fmedia&parent=12598"}],"wp:term":[{"taxonomy":"category","embeddable":true,"href":"https:\/\/dioceseteixeiradefreitas.com.br\/index.php?rest_route=%2Fwp%2Fv2%2Fcategories&post=12598"},{"taxonomy":"post_tag","embeddable":true,"href":"https:\/\/dioceseteixeiradefreitas.com.br\/index.php?rest_route=%2Fwp%2Fv2%2Ftags&post=12598"}],"curies":[{"name":"wp","href":"https:\/\/api.w.org\/{rel}","templated":true}]}}